{"id":3998,"date":"2017-01-31T16:33:11","date_gmt":"2017-01-31T19:33:11","guid":{"rendered":"http:\/\/www.ilheusnoticias.net.br\/v1\/?p=3998"},"modified":"2017-01-31T16:33:11","modified_gmt":"2017-01-31T19:33:11","slug":"ibicarai-cadastro-de-estudante-da-rede-estadual-para-o-transporte-escolar-encerra-nesta-sexta","status":"publish","type":"post","link":"https:\/\/www.ilheusnoticias.net.br\/v1\/2017\/01\/31\/ibicarai-cadastro-de-estudante-da-rede-estadual-para-o-transporte-escolar-encerra-nesta-sexta\/","title":{"rendered":"Ibicarai: Cadastro de estudante da rede estadual para o transporte escolar encerra nesta sexta"},"content":{"rendered":"<p>&nbsp;<\/p>\n<p><img loading=\"lazy\" class=\"aligncenter\" src=\"https:\/\/attachment.outlook.office.net\/owa\/laudiceacarvalho62@hotmail.com\/service.svc\/s\/GetAttachmentThumbnail?id=AQMkADAwATYwMAItY2MANTgtODQxNC0wMAItMDAKAEYAAANqOYr2uMN4Qoz6pFp%2FhFoeBwAsxvM0hWqyT6EfSeQ8%2BPgA8AAAAgEMAAAALMbzNIVqsk%2BhH0nkPPj4APAAAABuxXeqAAAAARIAEACd7m3Wz%2BEAQryj6bX6Fjx3&amp;thumbnailType=2&amp;X-OWA-CANARY=3FVZi-dIwkaE4KHEwqwK9MBp5OMPStQYaxU84DhJiQncMKbGyD7lRn_FnXIan1ogt9Br9Kuj1xc.&amp;token=8290a3d1-d7af-431a-bc6d-aea299ea130a&amp;owa=outlook.live.com&amp;isc=1\" alt=\"\" width=\"560\" height=\"296\" \/><\/p>\n<p>&nbsp;<\/p>\n<p>A Prefeitura de Ibicara\u00ed, atrav\u00e9s da secretaria de Educa\u00e7\u00e3o, est\u00e1 realizando, desde a \u00faltima quinta-feira, dia 26, o cadastro de estudantes da rede estadual de ensino, que residem na zona rural e distritos e necessitam utilizar o transporte escolar do munic\u00edpio. O prazo para o cadastro encerra na pr\u00f3xima sexta-feira, dia 03 de fevereiro.<\/p>\n<p>Os interessados devem comparecer na Secretaria de Educa\u00e7\u00e3o, localizada na Rua Tiradentes, n\u00ba 23, Centro, com a certid\u00e3o de nascimento ou RG, comprovante de matr\u00edcula, comprovante de resid\u00eancia e foto 3&#215;4 em m\u00e3os. O atendimento \u00e9 das 8h \u00e0s 12h, e os menores de 18 anos devem estar acompanhados dos respons\u00e1veis.<\/p>\n<p>&nbsp;<\/p>\n<p><b>Assessoria de comunica\u00e7\u00e3o \u2013 Ibicara\u00ed<\/b><\/p>\n","protected":false},"excerpt":{"rendered":"<p>&nbsp; &nbsp; A Prefeitura de Ibicara\u00ed, atrav\u00e9s da secretaria de Educa\u00e7\u00e3o, est\u00e1 realizando, desde a \u00faltima quinta-feira, dia 26, o cadastro de estudantes da rede estadual de ensino, que residem na zona rural e distritos e necessitam utilizar o transporte escolar do munic\u00edpio. O prazo para o cadastro encerra na pr\u00f3xima sexta-feira, dia 03 de [&hellip;]<\/p>\n","protected":false},"author":2,"featured_media":0,"comment_status":"open","ping_status":"open","sticky":false,"template":"","format":"standard","meta":{"_links_to":"","_links_to_target":""},"categories":[1],"tags":[],"_links":{"self":[{"href":"https:\/\/www.ilheusnoticias.net.br\/v1\/wp-json\/wp\/v2\/posts\/3998"}],"collection":[{"href":"https:\/\/www.ilheusnoticias.net.br\/v1\/wp-json\/wp\/v2\/posts"}],"about":[{"href":"https:\/\/www.ilheusnoticias.net.br\/v1\/wp-json\/wp\/v2\/types\/post"}],"author":[{"embeddable":true,"href":"https:\/\/www.ilheusnoticias.net.br\/v1\/wp-json\/wp\/v2\/users\/2"}],"replies":[{"embeddable":true,"href":"https:\/\/www.ilheusnoticias.net.br\/v1\/wp-json\/wp\/v2\/comments?post=3998"}],"version-history":[{"count":1,"href":"https:\/\/www.ilheusnoticias.net.br\/v1\/wp-json\/wp\/v2\/posts\/3998\/revisions"}],"predecessor-version":[{"id":3999,"href":"https:\/\/www.ilheusnoticias.net.br\/v1\/wp-json\/wp\/v2\/posts\/3998\/revisions\/3999"}],"wp:attachment":[{"href":"https:\/\/www.ilheusnoticias.net.br\/v1\/wp-json\/wp\/v2\/media?parent=3998"}],"wp:term":[{"taxonomy":"category","embeddable":true,"href":"https:\/\/www.ilheusnoticias.net.br\/v1\/wp-json\/wp\/v2\/categories?post=3998"},{"taxonomy":"post_tag","embeddable":true,"href":"https:\/\/www.ilheusnoticias.net.br\/v1\/wp-json\/wp\/v2\/tags?post=3998"}],"curies":[{"name":"wp","href":"https:\/\/api.w.org\/{rel}","templated":true}]}}