{"id":3972,"date":"2017-01-30T14:44:10","date_gmt":"2017-01-30T17:44:10","guid":{"rendered":"http:\/\/www.ilheusnoticias.net.br\/v1\/?p=3972"},"modified":"2017-01-30T14:44:10","modified_gmt":"2017-01-30T17:44:10","slug":"secretaria-de-justica-realiza-campanha-pela-visibilidade-trans","status":"publish","type":"post","link":"https:\/\/www.ilheusnoticias.net.br\/v1\/2017\/01\/30\/secretaria-de-justica-realiza-campanha-pela-visibilidade-trans\/","title":{"rendered":"Secretaria de Justi\u00e7a realiza campanha pela Visibilidade Trans"},"content":{"rendered":"<p><img loading=\"lazy\" class=\"aligncenter\" src=\"https:\/\/attachment.outlook.office.net\/owa\/laudiceacarvalho62@hotmail.com\/service.svc\/s\/GetAttachmentThumbnail?id=AQMkADAwATYwMAItY2MANTgtODQxNC0wMAItMDAKAEYAAANqOYr2uMN4Qoz6pFp%2FhFoeBwAsxvM0hWqyT6EfSeQ8%2BPgA8AAAAgEMAAAALMbzNIVqsk%2BhH0nkPPj4APAAAABuxXdgAAAAARIAEAC5Dcy6EWSLQZSeW5JVQsg7&amp;thumbnailType=2&amp;X-OWA-CANARY=STKWHWRjVkei-F2mAlVREhBizHg3SdQYBHz9DIdUYxBPuv1LDA57Po5q62VeVuP_1FL5KwMhNWM.&amp;token=9d6210af-7347-4ce8-b723-723c1abd309f&amp;owa=outlook.live.com&amp;isc=1\" alt=\"\" width=\"514\" height=\"342\" \/><\/p>\n<p>&nbsp;<\/p>\n<p>Para comemorar o Dia Nacional da Visibilidade Trans (29 de janeiro), o Governo do Estado, por meio da Secretaria de Justi\u00e7a Direitos Humanos e Desenvolvimento Social (SJDHDS), realiza a Campanha pela Visibilidade Trans, com pe\u00e7as publicit\u00e1rias, onde o p\u00fablico trans local se v\u00ea representado. O objetivo \u00e9 conclamar a sociedade a entender a import\u00e2ncia do respeito ao nome social e \u00e0 inclus\u00e3o no mercado formal de trabalho para a popula\u00e7\u00e3o trans.<\/p>\n<p><!--more--><br \/>\nCom o texto &#8216;Minhas roupas mudaram; Meus sapatos mudaram; Meu cabelo mudou; Minha postura mudou; Se tudo est\u00e1 diferente, por que meu nome no documento deveria continuar igual?&#8217;, a campanha chama aten\u00e7\u00e3o ao tratamento pelo nome que melhor representa a identidade de g\u00eanero de Travestis e Transexuais. As pe\u00e7as, veiculadas nas redes sociais do Governo e da Antra, convidam ainda a colocar na pauta do Congresso a lei que desburocratiza a mudan\u00e7a do nome nos documentos, por meio do abaixo assinado no site\u00a0<a id=\"LPlnk714130\" href=\"http:\/\/avaaz.org\/andra\" target=\"_blank\">avaaz.org\/andra<\/a>.<\/p>\n<p>O lan\u00e7amento, na sexta-feira (27), realizado em parceria com a Associa\u00e7\u00e3o Nacional de Travestis e Transexuais (Antra), integrou a programa\u00e7\u00e3o da OcupaDinha pela Visibilidade Trans, no Largo da Dinha, no bairro do Rio Vermelho, em Salvador, levou ao espa\u00e7o transexuais e travestis baianos, al\u00e9m de simpatizantes da causa.<\/p>\n<div align=\"center\"><\/div>\n<p>Para o coordenador estadual de Pol\u00edticas LGBT, Vinicius Alves, \u201ca iniciativa se configura em um momento de reconhecimento da popula\u00e7\u00e3o trans, grupo mais vulner\u00e1vel aos crimes de homofobia e transfobia, e que, pela primeira, vez teve o apoio do Governo do Estado\u201d. O jovem Jo\u00e3o Hugo, 23 anos, falou sobre a sua historia de vida e a import\u00e2ncia da milit\u00e2ncia em prol da causa.<\/p>\n<p>\u201cQuando a gente descobre que est\u00e1 no corpo certo, mas a alma n\u00e3o condiz com muita coisa, resolvemos fazer com que o nosso corpo de adeque, por meio de processo um tanto doloroso, mas de resist\u00eancia contra toda transfobia institucional\u201d, disse Jo\u00e3o, salientando ainda ser \u201cpreciso lutar contra o preconceito institucionalizado, por mais acesso \u00e0 informa\u00e7\u00e3o e servi\u00e7o de sa\u00fade para a popula\u00e7\u00e3o trans\u201d.<\/p>\n<p>A campanha foi idealizada, segundo a presidente Antra, Keila Simpson, em 2003, pelo ent\u00e3o Programa Nacional de Aids, em parceria com a entidade, sendo lan\u00e7ada em 29 de janeiro de 2004, no Congresso Nacional. Este ano, a campanha foi doada pela ag\u00eancia de publicidade L\u00e9o Burnet, de S\u00e3o Paulo. Registrada em 2000, a Antra \u00e9 uma rede nacional iniciada em 1993, na cidade de Porto Alegre (RS), protagonizando, desde ent\u00e3o, diversas a\u00e7\u00f5es pelo Brasil, sempre respondendo \u00e0s demandas das suas 116 institui\u00e7\u00f5es afiliadas em todo o Pa\u00eds.<\/p>\n","protected":false},"excerpt":{"rendered":"<p>&nbsp; Para comemorar o Dia Nacional da Visibilidade Trans (29 de janeiro), o Governo do Estado, por meio da Secretaria de Justi\u00e7a Direitos Humanos e Desenvolvimento Social (SJDHDS), realiza a Campanha pela Visibilidade Trans, com pe\u00e7as publicit\u00e1rias, onde o p\u00fablico trans local se v\u00ea representado. O objetivo \u00e9 conclamar a sociedade a entender a import\u00e2ncia [&hellip;]<\/p>\n","protected":false},"author":2,"featured_media":0,"comment_status":"open","ping_status":"open","sticky":false,"template":"","format":"standard","meta":{"_links_to":"","_links_to_target":""},"categories":[1],"tags":[],"_links":{"self":[{"href":"https:\/\/www.ilheusnoticias.net.br\/v1\/wp-json\/wp\/v2\/posts\/3972"}],"collection":[{"href":"https:\/\/www.ilheusnoticias.net.br\/v1\/wp-json\/wp\/v2\/posts"}],"about":[{"href":"https:\/\/www.ilheusnoticias.net.br\/v1\/wp-json\/wp\/v2\/types\/post"}],"author":[{"embeddable":true,"href":"https:\/\/www.ilheusnoticias.net.br\/v1\/wp-json\/wp\/v2\/users\/2"}],"replies":[{"embeddable":true,"href":"https:\/\/www.ilheusnoticias.net.br\/v1\/wp-json\/wp\/v2\/comments?post=3972"}],"version-history":[{"count":1,"href":"https:\/\/www.ilheusnoticias.net.br\/v1\/wp-json\/wp\/v2\/posts\/3972\/revisions"}],"predecessor-version":[{"id":3973,"href":"https:\/\/www.ilheusnoticias.net.br\/v1\/wp-json\/wp\/v2\/posts\/3972\/revisions\/3973"}],"wp:attachment":[{"href":"https:\/\/www.ilheusnoticias.net.br\/v1\/wp-json\/wp\/v2\/media?parent=3972"}],"wp:term":[{"taxonomy":"category","embeddable":true,"href":"https:\/\/www.ilheusnoticias.net.br\/v1\/wp-json\/wp\/v2\/categories?post=3972"},{"taxonomy":"post_tag","embeddable":true,"href":"https:\/\/www.ilheusnoticias.net.br\/v1\/wp-json\/wp\/v2\/tags?post=3972"}],"curies":[{"name":"wp","href":"https:\/\/api.w.org\/{rel}","templated":true}]}}