{"id":3840,"date":"2017-01-24T11:24:58","date_gmt":"2017-01-24T14:24:58","guid":{"rendered":"http:\/\/www.ilheusnoticias.net.br\/v1\/?p=3840"},"modified":"2017-01-24T11:24:58","modified_gmt":"2017-01-24T14:24:58","slug":"saude-de-itabuna-mantem-rotina-de-vacinacao-conta-febre-amarela","status":"publish","type":"post","link":"https:\/\/www.ilheusnoticias.net.br\/v1\/2017\/01\/24\/saude-de-itabuna-mantem-rotina-de-vacinacao-conta-febre-amarela\/","title":{"rendered":"Sa\u00fade de Itabuna mant\u00e9m rotina de vacina\u00e7\u00e3o conta febre amarela"},"content":{"rendered":"<header>\n<h2 class=\"entry-title\"><a href=\"http:\/\/www.ilheusnoticias.net.br\/v1\/wp-content\/uploads\/2017\/01\/images-1.jpg\" rel=\"attachment wp-att-3841\"><img loading=\"lazy\" class=\"aligncenter size-full wp-image-3841\" src=\"http:\/\/www.ilheusnoticias.net.br\/v1\/wp-content\/uploads\/2017\/01\/images-1.jpg\" alt=\"images\" width=\"201\" height=\"123\" \/><\/a><\/h2>\n<\/header>\n<div class=\"entry-content\">\n<p class=\"x_MsoNormal\"><span class=\"x_gmail-apple-converted-space\">A<\/span> Secretaria de Sa\u00fade de Itabuna mant\u00e9m na maior parte das Unidades de Sa\u00fade, vacinas rotineiras contra v\u00e1rios tipos de doen\u00e7a, inclusive a febre amarela. A imuniza\u00e7\u00e3o \u00e9 destinada a crian\u00e7as a partir de nove meses e adultos que ainda n\u00e3o foram imunizados. O atendimento \u00e9 feito das 7h30min \u00e0s 17 horas de segunda a sexta-feira, mediante a apresenta\u00e7\u00e3o do cart\u00e3o de vacina e um documento de identifica\u00e7\u00e3o.<\/p>\n<p class=\"x_MsoNormal\">A coordenadora do Programa de Vacina\u00e7\u00e3o da Vigil\u00e2ncia Epidemiol\u00f3gica, enfermeira Camila Brito, disse que a imuniza\u00e7\u00e3o contra a febre amarela para idosos acima dos 60 anos s\u00f3 deve ser feita com recomenda\u00e7\u00e3o m\u00e9dica. Segundo ela, o Minist\u00e9rio da Sa\u00fade tamb\u00e9m n\u00e3o recomenda vacina contra esse tipo de doen\u00e7a para gestantes ou as que estiverem amamentando.<\/p>\n<\/div>\n<p class=\"x_MsoNormal\">\n<p class=\"x_MsoNormal\">\n<p class=\"x_MsoNormal\"><!--more--><\/p>\n<div class=\"entry-content\">\n<p class=\"x_MsoNormal\">Camila Brito adiantou que, embora a Secretaria de Sa\u00fade mantenha a imuniza\u00e7\u00e3o contra febre amarela, Itabuna n\u00e3o est\u00e1 na rota da campanha nacional, porque n\u00e3o houve nenhum registrado da doen\u00e7a nos \u00faltimos anos no \u00a0munic\u00edpio.<\/p>\n<p class=\"x_MsoNormal\">Ela explicou que a imuniza\u00e7\u00e3o n\u00e3o s\u00f3 contra a febre amarela, mas tamb\u00e9m contra outros tipos como o HPV e a paralisia infantil, por exemplo, faz parte da rotina normal no calend\u00e1rio de imuniza\u00e7\u00e3o realizada o ano inteiro em Itabuna.\u00a0 Ressalta, entretanto, que a pessoa que j\u00e1 tomou uma dose da vacina contra a febre amarela, tem um prazo de at\u00e9 10 anos para receber o refor\u00e7o. \u201cA partir da segunda dose n\u00e3o h\u00e1 mais necessidade de nenhuma outra, pois a pessoa estar\u00e1 imune contra essa doen\u00e7a para o reto da vida\u201d, assegura.<\/p>\n<p class=\"x_MsoNormal\">O secret\u00e1rio de Sa\u00fade de Itabuna, Victor Lavinsky, ressaltou a import\u00e2ncia da imuniza\u00e7\u00e3o, lembrando que a vacina ainda \u00e9 uma das formas mais eficazes na preven\u00e7\u00e3o de doen\u00e7as, n\u00e3o apenas para uma pessoa, mas na vida de toda uma comunidade.\u00a0 \u201cAl\u00e9m disso, a maior parte das vacinas \u00e9 gratuita e encontrada o ano inteiro nas Unidades de Sa\u00fade de nosso munic\u00edpio\u201d.\u00a0 Diz ainda que al\u00e9m da imuniza\u00e7\u00e3o \u00e9 importante a fam\u00edlia manter o cart\u00e3o de vacina em dia tanto das crian\u00e7as quanto dos adultos.<\/p>\n<\/div>\n","protected":false},"excerpt":{"rendered":"<p>A Secretaria de Sa\u00fade de Itabuna mant\u00e9m na maior parte das Unidades de Sa\u00fade, vacinas rotineiras contra v\u00e1rios tipos de doen\u00e7a, inclusive a febre amarela. A imuniza\u00e7\u00e3o \u00e9 destinada a crian\u00e7as a partir de nove meses e adultos que ainda n\u00e3o foram imunizados. O atendimento \u00e9 feito das 7h30min \u00e0s 17 horas de segunda a [&hellip;]<\/p>\n","protected":false},"author":2,"featured_media":0,"comment_status":"open","ping_status":"open","sticky":false,"template":"","format":"standard","meta":{"_links_to":"","_links_to_target":""},"categories":[7,8],"tags":[402],"_links":{"self":[{"href":"https:\/\/www.ilheusnoticias.net.br\/v1\/wp-json\/wp\/v2\/posts\/3840"}],"collection":[{"href":"https:\/\/www.ilheusnoticias.net.br\/v1\/wp-json\/wp\/v2\/posts"}],"about":[{"href":"https:\/\/www.ilheusnoticias.net.br\/v1\/wp-json\/wp\/v2\/types\/post"}],"author":[{"embeddable":true,"href":"https:\/\/www.ilheusnoticias.net.br\/v1\/wp-json\/wp\/v2\/users\/2"}],"replies":[{"embeddable":true,"href":"https:\/\/www.ilheusnoticias.net.br\/v1\/wp-json\/wp\/v2\/comments?post=3840"}],"version-history":[{"count":1,"href":"https:\/\/www.ilheusnoticias.net.br\/v1\/wp-json\/wp\/v2\/posts\/3840\/revisions"}],"predecessor-version":[{"id":3842,"href":"https:\/\/www.ilheusnoticias.net.br\/v1\/wp-json\/wp\/v2\/posts\/3840\/revisions\/3842"}],"wp:attachment":[{"href":"https:\/\/www.ilheusnoticias.net.br\/v1\/wp-json\/wp\/v2\/media?parent=3840"}],"wp:term":[{"taxonomy":"category","embeddable":true,"href":"https:\/\/www.ilheusnoticias.net.br\/v1\/wp-json\/wp\/v2\/categories?post=3840"},{"taxonomy":"post_tag","embeddable":true,"href":"https:\/\/www.ilheusnoticias.net.br\/v1\/wp-json\/wp\/v2\/tags?post=3840"}],"curies":[{"name":"wp","href":"https:\/\/api.w.org\/{rel}","templated":true}]}}