{"id":3832,"date":"2017-01-24T11:08:57","date_gmt":"2017-01-24T14:08:57","guid":{"rendered":"http:\/\/www.ilheusnoticias.net.br\/v1\/?p=3832"},"modified":"2017-01-24T11:08:57","modified_gmt":"2017-01-24T14:08:57","slug":"wagner-anuncia-que-vai-chegar-junto-na-articulacao-politica-de-rui","status":"publish","type":"post","link":"https:\/\/www.ilheusnoticias.net.br\/v1\/2017\/01\/24\/wagner-anuncia-que-vai-chegar-junto-na-articulacao-politica-de-rui\/","title":{"rendered":"Wagner anuncia que vai \u201cchegar junto\u201d na articula\u00e7\u00e3o pol\u00edtica de Rui"},"content":{"rendered":"<div class=\"PostContent\">\n<p><img loading=\"lazy\" class=\"aligncenter  wp-image-57347\" src=\"http:\/\/www.agravo.blog.br\/wp-content\/uploads\/2017\/01\/posse.jpeg\" sizes=\"(max-width: 448px) 100vw, 448px\" srcset=\"http:\/\/www.agravo.blog.br\/wp-content\/uploads\/2017\/01\/posse.jpeg 620w, http:\/\/www.agravo.blog.br\/wp-content\/uploads\/2017\/01\/posse-300x199.jpeg 300w\" alt=\"\" width=\"448\" height=\"298\" \/><\/p>\n<p>Na cerim\u00f4nia de sua posse e de seus novos colegas, no audit\u00f3rio da Funda\u00e7\u00e3o Lu\u00eds Eduardo Magalh\u00e3es (Flem), no Centro Administrativo da Bahia (CAB), em Salvador na segunda-feira (23\/1), o secret\u00e1rio de Desenvolvimento Econ\u00f4mico do Estado, Jaques Wagner, confirmou que vai \u201cchegar junto\u201d na articula\u00e7\u00e3o pol\u00edtica de Rui Costa com os deputados.<\/p>\n<\/div>\n<p>&nbsp;<\/p>\n<p>&nbsp;<\/p>\n<p><!--more--><\/p>\n<div class=\"PostContent\">\n<p>\u201cEvidente que meu foco \u00e9 nessa \u00e1rea do desenvolvimento econ\u00f4mico. Mas n\u00e3o h\u00e1 como negar que todo secret\u00e1rio \u00e9 um ser pol\u00edtico do governo e tem como tarefa, al\u00e9m da sua secretaria, a tarefa de sempre estar conversando com os aliados pol\u00edticos, com o movimento social, com o movimento empresarial, para que a gente possa cada vez dar mais tranquilidade para o governador e construir esses dois anos que faltam cada vez com mais \u00eaxito com ele\u201d.<\/p>\n<p>Ele defendeu ainda que todos os secret\u00e1rios devem ter traquejo no campo pol\u00edtico partid\u00e1rio para lidar com situa\u00e7\u00f5es do dia a dia, com objetivo de evitar desgaste para o governador do Estado.<\/p>\n<p>\u201cEvidentemente que todo secret\u00e1rio \u00e9 um pol\u00edtico e, como pol\u00edtico, tem a tarefa de defender o governo, de conversar, de articular sobre o governo, para proteger inclusive, e diminuir as tens\u00f5es sobre o governador\u201d, afirmou Wagner \u00e0 imprensa, no final do evento.<\/p>\n<\/div>\n","protected":false},"excerpt":{"rendered":"<p>Na cerim\u00f4nia de sua posse e de seus novos colegas, no audit\u00f3rio da Funda\u00e7\u00e3o Lu\u00eds Eduardo Magalh\u00e3es (Flem), no Centro Administrativo da Bahia (CAB), em Salvador na segunda-feira (23\/1), o secret\u00e1rio de Desenvolvimento Econ\u00f4mico do Estado, Jaques Wagner, confirmou que vai \u201cchegar junto\u201d na articula\u00e7\u00e3o pol\u00edtica de Rui Costa com os deputados. &nbsp; &nbsp;<\/p>\n","protected":false},"author":2,"featured_media":0,"comment_status":"open","ping_status":"open","sticky":false,"template":"","format":"standard","meta":{"_links_to":"","_links_to_target":""},"categories":[7],"tags":[399],"_links":{"self":[{"href":"https:\/\/www.ilheusnoticias.net.br\/v1\/wp-json\/wp\/v2\/posts\/3832"}],"collection":[{"href":"https:\/\/www.ilheusnoticias.net.br\/v1\/wp-json\/wp\/v2\/posts"}],"about":[{"href":"https:\/\/www.ilheusnoticias.net.br\/v1\/wp-json\/wp\/v2\/types\/post"}],"author":[{"embeddable":true,"href":"https:\/\/www.ilheusnoticias.net.br\/v1\/wp-json\/wp\/v2\/users\/2"}],"replies":[{"embeddable":true,"href":"https:\/\/www.ilheusnoticias.net.br\/v1\/wp-json\/wp\/v2\/comments?post=3832"}],"version-history":[{"count":2,"href":"https:\/\/www.ilheusnoticias.net.br\/v1\/wp-json\/wp\/v2\/posts\/3832\/revisions"}],"predecessor-version":[{"id":3834,"href":"https:\/\/www.ilheusnoticias.net.br\/v1\/wp-json\/wp\/v2\/posts\/3832\/revisions\/3834"}],"wp:attachment":[{"href":"https:\/\/www.ilheusnoticias.net.br\/v1\/wp-json\/wp\/v2\/media?parent=3832"}],"wp:term":[{"taxonomy":"category","embeddable":true,"href":"https:\/\/www.ilheusnoticias.net.br\/v1\/wp-json\/wp\/v2\/categories?post=3832"},{"taxonomy":"post_tag","embeddable":true,"href":"https:\/\/www.ilheusnoticias.net.br\/v1\/wp-json\/wp\/v2\/tags?post=3832"}],"curies":[{"name":"wp","href":"https:\/\/api.w.org\/{rel}","templated":true}]}}