{"id":383,"date":"2016-04-27T17:04:09","date_gmt":"2016-04-27T20:04:09","guid":{"rendered":"http:\/\/www.ilheusnoticias.net.br\/v1\/?p=383"},"modified":"2016-04-27T17:04:09","modified_gmt":"2016-04-27T20:04:09","slug":"governo-rui-emite-nota-sobre-salarios-dos-terceirizados-2","status":"publish","type":"post","link":"https:\/\/www.ilheusnoticias.net.br\/v1\/2016\/04\/27\/governo-rui-emite-nota-sobre-salarios-dos-terceirizados-2\/","title":{"rendered":"GOVERNO RUI EMITE NOTA SOBRE SAL\u00c1RIOS DOS TERCEIRIZADOS"},"content":{"rendered":"<h3><\/h3>\n<div align=\"right\"><\/div>\n<div class=\"PostContent\">\n<div id=\"attachment_138967\" class=\"wp-caption aligncenter\"><a href=\"http:\/\/i1.wp.com\/www.blogdogusmao.com.br\/v1\/wp-content\/uploads\/2015\/01\/governador-Rui-Costa.jpg\" data-slb-group=\"161606\" data-slb-active=\"1\" data-slb-internal=\"0\"><img class=\"wp-image-138967\" src=\"http:\/\/i1.wp.com\/www.blogdogusmao.com.br\/v1\/wp-content\/uploads\/2015\/01\/governador-Rui-Costa.jpg?resize=393%2C262\" alt=\"Governador Rui Costa (PT).\" data-recalc-dims=\"1\" \/><\/a><\/p>\n<p class=\"wp-caption-text\">Governador Rui Costa (PT).<\/p>\n<\/div>\n<h4>A Secretaria de Educa\u00e7\u00e3o do Estado da Bahia nos enviou hoje (27) nota de esclarecimento sobre as pend\u00eancias trabalhistas das empresas que prestam servi\u00e7os ao governo Rui Costa. Os empregados da Locserv, por exemplo, n\u00e3o recebem seus sal\u00e1rios desde novembro de 2015. Leia a nota.<\/h4>\n<h4><strong>Nota de Esclarecimento<\/strong><\/h4>\n<h4>Em rela\u00e7\u00e3o ao pagamento dos trabalhadores terceirizados, a Secretaria da Educa\u00e7\u00e3o do Estado da Bahia informa que:<\/h4>\n<h4>\u2013 J\u00e1 notificou as empresas que ainda apresentam pend\u00eancias para regularizar os pagamentos dos seus funcion\u00e1rios referentes ao m\u00eas de mar\u00e7o.<\/h4>\n<h4>\u2013 Esclarece, ainda, que j\u00e1 est\u00e1 processando o pagamento direto para os trabalhadores da Locserv e aguarda a regulariza\u00e7\u00e3o da documenta\u00e7\u00e3o da empresa Contrat efetuar os pagamentos dos trabalhadores.<\/h4>\n<h4>\u2013 Al\u00e9m disso, o governador Rui Costa j\u00e1 anunciou que ir\u00e1 redefinir os contratos com as empresas terceirizadas, unificando-os na Secretaria da Administra\u00e7\u00e3o do Estado da Bahia (Saeb), para atender todas as secretarias e \u00f3rg\u00e3os estaduais.<\/h4>\n<\/div>\n","protected":false},"excerpt":{"rendered":"<p>Governador Rui Costa (PT). A Secretaria de Educa\u00e7\u00e3o do Estado da Bahia nos enviou hoje (27) nota de esclarecimento sobre as pend\u00eancias trabalhistas das empresas que prestam servi\u00e7os ao governo Rui Costa. Os empregados da Locserv, por exemplo, n\u00e3o recebem seus sal\u00e1rios desde novembro de 2015. Leia a nota. Nota de Esclarecimento Em rela\u00e7\u00e3o ao [&hellip;]<\/p>\n","protected":false},"author":2,"featured_media":0,"comment_status":"open","ping_status":"open","sticky":false,"template":"","format":"standard","meta":{"_links_to":"","_links_to_target":""},"categories":[1],"tags":[],"_links":{"self":[{"href":"https:\/\/www.ilheusnoticias.net.br\/v1\/wp-json\/wp\/v2\/posts\/383"}],"collection":[{"href":"https:\/\/www.ilheusnoticias.net.br\/v1\/wp-json\/wp\/v2\/posts"}],"about":[{"href":"https:\/\/www.ilheusnoticias.net.br\/v1\/wp-json\/wp\/v2\/types\/post"}],"author":[{"embeddable":true,"href":"https:\/\/www.ilheusnoticias.net.br\/v1\/wp-json\/wp\/v2\/users\/2"}],"replies":[{"embeddable":true,"href":"https:\/\/www.ilheusnoticias.net.br\/v1\/wp-json\/wp\/v2\/comments?post=383"}],"version-history":[{"count":1,"href":"https:\/\/www.ilheusnoticias.net.br\/v1\/wp-json\/wp\/v2\/posts\/383\/revisions"}],"predecessor-version":[{"id":384,"href":"https:\/\/www.ilheusnoticias.net.br\/v1\/wp-json\/wp\/v2\/posts\/383\/revisions\/384"}],"wp:attachment":[{"href":"https:\/\/www.ilheusnoticias.net.br\/v1\/wp-json\/wp\/v2\/media?parent=383"}],"wp:term":[{"taxonomy":"category","embeddable":true,"href":"https:\/\/www.ilheusnoticias.net.br\/v1\/wp-json\/wp\/v2\/categories?post=383"},{"taxonomy":"post_tag","embeddable":true,"href":"https:\/\/www.ilheusnoticias.net.br\/v1\/wp-json\/wp\/v2\/tags?post=383"}],"curies":[{"name":"wp","href":"https:\/\/api.w.org\/{rel}","templated":true}]}}