{"id":380,"date":"2016-04-27T16:57:14","date_gmt":"2016-04-27T19:57:14","guid":{"rendered":"http:\/\/www.ilheusnoticias.net.br\/v1\/?p=380"},"modified":"2016-04-27T16:57:14","modified_gmt":"2016-04-27T19:57:14","slug":"deputada-angela-souza-acompanha-governador-ruy-em-solenidade-da-pm","status":"publish","type":"post","link":"https:\/\/www.ilheusnoticias.net.br\/v1\/2016\/04\/27\/deputada-angela-souza-acompanha-governador-ruy-em-solenidade-da-pm\/","title":{"rendered":"Deputada Angela Souza acompanha governador Ruy em solenidade da PM"},"content":{"rendered":"<div class=\"_5x46\"><\/div>\n<div id=\"js_6\" class=\"_5pbx userContent\" data-ft=\"{&quot;tn&quot;:&quot;K&quot;}\">\n<div id=\"id_57211815c1b323380270042\" class=\"text_exposed_root text_exposed\">\n<p>Na manh\u00e3 desta quarta-feira (27), a deputada \u00c2ngela Sousa acompanhada do governador da Bahia, Rui Costa, do comandante geral da PM, coronel Anselmo Brand\u00e3o e demais autoridades, prestigiou a solenidade de forma\u00e7\u00e3o dos policiais militares realizada na Vila Militar do Bonfim, em Salvador. No total, 1.160 policiais militares passaram a integrar as for\u00e7as de seguran\u00e7a da Bahia, em solenidade realizada simultaneamente em 12 cidades: Salvador, Cama\u00e7ari, Feira de Santana, Ilh\u00e9us, It<span class=\"text_exposed_show\">aberaba, Juazeiro, Vit\u00f3ria da Conquista, Barreiras, Irec\u00ea, Santo Ant\u00f4nio de Jesus, Teixeira de Freitas e Jequi\u00e9. Na capital e Regi\u00e3o Metropolitana, o n\u00famero total de formandos chegou a 527.<\/span><\/p>\n<div class=\"text_exposed_show\">\n<p>Para a parlamentar este \u00e9 um momento de alegria para a Bahia, que ganha este refor\u00e7o no efetivo das for\u00e7as de seguran\u00e7a publica para atuar na prote\u00e7\u00e3o ao cidad\u00e3o e combate \u00e0 viol\u00eancia. \u201cEspero que Deus aben\u00e7oe esses homens e mulheres, e que eles possam nas suas atividades do dia dia colocar em pr\u00e1tica todo aprendizado obtido durante o curso, contribuindo assim, no fortalecimento da seguran\u00e7a publica no Estado\u201d, destacou.<\/p>\n<p>O Curso de Forma\u00e7\u00e3o de Soldados da Pol\u00edcia Militar da Bahia tem a dura\u00e7\u00e3o de nove meses e neste per\u00edodo s\u00e3o ministradas disciplinas como t\u00e9cnica policial militar, legisla\u00e7\u00e3o, tiro policial, direitos humanos, policiamento comunit\u00e1rio, entre outras, al\u00e9m do est\u00e1gio supervisionado.<\/p>\n<\/div>\n<\/div>\n<div class=\"_5wpt\"><\/div>\n<\/div>\n<div class=\"_3x-2\">\n<div data-ft=\"{&quot;tn&quot;:&quot;H&quot;}\">\n<div class=\"mtm\">\n<div class=\"_2a2q\">\n<div class=\"_46-h\"><img loading=\"lazy\" class=\"_46-i img\" src=\"https:\/\/fbcdn-photos-b-a.akamaihd.net\/hphotos-ak-xlp1\/v\/t1.0-0\/p240x240\/13076533_1035712733170856_8148747347906915736_n.jpg?oh=45587e1a1d6e4642b84675c87904f3fb&amp;oe=57A58A54&amp;__gda__=1471456172_0b5f32218d56f790013477949b7cfed2\" alt=\"Foto de Angela Correa Sousa.\" width=\"360\" height=\"240\" \/><\/div>\n<div class=\"_46-h\"><img loading=\"lazy\" class=\"_46-i img\" src=\"https:\/\/fbcdn-photos-c-a.akamaihd.net\/hphotos-ak-xfa1\/v\/t1.0-0\/p240x240\/13061922_1035712856504177_3867880285479057599_n.jpg?oh=3c4f192b40a820c579394112b5df0d27&amp;oe=57A4A5C7&amp;__gda__=1470668876_735cb5d1554c64086d632f934f73437b\" alt=\"Foto de Angela Correa Sousa.\" width=\"360\" height=\"240\" \/><\/div>\n<p><a id=\"u_ps_0_0_7\" class=\"_5dec _xcx\" href=\"https:\/\/www.facebook.com\/photo.php?fbid=1035712933170836&amp;set=ms.c.eJw9zkEOAzEIQ9EbVRCbmNz%7E%3BYu2QenbR00dOBkq5BKSia3%7E%3Bywu9ZwZQM5xZwgeRpiJ0G7KfQgaEwBZdh1wDCoJqToqE1RfQfGPn8I7ZXeGfxznLNCuQV4p7gLaCBVV8qAy%7E_d.bps.a.1035712719837524.1073741854.100001964177602&amp;type=3\" rel=\"theater\" data-render-location=\"newsstand\" data-ft=\"{&quot;tn&quot;:&quot;E&quot;}\"><\/a><\/div>\n<\/div>\n<\/div>\n<\/div>\n","protected":false},"excerpt":{"rendered":"<p>Na manh\u00e3 desta quarta-feira (27), a deputada \u00c2ngela Sousa acompanhada do governador da Bahia, Rui Costa, do comandante geral da PM, coronel Anselmo Brand\u00e3o e demais autoridades, prestigiou a solenidade de forma\u00e7\u00e3o dos policiais militares realizada na Vila Militar do Bonfim, em Salvador. No total, 1.160 policiais militares passaram a integrar as for\u00e7as de seguran\u00e7a [&hellip;]<\/p>\n","protected":false},"author":2,"featured_media":0,"comment_status":"open","ping_status":"open","sticky":false,"template":"","format":"standard","meta":{"_links_to":"","_links_to_target":""},"categories":[1],"tags":[],"_links":{"self":[{"href":"https:\/\/www.ilheusnoticias.net.br\/v1\/wp-json\/wp\/v2\/posts\/380"}],"collection":[{"href":"https:\/\/www.ilheusnoticias.net.br\/v1\/wp-json\/wp\/v2\/posts"}],"about":[{"href":"https:\/\/www.ilheusnoticias.net.br\/v1\/wp-json\/wp\/v2\/types\/post"}],"author":[{"embeddable":true,"href":"https:\/\/www.ilheusnoticias.net.br\/v1\/wp-json\/wp\/v2\/users\/2"}],"replies":[{"embeddable":true,"href":"https:\/\/www.ilheusnoticias.net.br\/v1\/wp-json\/wp\/v2\/comments?post=380"}],"version-history":[{"count":1,"href":"https:\/\/www.ilheusnoticias.net.br\/v1\/wp-json\/wp\/v2\/posts\/380\/revisions"}],"predecessor-version":[{"id":381,"href":"https:\/\/www.ilheusnoticias.net.br\/v1\/wp-json\/wp\/v2\/posts\/380\/revisions\/381"}],"wp:attachment":[{"href":"https:\/\/www.ilheusnoticias.net.br\/v1\/wp-json\/wp\/v2\/media?parent=380"}],"wp:term":[{"taxonomy":"category","embeddable":true,"href":"https:\/\/www.ilheusnoticias.net.br\/v1\/wp-json\/wp\/v2\/categories?post=380"},{"taxonomy":"post_tag","embeddable":true,"href":"https:\/\/www.ilheusnoticias.net.br\/v1\/wp-json\/wp\/v2\/tags?post=380"}],"curies":[{"name":"wp","href":"https:\/\/api.w.org\/{rel}","templated":true}]}}