{"id":3724,"date":"2017-01-20T09:39:29","date_gmt":"2017-01-20T12:39:29","guid":{"rendered":"http:\/\/www.ilheusnoticias.net.br\/v1\/?p=3724"},"modified":"2017-01-20T09:39:29","modified_gmt":"2017-01-20T12:39:29","slug":"percpan-movimenta-semana-cultural-de-salvador-e-santo-amaro","status":"publish","type":"post","link":"https:\/\/www.ilheusnoticias.net.br\/v1\/2017\/01\/20\/percpan-movimenta-semana-cultural-de-salvador-e-santo-amaro\/","title":{"rendered":"PercPan movimenta semana cultural de Salvador e Santo Amaro"},"content":{"rendered":"<h1 id=\"x_story_title\"><a href=\"http:\/\/www.ilheusnoticias.net.br\/v1\/wp-content\/uploads\/2017\/01\/musical.jpg\" rel=\"attachment wp-att-3725\"><img loading=\"lazy\" class=\"aligncenter size-medium wp-image-3725\" src=\"http:\/\/www.ilheusnoticias.net.br\/v1\/wp-content\/uploads\/2017\/01\/musical-300x200.jpg\" alt=\"musical\" width=\"300\" height=\"200\" srcset=\"https:\/\/www.ilheusnoticias.net.br\/v1\/wp-content\/uploads\/2017\/01\/musical-300x200.jpg 300w, https:\/\/www.ilheusnoticias.net.br\/v1\/wp-content\/uploads\/2017\/01\/musical-1024x682.jpg 1024w, https:\/\/www.ilheusnoticias.net.br\/v1\/wp-content\/uploads\/2017\/01\/musical.jpg 1280w\" sizes=\"(max-width: 300px) 100vw, 300px\" \/><\/a><\/h1>\n<div id=\"x_story_text\">A beleza e a delicadeza de ritmos de diversas partes do mundo marcaram a abertura da 21\u00aa edi\u00e7\u00e3o do Panorama Percussivo mundial (PercPan), na noite de quinta-feira (19), no Teatro Castro Alves (TCA), em Salvador. A novidade, este ano, \u00e9 que o festival, apoiado pelo Governo do Estado, por meio do Programa Estadual de Incentivo ao Patroc\u00ednio Cultural (Fazcultura), n\u00e3o ficar\u00e1 restrito \u00e0 capital baiana, onde come\u00e7ou, em 1994. O evento vai se estender tamb\u00e9m \u00e0 regi\u00e3o de Santo Amaro (Rec\u00f4ncavo), tendo como palco a Universidade Federal do Rec\u00f4ncavo da Bahia (UFRB), onde acontecer\u00e3o tr\u00eas encontros culturais e uma mesa redonda.<\/div>\n<div>\n<div align=\"center\"><\/div>\n<p>\u201cO PercPan tem um reconhecimento internacional, sendo atualmente um dos mais importantes do mundo. Depois de tantas edi\u00e7\u00f5es, o festival alcan\u00e7ou um n\u00edvel de maturidade. Nesta edi\u00e7\u00e3o, tentamos democratizar essa tradi\u00e7\u00e3o ao fazer com o que o Rec\u00f4ncavo seja uma extens\u00e3o do que est\u00e1 acontecendo em Salvador. \u00c9 at\u00e9 uma quest\u00e3o de justi\u00e7a, porque o Rec\u00f4ncavo \u00e9 um ber\u00e7o da m\u00fasica brasileira. \u00c9 um reconhecimento da import\u00e2ncia da regi\u00e3o para o nosso universo percussivo\u201d, afirmou curador do evento, Ale Siqueira.<br \/>\n<!--more--><br \/>\nA programa\u00e7\u00e3o segue com atra\u00e7\u00f5es diversificadas at\u00e9 este s\u00e1bado (21), servindo de plataforma para viv\u00eancias e encontros musicais. Segundo Ademir Luigina, mestre de percuss\u00e3o do Bloco Afro Muzenza, que far\u00e1 uma participa\u00e7\u00e3o especial na noite de encerramento, \u00e9 uma oportunidade de aprendizado para os artistas envolvidos. \u201cA gente acaba conhecendo outros m\u00fasicos e trocando ideias, comunicando e aprendendo nesse interc\u00e2mbio de informa\u00e7\u00e3o. \u00c9 uma chance muito rica de evoluir\u201d.<\/p>\n<p>O p\u00fablico ficou encantado com as apresenta\u00e7\u00f5es. O professor Gil Vicente Tavares disse que o espet\u00e1culo ajuda a expandir a vis\u00e3o de mundo das pessoas. \u201cPelo fato de nossa m\u00fasica ser t\u00e3o rica, a gente acaba se fechando um pouco. Ent\u00e3o, eventos como esse trazem outra perspectiva de sonoridades e de conhecimento de outras culturas\u201d.<\/p>\n<p><b>Programa\u00e7\u00e3o<\/b><\/p>\n<p>O festival, que tamb\u00e9m \u00e9 patrocinado pelas empresas Vivo e Petrobras, foi criado pela soci\u00f3loga Elisabeth Cayres e j\u00e1 passou por cidades como Rio de Janeiro, S\u00e3o Paulo e Recife, com uma edi\u00e7\u00e3o em Paris (Fran\u00e7a). Este ano, o evento recebe uma variedade de artistas internacionais. Participaram da noite de abertura o grupo polon\u00eas GlassDuo, a cantora, compositora e multi-instrumentista brit\u00e2nica, SonaJobarteh, e o sexteto Khusugtun, da Mong\u00f3lia.<\/p><\/div>\n<p>&nbsp;<\/p>\n<div id=\"x_story_text\">\n<div>\n<div align=\"center\">\n<div><\/div>\n<\/div>\n<\/div>\n<\/div>\n<div id=\"x_story_text\">\n<div id=\"x_story_text\">\n<div align=\"center\">\n<div id=\"x_story_text\">Nesta sexta (20), o palco do TCA recebe novas gera\u00e7\u00f5es da m\u00fasica brasileira oriundas de bem sucedidos projetos sociais. O Trio MultiFaces, com percussionistas do projeto Neojib\u00e1; o Grupo de Refer\u00eancia de Ourinhos, do interior de S\u00e3o Paulo, que re\u00fane a nata da percuss\u00e3o do Projeto Guri; e o Coletivo Rumpilezzinho, que apresenta um repert\u00f3rio composto por m\u00fasicas da OrkestraRumpilezz, sob a reg\u00eancia do maestro Letieres Leite. S\u00e1bado (21), o PercPanvai vai para o Terreiro de Jesus, no Centro Hist\u00f3rico de Salvador, onde fecha a programa\u00e7\u00e3o musical com um show gratuito ao ar livre. Confira a programa\u00e7\u00e3o completa no site do evento.(<a id=\"LPlnk645303\" class=\"x_OWAAutoLink\" href=\"http:\/\/percpan.net\/#programacao\" target=\"_blank\">http:\/\/percpan.net\/#programacao<\/a>)<\/div>\n<\/div>\n<\/div>\n<\/div>\n","protected":false},"excerpt":{"rendered":"<p>A beleza e a delicadeza de ritmos de diversas partes do mundo marcaram a abertura da 21\u00aa edi\u00e7\u00e3o do Panorama Percussivo mundial (PercPan), na noite de quinta-feira (19), no Teatro Castro Alves (TCA), em Salvador. A novidade, este ano, \u00e9 que o festival, apoiado pelo Governo do Estado, por meio do Programa Estadual de Incentivo [&hellip;]<\/p>\n","protected":false},"author":2,"featured_media":0,"comment_status":"open","ping_status":"open","sticky":false,"template":"","format":"standard","meta":{"_links_to":"","_links_to_target":""},"categories":[7],"tags":[379],"_links":{"self":[{"href":"https:\/\/www.ilheusnoticias.net.br\/v1\/wp-json\/wp\/v2\/posts\/3724"}],"collection":[{"href":"https:\/\/www.ilheusnoticias.net.br\/v1\/wp-json\/wp\/v2\/posts"}],"about":[{"href":"https:\/\/www.ilheusnoticias.net.br\/v1\/wp-json\/wp\/v2\/types\/post"}],"author":[{"embeddable":true,"href":"https:\/\/www.ilheusnoticias.net.br\/v1\/wp-json\/wp\/v2\/users\/2"}],"replies":[{"embeddable":true,"href":"https:\/\/www.ilheusnoticias.net.br\/v1\/wp-json\/wp\/v2\/comments?post=3724"}],"version-history":[{"count":1,"href":"https:\/\/www.ilheusnoticias.net.br\/v1\/wp-json\/wp\/v2\/posts\/3724\/revisions"}],"predecessor-version":[{"id":3726,"href":"https:\/\/www.ilheusnoticias.net.br\/v1\/wp-json\/wp\/v2\/posts\/3724\/revisions\/3726"}],"wp:attachment":[{"href":"https:\/\/www.ilheusnoticias.net.br\/v1\/wp-json\/wp\/v2\/media?parent=3724"}],"wp:term":[{"taxonomy":"category","embeddable":true,"href":"https:\/\/www.ilheusnoticias.net.br\/v1\/wp-json\/wp\/v2\/categories?post=3724"},{"taxonomy":"post_tag","embeddable":true,"href":"https:\/\/www.ilheusnoticias.net.br\/v1\/wp-json\/wp\/v2\/tags?post=3724"}],"curies":[{"name":"wp","href":"https:\/\/api.w.org\/{rel}","templated":true}]}}