{"id":36,"date":"2016-03-07T09:00:06","date_gmt":"2016-03-07T12:00:06","guid":{"rendered":"http:\/\/www.ilheusnoticias.net.br\/v1\/?p=36"},"modified":"2016-03-07T09:00:06","modified_gmt":"2016-03-07T12:00:06","slug":"davidson-e-o-candidato-de-vane-em-itabuna-2","status":"publish","type":"post","link":"https:\/\/www.ilheusnoticias.net.br\/v1\/2016\/03\/07\/davidson-e-o-candidato-de-vane-em-itabuna-2\/","title":{"rendered":"Davidson \u00e9 o candidato de Vane em Itabuna"},"content":{"rendered":"<p>O prefeito de Itabuna, Claudevane Leite, oficializa apoio \u00e0 pr\u00e9-candidatura do deputado federal Davdison Magalh\u00e3es (PCdoB-BA) \u00e0 sua sucess\u00e3o em ato programado para \u00e0s 18 horas, de segunda-feira, dia 7, na Associa\u00e7\u00e3o Atl\u00e9tica Banco do Brasil (AABB). O evento contar\u00e1 com a participa\u00e7\u00e3o dos deputados federais Luciana Santos e Daniel Almeida, respectivamente, presidentes nacional e estadual do Partido Comunista do Brasil (PCdoB), al\u00e9m de l\u00edderes pol\u00edticos, militantes e convidados.<\/p>\n<p>Na tarde de hoje, Vane do Renascer se reuniu com ocupantes de cargos comissionados e contratados de sua administra\u00e7\u00e3o, no audit\u00f3rio do Centro de Cultura Adonias Filho, quando fez um balan\u00e7o positivo dos tr\u00eas anos e dois meses do governo. \u201cColocamos o munic\u00edpio no rumo certo do desenvolvimento, depois de vencermos o caos administrativo, as d\u00edvidas de mais de R$ 500 milh\u00f5es com encargos sociais, fornecedores e os sal\u00e1rios atrasados de servidores que encontramos no in\u00edcio do atual governo\u201d, disse o prefeito.<\/p>\n","protected":false},"excerpt":{"rendered":"<p>O prefeito de Itabuna, Claudevane Leite, oficializa apoio \u00e0 pr\u00e9-candidatura do deputado federal Davdison Magalh\u00e3es (PCdoB-BA) \u00e0 sua sucess\u00e3o em ato programado para \u00e0s 18 horas, de segunda-feira, dia 7, na Associa\u00e7\u00e3o Atl\u00e9tica Banco do Brasil (AABB). O evento contar\u00e1 com a participa\u00e7\u00e3o dos deputados federais Luciana Santos e Daniel Almeida, respectivamente, presidentes nacional e [&hellip;]<\/p>\n","protected":false},"author":2,"featured_media":0,"comment_status":"open","ping_status":"open","sticky":false,"template":"","format":"standard","meta":{"_links_to":"","_links_to_target":""},"categories":[1],"tags":[],"_links":{"self":[{"href":"https:\/\/www.ilheusnoticias.net.br\/v1\/wp-json\/wp\/v2\/posts\/36"}],"collection":[{"href":"https:\/\/www.ilheusnoticias.net.br\/v1\/wp-json\/wp\/v2\/posts"}],"about":[{"href":"https:\/\/www.ilheusnoticias.net.br\/v1\/wp-json\/wp\/v2\/types\/post"}],"author":[{"embeddable":true,"href":"https:\/\/www.ilheusnoticias.net.br\/v1\/wp-json\/wp\/v2\/users\/2"}],"replies":[{"embeddable":true,"href":"https:\/\/www.ilheusnoticias.net.br\/v1\/wp-json\/wp\/v2\/comments?post=36"}],"version-history":[{"count":1,"href":"https:\/\/www.ilheusnoticias.net.br\/v1\/wp-json\/wp\/v2\/posts\/36\/revisions"}],"predecessor-version":[{"id":37,"href":"https:\/\/www.ilheusnoticias.net.br\/v1\/wp-json\/wp\/v2\/posts\/36\/revisions\/37"}],"wp:attachment":[{"href":"https:\/\/www.ilheusnoticias.net.br\/v1\/wp-json\/wp\/v2\/media?parent=36"}],"wp:term":[{"taxonomy":"category","embeddable":true,"href":"https:\/\/www.ilheusnoticias.net.br\/v1\/wp-json\/wp\/v2\/categories?post=36"},{"taxonomy":"post_tag","embeddable":true,"href":"https:\/\/www.ilheusnoticias.net.br\/v1\/wp-json\/wp\/v2\/tags?post=36"}],"curies":[{"name":"wp","href":"https:\/\/api.w.org\/{rel}","templated":true}]}}