{"id":3479,"date":"2017-01-09T11:13:10","date_gmt":"2017-01-09T14:13:10","guid":{"rendered":"http:\/\/www.ilheusnoticias.net.br\/v1\/?p=3479"},"modified":"2017-01-09T11:13:10","modified_gmt":"2017-01-09T14:13:10","slug":"%ef%bb%bf-pastor-esfaqueado-em-culto-oremos-pela-sua-vida","status":"publish","type":"post","link":"https:\/\/www.ilheusnoticias.net.br\/v1\/2017\/01\/09\/%ef%bb%bf-pastor-esfaqueado-em-culto-oremos-pela-sua-vida\/","title":{"rendered":"\ufeff  Pastor esfaqueado em culto: Oremos pela sua vida"},"content":{"rendered":"<p>&nbsp;<\/p>\n<header><\/header>\n<div class=\"entry-content\">\n<div><img loading=\"lazy\" class=\" wp-image-35351 aligncenter colorbox-35350\" src=\"http:\/\/vermelhinhoba.com.br\/wp-content\/uploads\/2017\/01\/20170108170839383990e.jpg\" alt=\"20170108170839383990e\" width=\"655\" height=\"438\" \/>Valdemiro Santiago, l\u00edder da Igreja Mundial do Poder de Deus, foi esfaqueado no pesco\u00e7o na manh\u00e3 deste domingo (8\/1), durante um culto que celebrava na regi\u00e3o do Br\u00e1s, centro de S\u00e3o Paulo. O ataque ocorreu por volta das 8 horas, enquanto o ap\u00f3stolo orava, e foi praticado por um homem que teria se passado por fiel da igreja e portava um fac\u00e3o. Segundo v\u00eddeos publicados em sua p\u00e1gina oficial do Facebook, o religioso passa bem. O agressor foi preso de imediato.<\/div>\n<\/div>\n<div><\/div>\n<div><\/div>\n<div><\/div>\n<p><!--more--><\/p>\n<div class=\"entry-content\">\n<div>\u201cAcabando de ouvir um milagre, um testemunho, entrou algu\u00e9m, n\u00e3o sei quem \u00e9, n\u00e3o vi, por tr\u00e1s, e deu uma facada no pesco\u00e7o, ou uma navalha, n\u00e3o sei. Mas fiquem tranquilos, porque s\u00f3 vai quando Deus quer\u201d, afirmou o religioso, em uma das grava\u00e7\u00f5es. \u201cSe Deus n\u00e3o quer, n\u00e3o vai. Eu volto a\u00ed pra voc\u00eas, para aben\u00e7oar voc\u00eas, em nome de Jesus. Orem por mim \u201c, disse o l\u00edder, que pediu ora\u00e7\u00f5es e perd\u00e3o a quem cometeu o ato. \u201cEu perdoo a pessoa que fez isso. Ela carece de perd\u00e3o, de miseric\u00f3rdia de Deus. N\u00e3o sei quem \u00e9, mas t\u00e1 perdoada e quem mandou tamb\u00e9m.\u201d<img loading=\"lazy\" class=\" wp-image-35357 aligncenter colorbox-35350\" src=\"http:\/\/vermelhinhoba.com.br\/wp-content\/uploads\/2017\/01\/IMAGEM_NOTICIA_5-1.jpg\" alt=\"imagem_noticia_5-1\" width=\"655\" height=\"483\" \/><\/div>\n<\/div>\n","protected":false},"excerpt":{"rendered":"<p>&nbsp; Valdemiro Santiago, l\u00edder da Igreja Mundial do Poder de Deus, foi esfaqueado no pesco\u00e7o na manh\u00e3 deste domingo (8\/1), durante um culto que celebrava na regi\u00e3o do Br\u00e1s, centro de S\u00e3o Paulo. O ataque ocorreu por volta das 8 horas, enquanto o ap\u00f3stolo orava, e foi praticado por um homem que teria se passado [&hellip;]<\/p>\n","protected":false},"author":2,"featured_media":0,"comment_status":"open","ping_status":"open","sticky":false,"template":"","format":"standard","meta":{"_links_to":"","_links_to_target":""},"categories":[5],"tags":[354],"_links":{"self":[{"href":"https:\/\/www.ilheusnoticias.net.br\/v1\/wp-json\/wp\/v2\/posts\/3479"}],"collection":[{"href":"https:\/\/www.ilheusnoticias.net.br\/v1\/wp-json\/wp\/v2\/posts"}],"about":[{"href":"https:\/\/www.ilheusnoticias.net.br\/v1\/wp-json\/wp\/v2\/types\/post"}],"author":[{"embeddable":true,"href":"https:\/\/www.ilheusnoticias.net.br\/v1\/wp-json\/wp\/v2\/users\/2"}],"replies":[{"embeddable":true,"href":"https:\/\/www.ilheusnoticias.net.br\/v1\/wp-json\/wp\/v2\/comments?post=3479"}],"version-history":[{"count":1,"href":"https:\/\/www.ilheusnoticias.net.br\/v1\/wp-json\/wp\/v2\/posts\/3479\/revisions"}],"predecessor-version":[{"id":3480,"href":"https:\/\/www.ilheusnoticias.net.br\/v1\/wp-json\/wp\/v2\/posts\/3479\/revisions\/3480"}],"wp:attachment":[{"href":"https:\/\/www.ilheusnoticias.net.br\/v1\/wp-json\/wp\/v2\/media?parent=3479"}],"wp:term":[{"taxonomy":"category","embeddable":true,"href":"https:\/\/www.ilheusnoticias.net.br\/v1\/wp-json\/wp\/v2\/categories?post=3479"},{"taxonomy":"post_tag","embeddable":true,"href":"https:\/\/www.ilheusnoticias.net.br\/v1\/wp-json\/wp\/v2\/tags?post=3479"}],"curies":[{"name":"wp","href":"https:\/\/api.w.org\/{rel}","templated":true}]}}