{"id":342,"date":"2016-04-24T16:05:00","date_gmt":"2016-04-24T19:05:00","guid":{"rendered":"http:\/\/www.ilheusnoticias.net.br\/v1\/?p=342"},"modified":"2016-04-24T16:05:00","modified_gmt":"2016-04-24T19:05:00","slug":"grupo-levante-popular-protesta-em-frente-a-casa-de-bolsonaro-no-rio","status":"publish","type":"post","link":"https:\/\/www.ilheusnoticias.net.br\/v1\/2016\/04\/24\/grupo-levante-popular-protesta-em-frente-a-casa-de-bolsonaro-no-rio\/","title":{"rendered":"Grupo Levante Popular protesta em frente \u00e0 casa de Bolsonaro no Rio"},"content":{"rendered":"<div id=\"content-header\">\n<h1 class=\"title\"><strong>N<\/strong><img loading=\"lazy\" class=\"media-image attr__typeof__foaf:Image img__fid__63823 img__view_mode__teaser attr__format__teaser\" title=\"\" src=\"http:\/\/agenciabrasil.ebc.com.br\/sites\/_agenciabrasil2013\/files\/styles\/interna_grande\/public\/levante_popular.jpg?itok=I--xBr77\" alt=\"O grupo Levante Popular da Juventude realizou um protesto neste domingo, em frente a casa do deputado federal Jair Bolsonaro (PSC - RJ), na Barra da Tijuca, no Rio de Janeiro\" width=\"580\" height=\"388\" \/>O grupo Levante Popular da Juventude durante protesto neste domingo, em frente \u00e0 casa do deputado federal Jair Bolsonaro (PSC &#8211; RJ), na Barra da Tijuca, no Rio de Janeiro<span class=\"author\">Divulga\u00e7\u00e3o Levante Popular da Juventude<\/span><\/h1>\n<\/div>\n<div id=\"content-area\">\n<div class=\"region region-content\">\n<div id=\"block-system-main\" class=\"block block-system block-even clearfix\">\n<div class=\"content\">\n<article id=\"node-1015136\" class=\"node node-noticia node-odd\">\n<div class=\"content\">\n<p>Integrantes do grupo Levante Popular da Juventude protestaram hoje (24) em frente \u00e0 casa do deputado Jair Bolsonaro (PSC-RJ), na Barra da Tijuca, na zona oeste da cidade. Com faixas e cartazes e gritando palavras de ordem, os manifestantes criticaram, principalmente, a postura do parlamentar no momento de votar favoravelmente ao prosseguimento do processo de<em>impeachment<\/em> da presidenta Dilma Rousseff, na sess\u00e3o plen\u00e1ria do \u00faltimo domingo (17), na C\u00e2mara dos Deputados.<\/p>\n<p>No momento do voto, Bolsonaro exaltou a ditadura militar e a mem\u00f3ria do coronel Carlos Brilhante Ustra, que foi chefe do DOI-Codi em S\u00e3o Paulo, local onde diversos presos pol\u00edticos foram torturados.<\/p>\n<div class=\"know_more\">\n<h3>Saiba Mais<\/h3>\n<ul class=\"field-items\">\n<li class=\"field-item first\"><a href=\"http:\/\/agenciabrasil.ebc.com.br\/politica\/noticia\/2016-04\/instituto-herzog-manifesta-indignacao-contra-declaracao-de-bolsonaro\">Instituto Herzog manifesta indigna\u00e7\u00e3o contra declara\u00e7\u00e3o de Bolsonaro<\/a><\/li>\n<li class=\"field-item last\"><a href=\"http:\/\/agenciabrasil.ebc.com.br\/politica\/noticia\/2016-04\/oab-do-rio-vai-pedir-ao-supremo-cassacao-de-jair-bolsonaro\">OAB do Rio vai pedir ao Supremo a cassa\u00e7\u00e3o de Jair Bolsonaro<\/a><\/li>\n<\/ul>\n<\/div>\n<p>A manifesta\u00e7\u00e3o ocorreu sob o forte calor que predomina na cidade neste domingo. No ato, os integrantes do grupo seguraram uma grande faixa com a frase &#8220;Bolsonaro Golpista&#8221;. Havia ainda um retrato do deputado com o s\u00edmbolo nazista (su\u00e1stica) carimbado na testa. Os manifestantes chegaram a fazer uma encena\u00e7\u00e3o simulando o deputado vestido de Hitler, acompanhado de soldados.<\/p>\n<p>O deputado Jair Bolsonaro criticou o ato. Na sua p\u00e1gina no Facebook, ele denunciou a presen\u00e7a dos manifestantes em seu pr\u00e9dio e tamb\u00e9m recha\u00e7ou a manifesta\u00e7\u00e3o: \u201cLPJ &#8211; Levante Popular da Juventude a servi\u00e7o das ditaduras comunistas!\u201d, dizia um dos posts do deputado. Ou ainda, na sua conta no Twitter: \u201cMeu condom\u00ednio est\u00e1 cercado por simpatizantes do PT. Est\u00e3o amea\u00e7ando invadi-lo! Espero que n\u00e3o cometam essa loucura!\u201d<\/p>\n<figure class=\"teaser\"><img loading=\"lazy\" class=\"media-image attr__typeof__foaf:Image img__fid__63824 img__view_mode__teaser attr__format__teaser\" title=\"\" src=\"http:\/\/agenciabrasil.ebc.com.br\/sites\/_agenciabrasil2013\/files\/styles\/interna_grande\/public\/bolsonaro.jpg?itok=viQbajuE\" alt=\"Jair Bolsonaro twitter\" width=\"580\" height=\"388\" \/><figcaption>Jair Bolsonaro criticou, pelo Twitter, manifesta\u00e7\u00e3o do Levante Popular da Juventude<span class=\"author\">Reprodu\u00e7\u00e3o Twitter<\/span><\/p>\n<\/figcaption><\/figure>\n<p>Outro post do deputado foi entendido pelos integrantes do Levante Popular da Juventude como uma amea\u00e7a: \u201cMinha propriedade privada \u00e9 sagrada. Se um dia invadirem, N\u00e3o Sair\u00e3o!\u201d, disse o parlamentar. \u201cBolsonaro amea\u00e7a o Levante [Levante Popular da Juventude]. N\u00e3o nos intimidaremos!\u201d, responderam os manifestantes.<\/p>\n<p><strong>MPF e OAB<\/strong><\/p>\n<p>A conduta do deputado Jair Bolsonaro durante a vota\u00e7\u00e3o gerou pol\u00eamica ao longo de toda a semana e est\u00e1 sendo alvo de an\u00e1lise do Minist\u00e9rio P\u00fablico Federal (MPF). A Ordem dos Advogados do Brasil do Rio de Janeiro (OAB-RJ) tamb\u00e9m anunciou que vai entrar com <a href=\"http:\/\/agenciabrasil.ebc.com.br\/politica\/noticia\/2016-04\/oab-do-rio-vai-pedir-ao-supremo-cassacao-de-jair-bolsonaro\" target=\"_blank\">pedido de cassa\u00e7\u00e3o <\/a>do mandato do deputado no Supremo Tribunal Federal (STF).<\/p>\n<\/div>\n<\/article>\n<\/div>\n<\/div>\n<\/div>\n<\/div>\n","protected":false},"excerpt":{"rendered":"<p>NO grupo Levante Popular da Juventude durante protesto neste domingo, em frente \u00e0 casa do deputado federal Jair Bolsonaro (PSC &#8211; RJ), na Barra da Tijuca, no Rio de JaneiroDivulga\u00e7\u00e3o Levante Popular da Juventude Integrantes do grupo Levante Popular da Juventude protestaram hoje (24) em frente \u00e0 casa do deputado Jair Bolsonaro (PSC-RJ), na Barra [&hellip;]<\/p>\n","protected":false},"author":2,"featured_media":0,"comment_status":"open","ping_status":"open","sticky":false,"template":"","format":"standard","meta":{"_links_to":"","_links_to_target":""},"categories":[4],"tags":[],"_links":{"self":[{"href":"https:\/\/www.ilheusnoticias.net.br\/v1\/wp-json\/wp\/v2\/posts\/342"}],"collection":[{"href":"https:\/\/www.ilheusnoticias.net.br\/v1\/wp-json\/wp\/v2\/posts"}],"about":[{"href":"https:\/\/www.ilheusnoticias.net.br\/v1\/wp-json\/wp\/v2\/types\/post"}],"author":[{"embeddable":true,"href":"https:\/\/www.ilheusnoticias.net.br\/v1\/wp-json\/wp\/v2\/users\/2"}],"replies":[{"embeddable":true,"href":"https:\/\/www.ilheusnoticias.net.br\/v1\/wp-json\/wp\/v2\/comments?post=342"}],"version-history":[{"count":1,"href":"https:\/\/www.ilheusnoticias.net.br\/v1\/wp-json\/wp\/v2\/posts\/342\/revisions"}],"predecessor-version":[{"id":343,"href":"https:\/\/www.ilheusnoticias.net.br\/v1\/wp-json\/wp\/v2\/posts\/342\/revisions\/343"}],"wp:attachment":[{"href":"https:\/\/www.ilheusnoticias.net.br\/v1\/wp-json\/wp\/v2\/media?parent=342"}],"wp:term":[{"taxonomy":"category","embeddable":true,"href":"https:\/\/www.ilheusnoticias.net.br\/v1\/wp-json\/wp\/v2\/categories?post=342"},{"taxonomy":"post_tag","embeddable":true,"href":"https:\/\/www.ilheusnoticias.net.br\/v1\/wp-json\/wp\/v2\/tags?post=342"}],"curies":[{"name":"wp","href":"https:\/\/api.w.org\/{rel}","templated":true}]}}