{"id":34000,"date":"2024-02-16T15:59:19","date_gmt":"2024-02-16T18:59:19","guid":{"rendered":"https:\/\/www.ilheusnoticias.net.br\/v1\/?p=34000"},"modified":"2024-02-16T15:59:19","modified_gmt":"2024-02-16T18:59:19","slug":"pm-prende-no-interior-de-sao-paulo-suspeito-de-matar-e-decapitar-homem-que-saiu-com-a-ex-na-bahia","status":"publish","type":"post","link":"https:\/\/www.ilheusnoticias.net.br\/v1\/2024\/02\/16\/pm-prende-no-interior-de-sao-paulo-suspeito-de-matar-e-decapitar-homem-que-saiu-com-a-ex-na-bahia\/","title":{"rendered":"PM prende no interior de S\u00e3o Paulo suspeito de matar e decapitar homem que saiu com a ex na Bahia"},"content":{"rendered":"<h3 class=\"post-title entry-title\"><\/h3>\n<div id=\"post-body-7473011661998040483\" class=\"post-body entry-content\">\n<div class=\"separator\"><a href=\"https:\/\/blogger.googleusercontent.com\/img\/b\/R29vZ2xl\/AVvXsEjNGQIC4TmYqjROydjmrsJzSgrQmEA5b4duLzXZJjbjCoLT2NHUPp85WeDKhlP_yEMQimO5gd6aiug4JatSwAmYmJVZQaNQnz8n3FYRZf_9CD_cGpN50TzG7gKbJM6F2Q1fmCGzEadOQvgTuSJref6TG-mx-JvFwox2ZCcu6qt4D2LCb8SDpVCORhb5I_ja\/s960\/WhatsApp%20Image%202024-02-16%20at%2010.33.24.jpeg\"><img loading=\"lazy\" src=\"https:\/\/blogger.googleusercontent.com\/img\/b\/R29vZ2xl\/AVvXsEjNGQIC4TmYqjROydjmrsJzSgrQmEA5b4duLzXZJjbjCoLT2NHUPp85WeDKhlP_yEMQimO5gd6aiug4JatSwAmYmJVZQaNQnz8n3FYRZf_9CD_cGpN50TzG7gKbJM6F2Q1fmCGzEadOQvgTuSJref6TG-mx-JvFwox2ZCcu6qt4D2LCb8SDpVCORhb5I_ja\/w640-h428\/WhatsApp%20Image%202024-02-16%20at%2010.33.24.jpeg\" width=\"640\" height=\"428\" border=\"0\" data-original-height=\"643\" data-original-width=\"960\" \/><\/a><\/div>\n<p>A Pol\u00edcia Militar prendeu em Ibat\u00e9 (SP),\u00a0 um procurado da Justi\u00e7a por homic\u00eddio triplamente qualificado e oculta\u00e7\u00e3o de cad\u00e1ver<\/p>\n<p>O homem de 58 anos \u00e9 suspeito de matar e decapitar um homem que saiu com a ex-companheira. O homic\u00eddio aconteceu em 2022 na cidade de Uba\u00edra, a cerca de 270 km de Salvador (BA). A mulher foi presa suspeita de envolvimento.<\/p>\n<p>O tenente Perroni do Comando de For\u00e7a Patrulha disse ao g1 que o suspeito foi preso no Jardim Cruzado quando sa\u00eda para o trabalho.<\/p>\n<p>\u201cEm um trabalho conjunto entre a PM de S\u00e3o Carlos e da Bahia, com o apoio da Pol\u00edcia Federal, foi descoberto que ele estava se escondendo em Ibat\u00e9 e, com base nessas informa\u00e7\u00f5es, iniciamos patrulhamento e o abordamos\u201d, explicou o tenente.<\/p>\n<p>A ocorr\u00eancia foi apresentada no Plant\u00e3o Policial. De acordo como tenente, o suspeito ficar\u00e1 preso em S\u00e3o Carlos e depois ser\u00e1 transferido para a Bahia.<\/p>\n<\/div>\n","protected":false},"excerpt":{"rendered":"<p>A Pol\u00edcia Militar prendeu em Ibat\u00e9 (SP),\u00a0 um procurado da Justi\u00e7a por homic\u00eddio triplamente qualificado e oculta\u00e7\u00e3o de cad\u00e1ver O homem de 58 anos \u00e9 suspeito de matar e decapitar um homem que saiu com a ex-companheira. O homic\u00eddio aconteceu em 2022 na cidade de Uba\u00edra, a cerca de 270 km de Salvador (BA). A [&hellip;]<\/p>\n","protected":false},"author":2,"featured_media":0,"comment_status":"open","ping_status":"open","sticky":false,"template":"","format":"standard","meta":{"_links_to":"","_links_to_target":""},"categories":[7,9,8,1],"tags":[],"_links":{"self":[{"href":"https:\/\/www.ilheusnoticias.net.br\/v1\/wp-json\/wp\/v2\/posts\/34000"}],"collection":[{"href":"https:\/\/www.ilheusnoticias.net.br\/v1\/wp-json\/wp\/v2\/posts"}],"about":[{"href":"https:\/\/www.ilheusnoticias.net.br\/v1\/wp-json\/wp\/v2\/types\/post"}],"author":[{"embeddable":true,"href":"https:\/\/www.ilheusnoticias.net.br\/v1\/wp-json\/wp\/v2\/users\/2"}],"replies":[{"embeddable":true,"href":"https:\/\/www.ilheusnoticias.net.br\/v1\/wp-json\/wp\/v2\/comments?post=34000"}],"version-history":[{"count":1,"href":"https:\/\/www.ilheusnoticias.net.br\/v1\/wp-json\/wp\/v2\/posts\/34000\/revisions"}],"predecessor-version":[{"id":34001,"href":"https:\/\/www.ilheusnoticias.net.br\/v1\/wp-json\/wp\/v2\/posts\/34000\/revisions\/34001"}],"wp:attachment":[{"href":"https:\/\/www.ilheusnoticias.net.br\/v1\/wp-json\/wp\/v2\/media?parent=34000"}],"wp:term":[{"taxonomy":"category","embeddable":true,"href":"https:\/\/www.ilheusnoticias.net.br\/v1\/wp-json\/wp\/v2\/categories?post=34000"},{"taxonomy":"post_tag","embeddable":true,"href":"https:\/\/www.ilheusnoticias.net.br\/v1\/wp-json\/wp\/v2\/tags?post=34000"}],"curies":[{"name":"wp","href":"https:\/\/api.w.org\/{rel}","templated":true}]}}