{"id":33976,"date":"2024-02-15T10:17:41","date_gmt":"2024-02-15T13:17:41","guid":{"rendered":"https:\/\/www.ilheusnoticias.net.br\/v1\/?p=33976"},"modified":"2024-02-15T10:17:41","modified_gmt":"2024-02-15T13:17:41","slug":"caixa-libera-abono-do-pis-pasep-para-nascidos-em-janeiro","status":"publish","type":"post","link":"https:\/\/www.ilheusnoticias.net.br\/v1\/2024\/02\/15\/caixa-libera-abono-do-pis-pasep-para-nascidos-em-janeiro\/","title":{"rendered":"Caixa libera abono do PIS\/Pasep para nascidos em janeiro"},"content":{"rendered":"<div class=\"col-lg-12 mb-3\">\n<div class=\"post-image\"><a href=\"https:\/\/agenciabrasil.ebc.com.br\/economia\/noticia\/2024-02\/caixa-libera-abono-do-pispasep-para-nascidos-em-janeiro#\"><img id=\"media-286808\" class=\"rounded-lg shadow-sm w-100\" title=\"Marcello Casal Jr\/Ag\u00eancia Brasil\/Arquivo\" src=\"https:\/\/imagens.ebc.com.br\/Psv3ZDMW3Aqdq3r3wRtVlUWPTk8=\/1170x700\/smart\/https:\/\/agenciabrasil.ebc.com.br\/sites\/default\/files\/thumbnails\/image\/real_moeda_dinheiro_mcajr_2904223675.jpg?itok=UBNq1tzx\" alt=\"29.04.2022 Real Moeda brasileira, dinheiro\nFoto: Marcello Casal Jr\/Ag\u00eancia Brasil\/Arquivo\" \/>\u00a9 Marcello Casal Jr\/Ag\u00eancia Brasil\/Arquivo<\/a><\/div>\n<\/div>\n<div class=\"col-lg-12 mb-3\">\n<div class=\"row\">\n<div class=\"col-10 offset-1 animated fadeInDown dealy-1100 alt-font text-center\"><a href=\"https:\/\/agenciabrasil.ebc.com.br\/economia\"><span class=\"badge badge-pill badge-warning\">Economia<\/span><\/a><\/div>\n<h1 class=\"col-10 offset-1 animated fadeInDown dealy-750 display-6 display-md-4 display-lg-5 font-weight-bold alt-font text-center my-1\">Caixa libera abono do PIS\/Pasep para nascidos em janeiro<\/h1>\n<h3 class=\"col-10 offset-1 animated fadeInDown dealy-900 display-8 display-md-8 alt-font font-italic my-1 text-center\">Calend\u00e1rio de pagamento segue m\u00eas de nascimento ou fim do Pasep<\/h3>\n<\/div>\n<ul class=\"divider social-icons si-border round si-colored-bg-on-hover my-3\">\u00a0Por Wellton M\u00e1ximo \u2013 Rep\u00f3rter da Ag\u00eancia Brasil &#8211; Bras\u00edlia<\/ul>\n<div class=\"row\">\n<div id=\"tts-container\" class=\"col-xl-7 offset-xl-1 col-lg-8 offset-lg-0 col-md-10 offset-md-1 mb-3\">\n<h4 class=\"alt-font font-italic small text-info text-left\"><\/h4>\n<\/div>\n<\/div>\n<\/div>\n<div class=\"col-xl-7 offset-xl-1 col-lg-8 offset-lg-0 col-md-10 offset-md-1 mb-3\">\n<div class=\"post-item alt-font\">\n<div class=\"post-item-wrap\">\n<p>Cerca de 1,7 milh\u00e3o de trabalhadores com carteira assinada nascidos em janeiro podem sacar, a partir desta quinta-feira (15), o valor do abono salarial do Programa de Integra\u00e7\u00e3o Social (PIS) e do Programa de Forma\u00e7\u00e3o do Patrim\u00f4nio do Servidor P\u00fablico (Pasep) em 2024. A quantia est\u00e1 dispon\u00edvel no aplicativo da Carteira de Trabalho Digital e no Portal Gov.br.<img src=\"https:\/\/agenciabrasil.ebc.com.br\/ebc.png?id=1581104&amp;o=node\" \/><img src=\"https:\/\/agenciabrasil.ebc.com.br\/ebc.gif?id=1581104&amp;o=node\" \/><\/p>\n<p>Ao todo, a Caixa Econ\u00f4mica Federal liberar\u00e1 R$ 1,9 bilh\u00e3o neste m\u00eas. Aprovado no fim do ano passado, o calend\u00e1rio de libera\u00e7\u00f5es segue o m\u00eas de nascimento do trabalhador, no caso do PIS, ou o n\u00famero final de inscri\u00e7\u00e3o do Pasep &lt;https:\/\/agenciabrasil.ebc.com.br\/economia\/noticia\/2023-12\/pispasep-2024-comeca-ser-pago-em-15-de-fevereiro&gt;. Os\u00a0<a href=\"https:\/\/agenciabrasil.ebc.com.br\/economia\/noticia\/2023-12\/pispasep-2024-comeca-ser-pago-em-15-de-fevereiro\" target=\"_blank\" rel=\"noopener\">pagamentos<\/a>\u00a0ocorrem de 15 de fevereiro a 15 de agosto.<\/p>\n<p>Neste ano, R$ 22,6 bilh\u00f5es poder\u00e3o ser sacados. Segundo o Conselho Deliberativo do Fundo de Amparo ao Trabalhador (Codefat), o abono salarial de 2024 ser\u00e1 pago a 24,67 milh\u00f5es de trabalhadores em todo o pa\u00eds. Desse total, 21,95 milh\u00f5es que trabalham na iniciativa privada receber\u00e3o R$ 19,8 bilh\u00f5es do PIS e 2,72 milh\u00f5es de servidores p\u00fablicos, empregados de estatais e militares t\u00eam direito a R$ 2,7 bilh\u00f5es do Pasep.<\/p>\n<p>O PIS \u00e9 pago pela Caixa Econ\u00f4mica Federal; e o Pasep, pelo Banco do Brasil. Como ocorre tradicionalmente, os pagamentos ser\u00e3o divididos em seis lotes, baseados no m\u00eas de nascimento, no caso do PIS, e no n\u00famero final de inscri\u00e7\u00e3o, no caso do Pasep. O saque iniciar\u00e1 nas datas de libera\u00e7\u00e3o dos lotes e acabar\u00e3o em 27 de dezembro de 2024. Ap\u00f3s esse prazo, ser\u00e1 necess\u00e1rio aguardar convoca\u00e7\u00e3o especial do Minist\u00e9rio do Trabalho e Previd\u00eancia.<\/p>\n<h2>Saque do PIS, pago pela Caixa<\/h2>\n<p>Para trabalhadores de empresas privadas<\/p>\n<div class=\"dnd-widget-wrapper context-cheio_8colunas type-image\">\n<div class=\"dnd-atom-rendered\">\n<div class=\"shadow overflow-hidden rounded-lg d-block w-100\"><img class=\"flex-fill img-cover\" title=\"Arte\/Ag\u00eancia Brasil\" src=\"https:\/\/imagens.ebc.com.br\/aaqGfhDhcDtt9G0sF7BcHTcN7m8=\/754x0\/smart\/https:\/\/agenciabrasil.ebc.com.br\/sites\/default\/files\/thumbnails\/image\/saque-pis.png?itok=M-Sz-724\" alt=\"arte saque pis\" \/><\/div>\n<\/div>\n<div class=\"dnd-caption-wrapper\">\n<div class=\"meta\">arte saque pis &#8211;\u00a0<strong>Arte\/Ag\u00eancia Brasil<\/strong><\/div>\n<\/div>\n<\/div>\n<h2>Saque do Pasep, pago pelo Banco do Brasil<\/h2>\n<div class=\"dnd-widget-wrapper context-cheio_8colunas type-image\">\n<div class=\"dnd-atom-rendered\">\n<div class=\"shadow overflow-hidden rounded-lg d-block w-100\"><img class=\"flex-fill img-cover\" title=\"Arte\/Ag\u00eancia Brasil\" src=\"https:\/\/imagens.ebc.com.br\/IreU6NqhPCw4BdxKk4dmn_hglQ4=\/754x0\/smart\/https:\/\/agenciabrasil.ebc.com.br\/sites\/default\/files\/thumbnails\/image\/saque-pasep.png?itok=jkz2l2hc\" alt=\"arte saque pasep\" \/><\/div>\n<\/div>\n<div class=\"dnd-caption-wrapper\">\n<div class=\"meta\">arte saque pasep &#8211;\u00a0<strong>Arte\/Ag\u00eancia Brasil<\/strong><\/div>\n<\/div>\n<\/div>\n<p>Para quem trabalhou em empresas p\u00fablicas<\/p>\n<h2>Quem tem direito<\/h2>\n<p>Tem direito ao benef\u00edcio o trabalhador inscrito no PIS\/Pasep h\u00e1, pelo menos, cinco anos, e que tenha trabalhado formalmente por, no m\u00ednimo, 30 dias no ano-base considerado para a apura\u00e7\u00e3o, com remunera\u00e7\u00e3o mensal m\u00e9dia de at\u00e9 dois sal\u00e1rios m\u00ednimos. Tamb\u00e9m \u00e9 necess\u00e1rio que os dados tenham sido informados corretamente pelo empregador na Rela\u00e7\u00e3o Anual de Informa\u00e7\u00f5es Sociais (Rais).<\/p>\n<p>O valor do abono \u00e9 proporcional ao per\u00edodo em que o empregado trabalhou com carteira assinada em 2022. Cada m\u00eas trabalhado equivale a um benef\u00edcio de R$ 117,67, com per\u00edodos iguais ou superiores a 15 dias contados como m\u00eas cheio. Quem trabalhou 12 meses com carteira assinada receber\u00e1 o sal\u00e1rio m\u00ednimo cheio, de R$ 1.412.<\/p>\n<h2>Pagamento<\/h2>\n<p>Trabalhadores da iniciativa privada com conta corrente ou poupan\u00e7a na Caixa receber\u00e3o o cr\u00e9dito automaticamente no banco, de acordo com o m\u00eas de seu nascimento.<\/p>\n<p>Os demais benefici\u00e1rios receber\u00e3o os valores por meio da poupan\u00e7a social digital, que pode ser movimentada pelo aplicativo Caixa Tem. Caso n\u00e3o seja poss\u00edvel a abertura da conta digital, o saque poder\u00e1 ser realizado com o Cart\u00e3o do Cidad\u00e3o e senha nos terminais de autoatendimento, unidades lot\u00e9ricas, Caixa Aqui ou ag\u00eancias, tamb\u00e9m de acordo com o calend\u00e1rio de pagamento escalonado por m\u00eas de nascimento.<\/p>\n<p>O pagamento do abono do Pasep ocorre via cr\u00e9dito em conta para quem \u00e9 correntista ou tem poupan\u00e7a no Banco do Brasil. O trabalhador que n\u00e3o \u00e9 correntista do BB pode efetuar a transfer\u00eancia via TED para conta de sua titularidade via terminais de autoatendimento e portal www.bb.com.br\/pasep ou no guich\u00ea de caixa das ag\u00eancias, mediante apresenta\u00e7\u00e3o de documento oficial de identidade.<\/p>\n<p>At\u00e9 2020, o\u00a0<a href=\"https:\/\/agenciabrasil.ebc.com.br\/economia\/noticia\/2021-03\/pagamento-do-abono-salarial-de-2020-e-adiado-para-2022\" target=\"_blank\" rel=\"noopener\">abono salarial\u00a0<\/a>do ano anterior era pago de julho do ano corrente a junho do ano seguinte. No in\u00edcio de 2021, o Codefat atendeu a recomenda\u00e7\u00e3o da Controladoria-Geral da Uni\u00e3o (CGU) e passou a depositar o dinheiro somente dois anos ap\u00f3s o trabalho com carteira assinada.<\/p>\n<p>&nbsp;<\/p>\n<div class=\"dnd-widget-wrapper context-cheio_8colunas type-image atom-align-center\">\n<div class=\"dnd-atom-rendered\">\n<div class=\"shadow overflow-hidden rounded-lg d-block w-100\"><img class=\"flex-fill img-cover\" title=\"Arte\/Ag\u00eancia Brasil\" src=\"https:\/\/imagens.ebc.com.br\/JHCmwcG9EW2ZA2jxrfLC_WGX2cA=\/754x0\/smart\/https:\/\/agenciabrasil.ebc.com.br\/sites\/default\/files\/thumbnails\/image\/abono-salarial.png?itok=OyyyUktW\" alt=\"arte abono salarial\" \/><\/div>\n<\/div>\n<div class=\"dnd-caption-wrapper\">\n<div class=\"meta rtecenter\"><strong>Arte\/Ag\u00eancia Brasil<\/strong><\/div>\n<\/div>\n<\/div>\n<\/div>\n<\/div>\n<\/div>\n","protected":false},"excerpt":{"rendered":"<p>\u00a9 Marcello Casal Jr\/Ag\u00eancia Brasil\/Arquivo Economia Caixa libera abono do PIS\/Pasep para nascidos em janeiro Calend\u00e1rio de pagamento segue m\u00eas de nascimento ou fim do Pasep \u00a0Por Wellton M\u00e1ximo \u2013 Rep\u00f3rter da Ag\u00eancia Brasil &#8211; Bras\u00edlia Cerca de 1,7 milh\u00e3o de trabalhadores com carteira assinada nascidos em janeiro podem sacar, a partir desta quinta-feira (15), [&hellip;]<\/p>\n","protected":false},"author":2,"featured_media":0,"comment_status":"open","ping_status":"open","sticky":false,"template":"","format":"standard","meta":{"_links_to":"","_links_to_target":""},"categories":[7,9,8,1],"tags":[],"_links":{"self":[{"href":"https:\/\/www.ilheusnoticias.net.br\/v1\/wp-json\/wp\/v2\/posts\/33976"}],"collection":[{"href":"https:\/\/www.ilheusnoticias.net.br\/v1\/wp-json\/wp\/v2\/posts"}],"about":[{"href":"https:\/\/www.ilheusnoticias.net.br\/v1\/wp-json\/wp\/v2\/types\/post"}],"author":[{"embeddable":true,"href":"https:\/\/www.ilheusnoticias.net.br\/v1\/wp-json\/wp\/v2\/users\/2"}],"replies":[{"embeddable":true,"href":"https:\/\/www.ilheusnoticias.net.br\/v1\/wp-json\/wp\/v2\/comments?post=33976"}],"version-history":[{"count":1,"href":"https:\/\/www.ilheusnoticias.net.br\/v1\/wp-json\/wp\/v2\/posts\/33976\/revisions"}],"predecessor-version":[{"id":33977,"href":"https:\/\/www.ilheusnoticias.net.br\/v1\/wp-json\/wp\/v2\/posts\/33976\/revisions\/33977"}],"wp:attachment":[{"href":"https:\/\/www.ilheusnoticias.net.br\/v1\/wp-json\/wp\/v2\/media?parent=33976"}],"wp:term":[{"taxonomy":"category","embeddable":true,"href":"https:\/\/www.ilheusnoticias.net.br\/v1\/wp-json\/wp\/v2\/categories?post=33976"},{"taxonomy":"post_tag","embeddable":true,"href":"https:\/\/www.ilheusnoticias.net.br\/v1\/wp-json\/wp\/v2\/tags?post=33976"}],"curies":[{"name":"wp","href":"https:\/\/api.w.org\/{rel}","templated":true}]}}