{"id":33911,"date":"2024-02-09T08:02:47","date_gmt":"2024-02-09T11:02:47","guid":{"rendered":"https:\/\/www.ilheusnoticias.net.br\/v1\/?p=33911"},"modified":"2024-02-09T08:02:47","modified_gmt":"2024-02-09T11:02:47","slug":"dois-suspeitos-de-matar-casal-a-tiros-em-bairro-de-feira-de-santana-sao-presos","status":"publish","type":"post","link":"https:\/\/www.ilheusnoticias.net.br\/v1\/2024\/02\/09\/dois-suspeitos-de-matar-casal-a-tiros-em-bairro-de-feira-de-santana-sao-presos\/","title":{"rendered":"Dois suspeitos de matar casal a tiros em bairro de Feira de Santana s\u00e3o presos"},"content":{"rendered":"<h3 class=\"post-title entry-title\"><\/h3>\n<div id=\"post-body-7763559829290122821\" class=\"post-body entry-content\">\n<div class=\"separator\"><a href=\"https:\/\/blogger.googleusercontent.com\/img\/b\/R29vZ2xl\/AVvXsEjYSnhD-5sTMMQxURPG-7PyngYThQEYWx27r4ejBv2eBUAyGOYZO9JvAT8OjfRkxeyY_BjsCR6K85jnelY1fTl69__iUu0ILwm_5-Ai6fRE36Y-kxllULLnarCD8rd6-epRprMyXqKDuGUgWWJcwZOUgz6GphyvqyxTCviaE2VVAwp3kxWchoGRJ9xj05nb\/s1024\/fddf.webp\"><img loading=\"lazy\" src=\"https:\/\/blogger.googleusercontent.com\/img\/b\/R29vZ2xl\/AVvXsEjYSnhD-5sTMMQxURPG-7PyngYThQEYWx27r4ejBv2eBUAyGOYZO9JvAT8OjfRkxeyY_BjsCR6K85jnelY1fTl69__iUu0ILwm_5-Ai6fRE36Y-kxllULLnarCD8rd6-epRprMyXqKDuGUgWWJcwZOUgz6GphyvqyxTCviaE2VVAwp3kxWchoGRJ9xj05nb\/w640-h416\/fddf.webp\" width=\"640\" height=\"416\" border=\"0\" data-original-height=\"664\" data-original-width=\"1024\" \/><\/a><\/div>\n<p>Dois homens suspeitos de matar um casal a tiros em novembro do ano passado, no bairro George Am\u00e9rico, em Feira de Santana, cidade a cerca de 100 km de Salvador, foram presos na quarta-feira (7). Segundo a Pol\u00edcia Civil, um outro investigado morreu em confronto com policiais militares.<\/p>\n<p>As v\u00edtimas foram identificadas como Ala\u00eds Santos de Jesus, de 18 anos, e Tairone da Silva Pinheiro, de 30 anos. Eles estavam em uma motocicleta e foram abordados por homens que estavam dentro de um carro.<\/p>\n<div class=\"google-auto-placed ap_container\"><ins class=\"adsbygoogle adsbygoogle-noablate\" data-ad-format=\"auto\" data-ad-client=\"ca-pub-1367172027914602\" data-adsbygoogle-status=\"done\" data-ad-status=\"filled\"><\/p>\n<div id=\"aswift_7_host\" tabindex=\"0\" title=\"Advertisement\" aria-label=\"Advertisement\"><iframe loading=\"lazy\" id=\"aswift_7\" src=\"https:\/\/googleads.g.doubleclick.net\/pagead\/ads?client=ca-pub-1367172027914602&amp;output=html&amp;h=280&amp;adk=108325148&amp;adf=2085951869&amp;pi=t.aa~a.2661756311~i.3~rp.4&amp;w=651&amp;fwrn=4&amp;fwrnh=100&amp;lmt=1707476442&amp;num_ads=1&amp;rafmt=1&amp;armr=3&amp;sem=mc&amp;pwprc=8151162692&amp;ad_type=text_image&amp;format=651x280&amp;url=https%3A%2F%2Fwww.verdinhoitabuna.blog.br%2F&amp;host=ca-host-pub-1556223355139109&amp;fwr=0&amp;pra=3&amp;rh=163&amp;rw=651&amp;rpe=1&amp;resp_fmts=3&amp;wgl=1&amp;fa=27&amp;uach=WyJXaW5kb3dzIiwiMTAuMC4wIiwieDg2IiwiIiwiMTIxLjAuNjE2Ny4xNjAiLG51bGwsMCxudWxsLCI2NCIsW1siTm90IEEoQnJhbmQiLCI5OS4wLjAuMCJdLFsiR29vZ2xlIENocm9tZSIsIjEyMS4wLjYxNjcuMTYwIl0sWyJDaHJvbWl1bSIsIjEyMS4wLjYxNjcuMTYwIl1dLDBd&amp;dt=1707476473304&amp;bpp=1&amp;bdt=1903&amp;idt=1&amp;shv=r20240207&amp;mjsv=m202401310101&amp;ptt=9&amp;saldr=aa&amp;abxe=1&amp;cookie=ID%3Deccac4d7741f8a1c%3AT%3D1704999106%3ART%3D1707476473%3AS%3DALNI_Ma7Cwq41Qhak_r76yjIKWhOTa4TGg&amp;gpic=UID%3D00000db6624b1d2d%3AT%3D1704999106%3ART%3D1707476473%3AS%3DALNI_MarKiBGmVDC65TZDe5dhmve2_eUsw&amp;eo_id_str=ID%3Db29e9e83fe2614e3%3AT%3D1706871832%3ART%3D1707476473%3AS%3DAA-AfjbfD3viSNmChhQljjVMYEbU&amp;prev_fmts=0x0%2C300x600%2C1349x607%2C651x280%2C651x280%2C651x280&amp;nras=6&amp;correlator=3954004172720&amp;frm=20&amp;pv=1&amp;ga_vid=1716049404.1704999094&amp;ga_sid=1707476472&amp;ga_hid=1669553401&amp;ga_fc=1&amp;u_tz=-180&amp;u_his=2&amp;u_h=768&amp;u_w=1366&amp;u_ah=728&amp;u_aw=1366&amp;u_cd=24&amp;u_sd=1&amp;dmc=4&amp;adx=153&amp;ady=6449&amp;biw=1349&amp;bih=607&amp;scr_x=0&amp;scr_y=4033&amp;eid=44759876%2C44759927%2C44808397%2C31080794%2C31080820%2C31080947%2C44795922%2C44809005%2C95322180%2C95320869%2C95324154%2C95324161%2C95324264&amp;oid=2&amp;psts=AOrYGslJv1STn5BG2dvpcbI2FrcBLe_o0IqIUq_LRNrv89OraB3a6HNOBTSL9yQREVXKqic7_vuTMJ8drqjBr7Gl1r63rA%2CAOrYGsnH3JciX0HWc92z1mWwhLcccqODrZ-XhiCJpTjSuysAFnIuy-RYG-NLgXUvw1YyD4lnM67y9B_UtkgnLBsUEreOcg%2CAOrYGslmVpevMKb0kcD_P8xXDuEgeGkcdlXub4sxBMa6X_1WSOPtlGYCBRBoB3TdCjGNABcVVkyW0nxuyGi49wM11Ls_9A%2CAOrYGskGIQZGPaX65irUsl8QW1vnfsJ8fEzwGCjHcDk73TSrArbSGoMsf790slzJrmjmN0nTHBbm45dw0ltQmFVaa1Sd2g&amp;pvsid=460311590776738&amp;tmod=951837939&amp;uas=3&amp;nvt=1&amp;fc=1408&amp;brdim=0%2C0%2C0%2C0%2C1366%2C0%2C1366%2C728%2C1366%2C607&amp;vis=1&amp;rsz=%7C%7Cs%7C&amp;abl=NS&amp;fu=128&amp;bc=31&amp;bz=1&amp;td=1&amp;psd=W251bGwsbnVsbCxudWxsLDNd&amp;nt=1&amp;ifi=8&amp;uci=a!8&amp;btvi=4&amp;fsb=1&amp;dtd=21063\" name=\"aswift_7\" width=\"651\" height=\"280\" frameborder=\"0\" marginwidth=\"0\" marginheight=\"0\" scrolling=\"no\" sandbox=\"allow-forms allow-popups allow-popups-to-escape-sandbox allow-same-origin allow-scripts allow-top-navigation-by-user-activation\" data-google-container-id=\"a!8\" data-google-query-id=\"CPbAiNCNnoQDFWg4RAgd0-gLiQ\" data-load-complete=\"true\" data-mce-fragment=\"1\"><\/iframe><\/div>\n<p><\/ins><\/div>\n<p>Tairone da Silva Pinheiro chegou a ser socorrido e levado para uma unidade de sa\u00fade do bairro, mas n\u00e3o resistiu aos ferimentos. Ala\u00eds Santos de Jesus morreu ainda no local.<\/p>\n<p>Conforme o titular da Delegacia de Homic\u00eddios de Feira de Santana, delegado Gustavo Coutinho, as investiga\u00e7\u00f5es apontaram que a motiva\u00e7\u00e3o do crime foi o tr\u00e1fico de drogas. Os suspeitos, que tiveram a pris\u00e3o preventiva cumprida, foram ouvidos no Complexo do Sobradinho e seguem custodiados \u00e0 disposi\u00e7\u00e3o da Justi\u00e7a.<\/p>\n<\/div>\n","protected":false},"excerpt":{"rendered":"<p>Dois homens suspeitos de matar um casal a tiros em novembro do ano passado, no bairro George Am\u00e9rico, em Feira de Santana, cidade a cerca de 100 km de Salvador, foram presos na quarta-feira (7). Segundo a Pol\u00edcia Civil, um outro investigado morreu em confronto com policiais militares. As v\u00edtimas foram identificadas como Ala\u00eds Santos [&hellip;]<\/p>\n","protected":false},"author":2,"featured_media":0,"comment_status":"open","ping_status":"open","sticky":false,"template":"","format":"standard","meta":{"_links_to":"","_links_to_target":""},"categories":[7,9,8,1],"tags":[],"_links":{"self":[{"href":"https:\/\/www.ilheusnoticias.net.br\/v1\/wp-json\/wp\/v2\/posts\/33911"}],"collection":[{"href":"https:\/\/www.ilheusnoticias.net.br\/v1\/wp-json\/wp\/v2\/posts"}],"about":[{"href":"https:\/\/www.ilheusnoticias.net.br\/v1\/wp-json\/wp\/v2\/types\/post"}],"author":[{"embeddable":true,"href":"https:\/\/www.ilheusnoticias.net.br\/v1\/wp-json\/wp\/v2\/users\/2"}],"replies":[{"embeddable":true,"href":"https:\/\/www.ilheusnoticias.net.br\/v1\/wp-json\/wp\/v2\/comments?post=33911"}],"version-history":[{"count":1,"href":"https:\/\/www.ilheusnoticias.net.br\/v1\/wp-json\/wp\/v2\/posts\/33911\/revisions"}],"predecessor-version":[{"id":33912,"href":"https:\/\/www.ilheusnoticias.net.br\/v1\/wp-json\/wp\/v2\/posts\/33911\/revisions\/33912"}],"wp:attachment":[{"href":"https:\/\/www.ilheusnoticias.net.br\/v1\/wp-json\/wp\/v2\/media?parent=33911"}],"wp:term":[{"taxonomy":"category","embeddable":true,"href":"https:\/\/www.ilheusnoticias.net.br\/v1\/wp-json\/wp\/v2\/categories?post=33911"},{"taxonomy":"post_tag","embeddable":true,"href":"https:\/\/www.ilheusnoticias.net.br\/v1\/wp-json\/wp\/v2\/tags?post=33911"}],"curies":[{"name":"wp","href":"https:\/\/api.w.org\/{rel}","templated":true}]}}