{"id":33895,"date":"2024-02-08T09:14:10","date_gmt":"2024-02-08T12:14:10","guid":{"rendered":"https:\/\/www.ilheusnoticias.net.br\/v1\/?p=33895"},"modified":"2024-02-08T09:14:10","modified_gmt":"2024-02-08T12:14:10","slug":"ordem-do-stf-determina-que-bolsonaro-entregue-passaporte-a-justica","status":"publish","type":"post","link":"https:\/\/www.ilheusnoticias.net.br\/v1\/2024\/02\/08\/ordem-do-stf-determina-que-bolsonaro-entregue-passaporte-a-justica\/","title":{"rendered":"Ordem do STF determina que Bolsonaro entregue passaporte \u00e0 Justi\u00e7a\u00a0"},"content":{"rendered":"<div class=\"col-lg-12 mb-3\">\n<div class=\"post-image\"><a href=\"https:\/\/agenciabrasil.ebc.com.br\/justica\/noticia\/2024-02\/ordem-do-stf-determina-que-bolsonaro-entregue-passaporte-justica#\"><img loading=\"lazy\" id=\"media-353961\" class=\"rounded-lg shadow-sm w-100\" title=\"Valter Campanato\/Ag\u00eancia Brasil\" src=\"https:\/\/imagens.ebc.com.br\/_MXTXoyE5XqP4tQS6s_HsqqGnuo=\/1170x700\/smart\/https:\/\/agenciabrasil.ebc.com.br\/sites\/default\/files\/thumbnails\/image\/img_2436.jpg?itok=nOykW0Iv\" alt=\"Bras\u00edlia (DF), 18\/10\/2023, O ex-presidente Jair Bolsonaro, fala com jornalistas, na sede da Pol\u00edcia Federal em Bras\u00edlia. Foto: Valter Campanato\/Ag\u00eancia Brasil\" width=\"544\" height=\"326\" \/>\u00a9 Valter Campanato\/Ag\u00eancia Brasil<\/a><\/div>\n<\/div>\n<div class=\"col-lg-12 mb-3\">\n<div class=\"row\">\n<div class=\"col-10 offset-1 animated fadeInDown dealy-1100 alt-font text-center\"><a href=\"https:\/\/agenciabrasil.ebc.com.br\/justica\"><span class=\"badge badge-pill badge-warning\">Justi\u00e7a<\/span><\/a><\/div>\n<h1 class=\"col-10 offset-1 animated fadeInDown dealy-750 display-6 display-md-4 display-lg-5 font-weight-bold alt-font text-center my-1\">\u00a0Ex\u00e9rcito Brasileiro acompanha cumprimento de alguns mandados<\/h1>\n<\/div>\n<ul class=\"divider social-icons si-border round si-colored-bg-on-hover my-3\">\u00a0Por Felipe Pontes &#8211; Rep\u00f3rter da Ag\u00eancia Brasil &#8211; Bras\u00edlia<\/ul>\n<\/div>\n<div class=\"col-xl-7 offset-xl-1 col-lg-8 offset-lg-0 col-md-10 offset-md-1 mb-3\">\n<div class=\"post-item alt-font\">\n<div class=\"post-item-wrap\">\n<p>O ex-presidente Jair Bolsonaro \u00e9 um dos alvos da Opera\u00e7\u00e3o Tempos Veritatis, deflagrada nesta quinta-feira (8) pela Pol\u00edcia Federal (PF) para investigar a exist\u00eancia de suposta\u00a0 organiza\u00e7\u00e3o criminosa que teria atuado numa tentativa de golpe de Estado.<img src=\"https:\/\/agenciabrasil.ebc.com.br\/ebc.png?id=1580124&amp;o=node\" \/><img src=\"https:\/\/agenciabrasil.ebc.com.br\/ebc.gif?id=1580124&amp;o=node\" \/><\/p>\n<p>O ministro Alexandre de Moraes, do Supremo Tribunal Federal (STF), determinou que a PF apreenda o passaporte de Bolsonaro no \u00e2mbito da opera\u00e7\u00e3o. Ordens de pris\u00e3o tamb\u00e9m t\u00eam como alvo assessores diretos do ex-presidente, incluindo militares.<\/p>\n<p>A opera\u00e7\u00e3o \u00e9 deflagrada ap\u00f3s o ex-ajudante de ordens de Bolsonaro, o tenente-coronel Mauro Cid, ter fechado acordo de colabora\u00e7\u00e3o premiada junto a investigadores da PF. O acordo foi enviado \u00e0 Procuradoria-Geral Federal (PGR), embora ainda n\u00e3o tenha a chancela da Justi\u00e7a.<\/p>\n<p>Nesta quinta, est\u00e3o sendo cumpridos 33 mandados de busca e apreens\u00e3o e quatro mandados de pris\u00e3o preventiva. Ao todo, s\u00e3o 48 medidas cautelares ordenadas por Moraes, incluindo a proibi\u00e7\u00e3o de os investigados manterem contato ou se ausentarem do pa\u00eds. O prazo para entrega de passaportes \u00e9 de 24 horas.<\/p>\n<p>As medidas judiciais est\u00e3o sendo cumpridas nos seguintes estados: Amazonas, Rio de Janeiro, S\u00e3o Paulo, Minas Gerais, Mato Grosso do Sul, Cear\u00e1, Esp\u00edrito Santo, Paran\u00e1 e Goi\u00e1s, al\u00e9m do Distrito Federal. O Ex\u00e9rcito Brasileiro acompanha o cumprimento de alguns mandados.<\/p>\n<p>\u201cAs apura\u00e7\u00f5es apontam que o grupo investigado se dividiu em n\u00facleos de atua\u00e7\u00e3o para disseminar a ocorr\u00eancia de fraude nas elei\u00e7\u00f5es presidenciais de 2022, antes mesmo da realiza\u00e7\u00e3o do pleito, de modo a viabilizar e legitimar uma interven\u00e7\u00e3o militar, em din\u00e2mica de mil\u00edcia digital\u201d, informou a PF.<\/p>\n<\/div>\n<p class=\"alt-font font-italic my-2 small text-info\">Edi\u00e7\u00e3o: Gra\u00e7a Adjuto<\/p>\n<\/div>\n<\/div>\n","protected":false},"excerpt":{"rendered":"<p>\u00a9 Valter Campanato\/Ag\u00eancia Brasil Justi\u00e7a \u00a0Ex\u00e9rcito Brasileiro acompanha cumprimento de alguns mandados \u00a0Por Felipe Pontes &#8211; Rep\u00f3rter da Ag\u00eancia Brasil &#8211; Bras\u00edlia O ex-presidente Jair Bolsonaro \u00e9 um dos alvos da Opera\u00e7\u00e3o Tempos Veritatis, deflagrada nesta quinta-feira (8) pela Pol\u00edcia Federal (PF) para investigar a exist\u00eancia de suposta\u00a0 organiza\u00e7\u00e3o criminosa que teria atuado numa tentativa [&hellip;]<\/p>\n","protected":false},"author":2,"featured_media":0,"comment_status":"open","ping_status":"open","sticky":false,"template":"","format":"standard","meta":{"_links_to":"","_links_to_target":""},"categories":[7,9,8,1],"tags":[],"_links":{"self":[{"href":"https:\/\/www.ilheusnoticias.net.br\/v1\/wp-json\/wp\/v2\/posts\/33895"}],"collection":[{"href":"https:\/\/www.ilheusnoticias.net.br\/v1\/wp-json\/wp\/v2\/posts"}],"about":[{"href":"https:\/\/www.ilheusnoticias.net.br\/v1\/wp-json\/wp\/v2\/types\/post"}],"author":[{"embeddable":true,"href":"https:\/\/www.ilheusnoticias.net.br\/v1\/wp-json\/wp\/v2\/users\/2"}],"replies":[{"embeddable":true,"href":"https:\/\/www.ilheusnoticias.net.br\/v1\/wp-json\/wp\/v2\/comments?post=33895"}],"version-history":[{"count":1,"href":"https:\/\/www.ilheusnoticias.net.br\/v1\/wp-json\/wp\/v2\/posts\/33895\/revisions"}],"predecessor-version":[{"id":33896,"href":"https:\/\/www.ilheusnoticias.net.br\/v1\/wp-json\/wp\/v2\/posts\/33895\/revisions\/33896"}],"wp:attachment":[{"href":"https:\/\/www.ilheusnoticias.net.br\/v1\/wp-json\/wp\/v2\/media?parent=33895"}],"wp:term":[{"taxonomy":"category","embeddable":true,"href":"https:\/\/www.ilheusnoticias.net.br\/v1\/wp-json\/wp\/v2\/categories?post=33895"},{"taxonomy":"post_tag","embeddable":true,"href":"https:\/\/www.ilheusnoticias.net.br\/v1\/wp-json\/wp\/v2\/tags?post=33895"}],"curies":[{"name":"wp","href":"https:\/\/api.w.org\/{rel}","templated":true}]}}