{"id":33850,"date":"2024-02-06T09:21:45","date_gmt":"2024-02-06T12:21:45","guid":{"rendered":"https:\/\/www.ilheusnoticias.net.br\/v1\/?p=33850"},"modified":"2024-02-06T09:21:45","modified_gmt":"2024-02-06T12:21:45","slug":"folia-e-alegria-bloco-as-muringuetes-arrasta-multidao-e-abre-carnaval-cultural-em-ilheus","status":"publish","type":"post","link":"https:\/\/www.ilheusnoticias.net.br\/v1\/2024\/02\/06\/folia-e-alegria-bloco-as-muringuetes-arrasta-multidao-e-abre-carnaval-cultural-em-ilheus\/","title":{"rendered":"Folia e alegria | Bloco &#8216;As Muringuetes&#8217; arrasta multid\u00e3o e abre Carnaval Cultural em Ilh\u00e9us"},"content":{"rendered":"<p class=\"ds_chamada\">O Pontal foi transformado em um verdadeiro reduto carnavalesco com a irrever\u00eancia dos foli\u00f5es<\/p>\n<div class=\"imagem thumbnail col-xs-12 col-sm-8 col-md-6 col-lg-6 imagem-materia\"><a class=\"fresco\" title=\"\" href=\"https:\/\/portalfacilarquivos.blob.core.windows.net\/uploads\/ILHEUS\/imgOrig\/%7B5641AAE7-CAC4-2BCA-DC1C-7BEB1AE136D7%7D.jpg\" data-fresco-caption=\"\"><img loading=\"lazy\" title=\"\" src=\"https:\/\/portalfacilarquivos.blob.core.windows.net\/uploads\/ILHEUS\/img\/%7B5641AAE7-CAC4-2BCA-DC1C-7BEB1AE136D7%7D\/%7B5641AAE7-CAC4-2BCA-DC1C-7BEB1AE136D7%7D_650X450.jpg\" alt=\"muringuetes; carnaval; cultural; carnaval do povo\" width=\"650\" height=\"450\" \/><\/a><\/div>\n<p>O Bloco \u201cAs Muringuetes&#8221;\u00a0arrastou uma multid\u00e3o pelas ruas do Pontal, no \u00faltimo s\u00e1bado (3). O p\u00fablico foi embalado pelo agito da Banda Abdias, que de cima do trio cantou grandes sucessos da m\u00fasica baiana. No palco principal, os foli\u00f5es tamb\u00e9m curtiram o agito da Banda Ax\u00e9 Beach e Pierre Onassis \u2013 Afrodis\u00edaco.<\/p>\n<p>O prefeito M\u00e1rio Alexandre prestigiou o evento e, com acolhimento, recebeu e retribuiu o carinho da popula\u00e7\u00e3o. \u201c\u00c9 festa, \u00e9 cultura. N\u00f3s apoiamos os blocos de rua porque entendemos que as festas populares fazem parte da cultura e tradi\u00e7\u00e3o da nossa cidade. S\u00e3o momentos de lazer para toda a fam\u00edlia, com seguran\u00e7a e muita paz. \u00c9 a divers\u00e3o do nosso povo\u201d, ressaltou M\u00e1rio Alexandre.<\/p>\n<div class=\"imagem thumbnail col-xs-12 col-sm-8 col-md-6 col-lg-6 imagem-materia\"><a class=\"fresco\" title=\"\" href=\"https:\/\/portalfacilarquivos.blob.core.windows.net\/uploads\/ILHEUS\/imgOrig\/%7BAD3AD82C-1ADB-0DED-88C8-C4D7DD8B16ED%7D.jpg\" data-fresco-caption=\"\"><img loading=\"lazy\" title=\"\" src=\"https:\/\/portalfacilarquivos.blob.core.windows.net\/uploads\/ILHEUS\/img\/%7BAD3AD82C-1ADB-0DED-88C8-C4D7DD8B16ED%7D\/%7BAD3AD82C-1ADB-0DED-88C8-C4D7DD8B16ED%7D_650X450.jpg\" alt=\"muringuetes; carnaval; cultural; carnaval do povo\" width=\"650\" height=\"450\" \/><\/a><\/div>\n<p>O bairro carnavalizou e foi tomado por foli\u00f5es fantasiados com trajes de todos os jeitos. Para o estudante Ramon Oliveira, \u201cesse \u00e9 um momento para encontrar a turma, dan\u00e7ar e deixar a preocupa\u00e7\u00e3o de lado\u201d, comentou. Nesta edi\u00e7\u00e3o, a festa registrou recorde hist\u00f3rico de p\u00fablico.<\/p>\n<p>A Guarda Civil Municipal (GCM) e Pol\u00edcia Militar da Bahia realizaram a seguran\u00e7a durante todo evento. A Autarquia de Transporte e Tr\u00e2nsito (Sutram) organizou o tr\u00e2nsito na regi\u00e3o e a Secretaria Municipal de Sa\u00fade (Sesau) disponibilizou corpo t\u00e9cnico e ambul\u00e2ncias e banheiros qu\u00edmicos.<\/p>\n<div class=\"imagem thumbnail col-xs-12 col-sm-8 col-md-6 col-lg-6 imagem-materia\"><a class=\"fresco\" title=\"\" href=\"https:\/\/portalfacilarquivos.blob.core.windows.net\/uploads\/ILHEUS\/imgOrig\/%7B3BAE2A80-20E5-EE23-DA8A-50ECABB87B3B%7D.jpg\" data-fresco-caption=\"\"><img loading=\"lazy\" title=\"\" src=\"https:\/\/portalfacilarquivos.blob.core.windows.net\/uploads\/ILHEUS\/img\/%7B3BAE2A80-20E5-EE23-DA8A-50ECABB87B3B%7D\/%7B3BAE2A80-20E5-EE23-DA8A-50ECABB87B3B%7D_650X450.jpg\" alt=\"muringuetes; carnaval; cultural; carnaval do povo\" width=\"650\" height=\"450\" \/><\/a><\/div>\n<p>\u201cIlh\u00e9us \u00e9 a minha segunda casa. Ilh\u00e9us tem uma passagem na minha carreira muito importante, uma cidade que tenho grande respeito. Espero continuar contribuindo com a minha m\u00fasica e fazendo a festa para o povo\u201d, destacou Pierre Onassis.<\/p>\n<p>Contando com\u00a0forte apoio da Prefeitura de Ilh\u00e9us, a\u00a0proposta do bloco \u00e9 manter a tradi\u00e7\u00e3o do carnaval de rua do Pontal. A concentra\u00e7\u00e3o para o desfile t\u00edpico iniciou a partir do meio-dia, no largo da Avenida Lomanto J\u00fanior.<\/p>\n<div class=\"imagem thumbnail col-xs-12 col-sm-8 col-md-6 col-lg-6 imagem-materia\"><a class=\"fresco\" title=\"\" href=\"https:\/\/portalfacilarquivos.blob.core.windows.net\/uploads\/ILHEUS\/imgOrig\/%7BD552BDED-CCDC-76EA-3D2C-CACA802EC80C%7D.jpg\" data-fresco-caption=\"\"><img loading=\"lazy\" title=\"\" src=\"https:\/\/portalfacilarquivos.blob.core.windows.net\/uploads\/ILHEUS\/img\/%7BD552BDED-CCDC-76EA-3D2C-CACA802EC80C%7D\/%7BD552BDED-CCDC-76EA-3D2C-CACA802EC80C%7D_650X450.jpg\" alt=\"muringuetes; carnaval; cultural; carnaval do povo\" width=\"650\" height=\"450\" \/><\/a><\/p>\n<p class=\"bg-primary\">Depois, percorreu as principais ruas do bairro, com a Coronel Pessoa, Treze de Maio e a Passarela do \u00c1lcool, e retornou \u00e0 Avenida Lomanto J\u00fanior, j\u00e1 \u00e0 noite, onde as comemora\u00e7\u00f5es foram encerradas ao som da Banda Ax\u00e9 Beach e Pierre Onassis \u2013 Afrodis\u00edaco.<\/p>\n<\/div>\n<p><strong>P\u00f4r do sol\u00a0\u2013<\/strong>\u00a0Neste domingo (4), a partir das 17 horas, a festa continua na Avenida Lomanto J\u00fanior. O p\u00fablico vai se divertir ao som de Jau, Samba Light e Realce, fechando com chave de ouro o primeiro final de semana carnavalesco.<\/p>\n","protected":false},"excerpt":{"rendered":"<p>O Pontal foi transformado em um verdadeiro reduto carnavalesco com a irrever\u00eancia dos foli\u00f5es O Bloco \u201cAs Muringuetes&#8221;\u00a0arrastou uma multid\u00e3o pelas ruas do Pontal, no \u00faltimo s\u00e1bado (3). O p\u00fablico foi embalado pelo agito da Banda Abdias, que de cima do trio cantou grandes sucessos da m\u00fasica baiana. No palco principal, os foli\u00f5es tamb\u00e9m curtiram [&hellip;]<\/p>\n","protected":false},"author":2,"featured_media":0,"comment_status":"open","ping_status":"open","sticky":false,"template":"","format":"standard","meta":{"_links_to":"","_links_to_target":""},"categories":[7,9,8,1],"tags":[],"_links":{"self":[{"href":"https:\/\/www.ilheusnoticias.net.br\/v1\/wp-json\/wp\/v2\/posts\/33850"}],"collection":[{"href":"https:\/\/www.ilheusnoticias.net.br\/v1\/wp-json\/wp\/v2\/posts"}],"about":[{"href":"https:\/\/www.ilheusnoticias.net.br\/v1\/wp-json\/wp\/v2\/types\/post"}],"author":[{"embeddable":true,"href":"https:\/\/www.ilheusnoticias.net.br\/v1\/wp-json\/wp\/v2\/users\/2"}],"replies":[{"embeddable":true,"href":"https:\/\/www.ilheusnoticias.net.br\/v1\/wp-json\/wp\/v2\/comments?post=33850"}],"version-history":[{"count":1,"href":"https:\/\/www.ilheusnoticias.net.br\/v1\/wp-json\/wp\/v2\/posts\/33850\/revisions"}],"predecessor-version":[{"id":33851,"href":"https:\/\/www.ilheusnoticias.net.br\/v1\/wp-json\/wp\/v2\/posts\/33850\/revisions\/33851"}],"wp:attachment":[{"href":"https:\/\/www.ilheusnoticias.net.br\/v1\/wp-json\/wp\/v2\/media?parent=33850"}],"wp:term":[{"taxonomy":"category","embeddable":true,"href":"https:\/\/www.ilheusnoticias.net.br\/v1\/wp-json\/wp\/v2\/categories?post=33850"},{"taxonomy":"post_tag","embeddable":true,"href":"https:\/\/www.ilheusnoticias.net.br\/v1\/wp-json\/wp\/v2\/tags?post=33850"}],"curies":[{"name":"wp","href":"https:\/\/api.w.org\/{rel}","templated":true}]}}