{"id":33323,"date":"2023-11-20T14:10:17","date_gmt":"2023-11-20T17:10:17","guid":{"rendered":"https:\/\/www.ilheusnoticias.net.br\/v1\/?p=33323"},"modified":"2023-11-20T14:10:17","modified_gmt":"2023-11-20T17:10:17","slug":"em-itabuna-expo-comunidade-reune-acoes-de-cidadania-e-shows-gratuitos-no-espora-de-ouro","status":"publish","type":"post","link":"https:\/\/www.ilheusnoticias.net.br\/v1\/2023\/11\/20\/em-itabuna-expo-comunidade-reune-acoes-de-cidadania-e-shows-gratuitos-no-espora-de-ouro\/","title":{"rendered":"Em Itabuna, Expo Comunidade re\u00fane a\u00e7\u00f5es de cidadania e shows gratuitos no Espora de Ouro"},"content":{"rendered":"<p><img loading=\"lazy\" class=\"alignnone size-full wp-image-33324\" src=\"https:\/\/www.ilheusnoticias.net.br\/v1\/wp-content\/uploads\/2023\/11\/WhatsApp-Image-2023-11-20-at-09.38.45.jpeg\" alt=\"\" width=\"600\" height=\"600\" srcset=\"https:\/\/www.ilheusnoticias.net.br\/v1\/wp-content\/uploads\/2023\/11\/WhatsApp-Image-2023-11-20-at-09.38.45.jpeg 600w, https:\/\/www.ilheusnoticias.net.br\/v1\/wp-content\/uploads\/2023\/11\/WhatsApp-Image-2023-11-20-at-09.38.45-300x300.jpeg 300w, https:\/\/www.ilheusnoticias.net.br\/v1\/wp-content\/uploads\/2023\/11\/WhatsApp-Image-2023-11-20-at-09.38.45-150x150.jpeg 150w\" sizes=\"(max-width: 600px) 100vw, 600px\" \/><\/p>\n<p>De 23 a 26 de novembro, a partir das 18h, a cidade de Itabuna ser\u00e1 palco do Expo Comunidade, um evento que promete quatro dias intensos de celebra\u00e7\u00e3o, aprendizado e entretenimento. Com o slogan &#8220;Uni\u00e3o, Pertencimento e Artes&#8221;, a iniciativa busca fortalecer os la\u00e7os da comunidade, destacando a diversidade cultural e fomentando o empreendedorismo local.<\/p>\n<p>Durante o evento, diversas atividades est\u00e3o programadas para envolver e cativar o p\u00fablico, incluindo o Desfile Garota Comunidade. Feiras de empreendedorismo, palestras e rodas de conversa, bem como exposi\u00e7\u00e3o de arte e fotografia e shows gratuitos proporcionar\u00e3o momentos de reflex\u00e3o e aprecia\u00e7\u00e3o cultural.<\/p>\n<p>As oficinas culturais e feiras liter\u00e1rias ser\u00e3o oportunidades para o p\u00fablico se envolver diretamente com a produ\u00e7\u00e3o art\u00edstica local. O evento conta com o patroc\u00ednio do Governo do Estado e o apoio fundamental do deputado estadual Fabr\u00edcio Pancadinha, um dos co-realizadores do Expo Comunidade 2023. A contribui\u00e7\u00e3o do deputado tem sido crucial para tornar este evento uma realidade, unindo a comunidade em torno da cultura, pertencimento e celebra\u00e7\u00e3o.<\/p>\n<p>\u201cConvidamos toda a popula\u00e7\u00e3o para participar ativamente deste evento que contribui para o fortalecimento da nossa cultura, atrav\u00e9s de uma experi\u00eancia enriquecedora que faz de Itabuna um lugar \u00fanico\u201d, ressaltou Pancadinha.<\/p>\n<p>O Expo Comunidade 2023 apresenta ainda a Mostra 244, uma exposi\u00e7\u00e3o que re\u00fane obras diversas, representando a riqueza art\u00edstica da regi\u00e3o. Al\u00e9m disso, a\u00e7\u00f5es de cidadania e servi\u00e7os comunit\u00e1rios fortalecer\u00e3o o compromisso social do evento.<\/p>\n<p>No Palco Resist\u00eancia, artistas e bandas renomadas como Ponto de Equil\u00edbrio, Edson Gomes e Isaque Gomes, Nadson O Ferinha, Jauperi, Fabr\u00edcio Pancadinha, Ad\u00e3o Negro, 99 no Beat, Toque Dez, Sinho Ferrary, Asas Livres, entre outros, prometem agitar o p\u00fablico com apresenta\u00e7\u00f5es vibrantes e cheias de energia.<\/p>\n<p>O Palco Uni\u00e3o tamb\u00e9m n\u00e3o fica atr\u00e1s, contando com a presen\u00e7a de talentos locais como Cristal Son, Raynerzinho, Sammbe Vip, Para Tudo, Igor Santana e outros, proporcionando uma experi\u00eancia musical diversificada e envolvente.<\/p>\n<p>Programa\u00e7\u00e3o<\/p>\n<p>Expo Comunidade 2023<\/p>\n<p>Quando: 23 a 26 de novembro, a partir das 18h<\/p>\n<p>Onde: Espora de Ouro \u2013 Itabuna<\/p>\n<p>Quinta-feira (23\/11)<\/p>\n<p>&#8211; Dey James &amp; Elen Mel<br \/>\n&#8211; Neto Santana<br \/>\n&#8211; Nadson O Ferinha<br \/>\n&#8211; Desfile Garota Comunidade<\/p>\n<p>Sexta-feira (24\/11)<\/p>\n<p>&#8211; Nova Proposta<br \/>\n&#8211; Razzo &amp; Polvos<br \/>\n&#8211; Isaque Gomes &amp; Edson Gomes<br \/>\n&#8211; Silfarley<br \/>\n&#8211; Jhon Jhon<br \/>\n&#8211; Symone Morena<br \/>\n&#8211; Amor a Dois<br \/>\n&#8211; Desfile Garota Comunidade<\/p>\n<p>S\u00e1bado (25\/11)<\/p>\n<p>&#8211; Sammbe Vip<br \/>\n&#8211; Italo Carloni<br \/>\n&#8211; Gilsinho Nery<br \/>\n&#8211; Cristal Som<br \/>\n&#8211; Ad\u00e3o Negro<br \/>\n&#8211; Igor Santana<br \/>\n&#8211; Desfile Garota Comunidade<br \/>\n&#8211; Dani Matos<br \/>\n&#8211; Oh Pol\u00eamico<br \/>\n&#8211; Sinho Ferrary<br \/>\n&#8211; Asas Livres<br \/>\n&#8211; Raynerzinho<\/p>\n<p>Domingo (26\/11)<\/p>\n<p>&#8211; Para Tudo<br \/>\n&#8211; Swing Nosso<br \/>\n&#8211; Hiago Danadinho<br \/>\n&#8211; Heitor Ferraz<br \/>\n&#8211; Rafa Motah<br \/>\n&#8211; Ponto de Equil\u00edbrio<br \/>\n&#8211; Desfile Garota Comunidade<br \/>\n&#8211; Toque Dez<br \/>\n&#8211; 99 no Beat<\/p>\n","protected":false},"excerpt":{"rendered":"<p>De 23 a 26 de novembro, a partir das 18h, a cidade de Itabuna ser\u00e1 palco do Expo Comunidade, um evento que promete quatro dias intensos de celebra\u00e7\u00e3o, aprendizado e entretenimento. Com o slogan &#8220;Uni\u00e3o, Pertencimento e Artes&#8221;, a iniciativa busca fortalecer os la\u00e7os da comunidade, destacando a diversidade cultural e fomentando o empreendedorismo local. [&hellip;]<\/p>\n","protected":false},"author":2,"featured_media":0,"comment_status":"open","ping_status":"open","sticky":false,"template":"","format":"standard","meta":{"_links_to":"","_links_to_target":""},"categories":[7,9,8,1],"tags":[],"_links":{"self":[{"href":"https:\/\/www.ilheusnoticias.net.br\/v1\/wp-json\/wp\/v2\/posts\/33323"}],"collection":[{"href":"https:\/\/www.ilheusnoticias.net.br\/v1\/wp-json\/wp\/v2\/posts"}],"about":[{"href":"https:\/\/www.ilheusnoticias.net.br\/v1\/wp-json\/wp\/v2\/types\/post"}],"author":[{"embeddable":true,"href":"https:\/\/www.ilheusnoticias.net.br\/v1\/wp-json\/wp\/v2\/users\/2"}],"replies":[{"embeddable":true,"href":"https:\/\/www.ilheusnoticias.net.br\/v1\/wp-json\/wp\/v2\/comments?post=33323"}],"version-history":[{"count":1,"href":"https:\/\/www.ilheusnoticias.net.br\/v1\/wp-json\/wp\/v2\/posts\/33323\/revisions"}],"predecessor-version":[{"id":33325,"href":"https:\/\/www.ilheusnoticias.net.br\/v1\/wp-json\/wp\/v2\/posts\/33323\/revisions\/33325"}],"wp:attachment":[{"href":"https:\/\/www.ilheusnoticias.net.br\/v1\/wp-json\/wp\/v2\/media?parent=33323"}],"wp:term":[{"taxonomy":"category","embeddable":true,"href":"https:\/\/www.ilheusnoticias.net.br\/v1\/wp-json\/wp\/v2\/categories?post=33323"},{"taxonomy":"post_tag","embeddable":true,"href":"https:\/\/www.ilheusnoticias.net.br\/v1\/wp-json\/wp\/v2\/tags?post=33323"}],"curies":[{"name":"wp","href":"https:\/\/api.w.org\/{rel}","templated":true}]}}