{"id":33151,"date":"2023-10-11T10:08:44","date_gmt":"2023-10-11T13:08:44","guid":{"rendered":"https:\/\/www.ilheusnoticias.net.br\/v1\/?p=33151"},"modified":"2023-10-11T10:08:44","modified_gmt":"2023-10-11T13:08:44","slug":"hoje-faculdade-de-ilheus-promove-i-forum-de-fisioterapia-e-terapia-ocupacional-do-sul-da-bahia","status":"publish","type":"post","link":"https:\/\/www.ilheusnoticias.net.br\/v1\/2023\/10\/11\/hoje-faculdade-de-ilheus-promove-i-forum-de-fisioterapia-e-terapia-ocupacional-do-sul-da-bahia\/","title":{"rendered":"Hoje: Faculdade de Ilh\u00e9us promove I F\u00f3rum de Fisioterapia e Terapia Ocupacional do Sul da Bahia"},"content":{"rendered":"<div class=\"PostHeaderIcons metadata-icons\"><\/div>\n<div class=\"PostContent\">\n<p><img loading=\"lazy\" class=\"aligncenter wp-image-155602\" src=\"https:\/\/www.blogdothame.blog.br\/v1\/wp-content\/uploads\/2023\/10\/Faculdade-de-Ilheus-Arquivo-Victor-Rezende-1-1.jpg\" sizes=\"(max-width: 431px) 100vw, 431px\" srcset=\"https:\/\/www.blogdothame.blog.br\/v1\/wp-content\/uploads\/2023\/10\/Faculdade-de-Ilheus-Arquivo-Victor-Rezende-1-1.jpg 600w, https:\/\/www.blogdothame.blog.br\/v1\/wp-content\/uploads\/2023\/10\/Faculdade-de-Ilheus-Arquivo-Victor-Rezende-1-1-300x167.jpg 300w\" alt=\"\" width=\"431\" height=\"239\" \/><\/p>\n<p>O I F\u00f3rum de Fisioterapia e Terapia Ocupacional do Sul da Bahia acontece nesta quarta-feira, dia 11 de outubro, das 18h30min \u00e0s 21h30min, presencialmente no audit\u00f3rio da Faculdade de Ilh\u00e9us e de forma remota para convidados externos. Alusivo aos 54 anos da Fisioterapia e Terapia Ocupacional, o evento tem como objetivo promover exa\u00e7\u00e3o profissional, conex\u00e3o e fortalecimento regional das classes e a reaproxima\u00e7\u00e3o do Conselho Regional de Fisioterapia e Terapia Ocupacional da 7\u00aa Regi\u00e3o (Crefito-7) com os acad\u00eamicos e profissionais, sobretudo do interior da Bahia.<\/p>\n<p>A solenidade de abertura do F\u00f3rum contar\u00e1 com a participa\u00e7\u00e3o do diretor-geral da Faculdade de Ilh\u00e9us e Faculdade Madre Tha\u00eds, professor Almir Milanesi, da coordenadora do curso de Fisioterapia da Faculdade Madre Tha\u00eds, professora Karla Gresik, da professora e diretora-secret\u00e1ria do Crefito-7, Gracielle Santos, e das docentes de Fisioterapia da Faculdade Madre Tha\u00eds, Ana Luiza Nascimento e Tirza Sathler. De forma remota, tamb\u00e9m participar\u00e3o, o presidente do Crefito-7, Sandro Suarez, o presidente da (Associa\u00e7\u00e3o Brasileira dos Terapeutas Ocupacionais (Abrato), Derivan Brito da Silva, a delegada regional da Abrato, Liliam Macedo Vaz de Alencar, e a coordenadora do curso de Fisioterapia da Faculdade Brasileira do Rec\u00f4ncavo (FBBR), Helineide Cardoso Damasceno.<\/p>\n<p>Logo ap\u00f3s a oficializa\u00e7\u00e3o de abertura do F\u00f3rum, a primeira palestra ser\u00e1 proferida pela fisioterapeuta Karen Trippo, doutora em Ci\u00eancias da Sa\u00fade, sobre o tema \u201cExergames. Qual a aplicabilidade e resolutividade?\u201d. Em seguida, Maria Luiza Caires, doutora em Fisioterapia, abordar\u00e1 o tema \u201cLi\u00e7\u00f5es aprendidas e possibilidades para atua\u00e7\u00e3o profissional\u201d. Na oportunidade, haver\u00e1 homenagens com Men\u00e7\u00f5es Honrosas aos seguintes profissionais: fisioterapeutas T\u00e2nia Lavigne, Melqu\u00edades Lessa e Kl\u00eania Carrazza, e as terapeutas ocupacionais Giselle Holliday e Camila Nascimento.<\/p>\n<p>&nbsp;<\/p>\n<p>(foto Victor Rezende\/divulga\u00e7\u00e3o)<\/p>\n<\/div>\n","protected":false},"excerpt":{"rendered":"<p>O I F\u00f3rum de Fisioterapia e Terapia Ocupacional do Sul da Bahia acontece nesta quarta-feira, dia 11 de outubro, das 18h30min \u00e0s 21h30min, presencialmente no audit\u00f3rio da Faculdade de Ilh\u00e9us e de forma remota para convidados externos. Alusivo aos 54 anos da Fisioterapia e Terapia Ocupacional, o evento tem como objetivo promover exa\u00e7\u00e3o profissional, conex\u00e3o [&hellip;]<\/p>\n","protected":false},"author":2,"featured_media":0,"comment_status":"open","ping_status":"open","sticky":false,"template":"","format":"standard","meta":{"_links_to":"","_links_to_target":""},"categories":[7,9,8,1],"tags":[],"_links":{"self":[{"href":"https:\/\/www.ilheusnoticias.net.br\/v1\/wp-json\/wp\/v2\/posts\/33151"}],"collection":[{"href":"https:\/\/www.ilheusnoticias.net.br\/v1\/wp-json\/wp\/v2\/posts"}],"about":[{"href":"https:\/\/www.ilheusnoticias.net.br\/v1\/wp-json\/wp\/v2\/types\/post"}],"author":[{"embeddable":true,"href":"https:\/\/www.ilheusnoticias.net.br\/v1\/wp-json\/wp\/v2\/users\/2"}],"replies":[{"embeddable":true,"href":"https:\/\/www.ilheusnoticias.net.br\/v1\/wp-json\/wp\/v2\/comments?post=33151"}],"version-history":[{"count":1,"href":"https:\/\/www.ilheusnoticias.net.br\/v1\/wp-json\/wp\/v2\/posts\/33151\/revisions"}],"predecessor-version":[{"id":33152,"href":"https:\/\/www.ilheusnoticias.net.br\/v1\/wp-json\/wp\/v2\/posts\/33151\/revisions\/33152"}],"wp:attachment":[{"href":"https:\/\/www.ilheusnoticias.net.br\/v1\/wp-json\/wp\/v2\/media?parent=33151"}],"wp:term":[{"taxonomy":"category","embeddable":true,"href":"https:\/\/www.ilheusnoticias.net.br\/v1\/wp-json\/wp\/v2\/categories?post=33151"},{"taxonomy":"post_tag","embeddable":true,"href":"https:\/\/www.ilheusnoticias.net.br\/v1\/wp-json\/wp\/v2\/tags?post=33151"}],"curies":[{"name":"wp","href":"https:\/\/api.w.org\/{rel}","templated":true}]}}