{"id":33118,"date":"2023-10-05T14:45:46","date_gmt":"2023-10-05T17:45:46","guid":{"rendered":"https:\/\/www.ilheusnoticias.net.br\/v1\/?p=33118"},"modified":"2023-10-05T14:45:46","modified_gmt":"2023-10-05T17:45:46","slug":"em-brasilia-mario-alexandre-protocola-maior-projeto-de-contencao-de-encostas-da-historia-de-ilheus","status":"publish","type":"post","link":"https:\/\/www.ilheusnoticias.net.br\/v1\/2023\/10\/05\/em-brasilia-mario-alexandre-protocola-maior-projeto-de-contencao-de-encostas-da-historia-de-ilheus\/","title":{"rendered":"Em Bras\u00edlia, M\u00e1rio Alexandre protocola maior projeto de conten\u00e7\u00e3o de encostas da hist\u00f3ria de Ilh\u00e9us"},"content":{"rendered":"<p class=\"ds_chamada\">O projeto macro de conten\u00e7\u00e3o de encostas passar\u00e1 por um estudo de viabilidade para ser acrescentado ao novo PAC do Governo Federal<\/p>\n<div class=\"imagem thumbnail col-xs-12 col-sm-8 col-md-6 col-lg-6 imagem-materia\"><a class=\"fresco\" title=\"Cr\u00e9dito foto: Neto\" href=\"https:\/\/portalfacilarquivos.blob.core.windows.net\/uploads\/ILHEUS\/imgOrig\/%7BAE4BED2C-5654-56DB-55EA-ED45BEC4CBBE%7D.jpg\" data-fresco-caption=\"Cr\u00e9dito foto: Neto\"><img loading=\"lazy\" title=\"Cr\u00e9dito foto: Neto\" src=\"https:\/\/portalfacilarquivos.blob.core.windows.net\/uploads\/ILHEUS\/img\/%7BAE4BED2C-5654-56DB-55EA-ED45BEC4CBBE%7D\/%7BAE4BED2C-5654-56DB-55EA-ED45BEC4CBBE%7D_650X450.jpg\" alt=\"altos; morros; encostas\" width=\"650\" height=\"450\" \/><\/a><\/p>\n<p class=\"bg-primary\">Cr\u00e9dito foto: Neto<\/p>\n<\/div>\n<p>Desde o in\u00edcio do seu mandato, o prefeito M\u00e1rio Alexandre tem dado aten\u00e7\u00e3o especial \u00e0 popula\u00e7\u00e3o residente em regi\u00f5es perif\u00e9ricas e \u00e1reas de morro de Ilh\u00e9us. N\u00e3o \u00e0 toa, o gestor lan\u00e7ou o programa Caminho dos Altos, iniciativa que garante seguran\u00e7a e melhores condi\u00e7\u00f5es de mobilidade nestas localidades.<\/p>\n<p>Cumprindo agenda em Bras\u00edlia na \u00faltima quarta-feira (4), M\u00e1rio Alexandre dialogou com parlamentares e membros do Governo Federal, a fim de apresentar projetos na \u00e1rea do Desenvolvimento Social. No Minist\u00e9rio da Casa Civil, o prefeito protocolou o maior projeto de conten\u00e7\u00e3o de encostas da hist\u00f3ria de Ilh\u00e9us, que contemplar\u00e1 todas as encostas do munic\u00edpio.<\/p>\n<div class=\"imagem thumbnail col-xs-12 col-sm-8 col-md-6 col-lg-6 imagem-materia\"><a class=\"fresco\" title=\"\" href=\"https:\/\/portalfacilarquivos.blob.core.windows.net\/uploads\/ILHEUS\/imgOrig\/%7BCADA7DEB-6EC0-DA3C-3B3B-BB777EBD13BB%7D.jpeg\" data-fresco-caption=\"\"><img loading=\"lazy\" title=\"\" src=\"https:\/\/portalfacilarquivos.blob.core.windows.net\/uploads\/ILHEUS\/img\/%7BCADA7DEB-6EC0-DA3C-3B3B-BB777EBD13BB%7D\/%7BCADA7DEB-6EC0-DA3C-3B3B-BB777EBD13BB%7D_650X450.jpeg\" alt=\"encostas; morros\" width=\"650\" height=\"450\" \/><\/a><\/div>\n<p>Durante as fortes chuvas registradas em dezembro de 2021, o ent\u00e3o governador Rui Costa acompanhou de perto a situa\u00e7\u00e3o enfrentada pelos moradores dos altos da cidade e solicitou um projeto macro de conten\u00e7\u00e3o de encostas. Essas \u00e1reas de risco s\u00e3o formadas devido \u00e0s constru\u00e7\u00f5es irregulares, corte e aterros incompat\u00edveis com o terreno, desmatamento, entre outros. O deslizamento de terras \u00e9 um problema cr\u00f4nico, que afeta parcela expressiva da popula\u00e7\u00e3o ilheense.<\/p>\n<p>\u201cSolicitei prontamente \u00e0 nossa equipe t\u00e9cnica a elabora\u00e7\u00e3o do projeto que hoje foi entregue ao Minist\u00e9rio da Casa Civil e que beneficiar\u00e1 milhares de fam\u00edlias carentes dos nossos altos. Com muito afinco desenvolvemos esse trabalho para cuidar das pessoas e salvar vidas. O projeto macro de conten\u00e7\u00e3o de encostas passar\u00e1 por um estudo de viabilidade e esperamos que seja acrescentado ao novo PAC do Governo Federal\u201d, disse o prefeito.<\/p>\n<div class=\"imagem thumbnail col-xs-12 col-sm-8 col-md-6 col-lg-6 imagem-materia\"><a class=\"fresco\" title=\"\" href=\"https:\/\/portalfacilarquivos.blob.core.windows.net\/uploads\/ILHEUS\/imgOrig\/%7BC84B3BDD-8ECE-6DCB-7C7E-65BDCAEDE83B%7D.jpeg\" data-fresco-caption=\"\"><img loading=\"lazy\" title=\"\" src=\"https:\/\/portalfacilarquivos.blob.core.windows.net\/uploads\/ILHEUS\/img\/%7BC84B3BDD-8ECE-6DCB-7C7E-65BDCAEDE83B%7D\/%7BC84B3BDD-8ECE-6DCB-7C7E-65BDCAEDE83B%7D_650X450.jpeg\" alt=\"caminho dos altos\" width=\"650\" height=\"450\" \/><\/a>Apesar de ter realizado investimentos com recursos pr\u00f3prios por meio do programa Caminho dos Altos, a atual gest\u00e3o garantiu emendas importantes para as encostas da cidade. Contudo, as verbas destinadas foram insuficientes para atender todas as localidades.<\/div>\n<p>\u201cFaltava esse projeto macro de conten\u00e7\u00e3o de encostas. Gra\u00e7as a Deus vamos realizar mais um grande sonho da popula\u00e7\u00e3o de Ilh\u00e9us, principalmente daquelas pessoas mais carentes. Isso vai acabar com problemas hist\u00f3ricos e iremos evitar que cat\u00e1strofes voltem a acontecer. Mais uma vit\u00f3ria, fruto de muito trabalho e articula\u00e7\u00e3o pol\u00edtica em prol do povo que tanto amo\u201d, ressaltou M\u00e1rio Alexandre.<\/p>\n<div class=\"imagem thumbnail col-xs-12 col-sm-8 col-md-6 col-lg-6 imagem-materia\"><a class=\"fresco\" title=\"\" href=\"https:\/\/portalfacilarquivos.blob.core.windows.net\/uploads\/ILHEUS\/imgOrig\/%7BAAD04DAA-1515-8ADA-A0DB-3E72EBEBCBE1%7D.jpeg\" data-fresco-caption=\"\"><img loading=\"lazy\" title=\"\" src=\"https:\/\/portalfacilarquivos.blob.core.windows.net\/uploads\/ILHEUS\/img\/%7BAAD04DAA-1515-8ADA-A0DB-3E72EBEBCBE1%7D\/%7BAAD04DAA-1515-8ADA-A0DB-3E72EBEBCBE1%7D_650X450.jpeg\" alt=\"caminho dos altos\" width=\"650\" height=\"450\" \/><\/a>Na oportunidade, o prefeito foi recebido no gabinete da deputada federal Alice Portugal, onde tratou de quest\u00f5es relacionadas ao patrim\u00f4nio hist\u00f3rico de Ilh\u00e9us, incluindo a preserva\u00e7\u00e3o e reforma do Pal\u00e1cio Paranagu\u00e1. A pauta tamb\u00e9m girou em torno do envio de emendas para fortalecer programas sociais e impulsionar o desenvolvimento local.<\/div>\n<p>Entre os dias 3 e 4 de outubro, o gestor participou da mobiliza\u00e7\u00e3o organizada pela Confedera\u00e7\u00e3o Nacional de Munic\u00edpios (CNM). O ato envolveu chefes do Executivo de todo o pa\u00eds em busca de solu\u00e7\u00f5es para a crise financeira que as prefeituras est\u00e3o enfrentando devido \u00e0 queda no repasse do Fundo de Participa\u00e7\u00e3o dos Munic\u00edpios (FPM).<\/p>\n","protected":false},"excerpt":{"rendered":"<p>O projeto macro de conten\u00e7\u00e3o de encostas passar\u00e1 por um estudo de viabilidade para ser acrescentado ao novo PAC do Governo Federal Cr\u00e9dito foto: Neto Desde o in\u00edcio do seu mandato, o prefeito M\u00e1rio Alexandre tem dado aten\u00e7\u00e3o especial \u00e0 popula\u00e7\u00e3o residente em regi\u00f5es perif\u00e9ricas e \u00e1reas de morro de Ilh\u00e9us. N\u00e3o \u00e0 toa, o [&hellip;]<\/p>\n","protected":false},"author":2,"featured_media":0,"comment_status":"open","ping_status":"open","sticky":false,"template":"","format":"standard","meta":{"_links_to":"","_links_to_target":""},"categories":[7,9,8,1],"tags":[],"_links":{"self":[{"href":"https:\/\/www.ilheusnoticias.net.br\/v1\/wp-json\/wp\/v2\/posts\/33118"}],"collection":[{"href":"https:\/\/www.ilheusnoticias.net.br\/v1\/wp-json\/wp\/v2\/posts"}],"about":[{"href":"https:\/\/www.ilheusnoticias.net.br\/v1\/wp-json\/wp\/v2\/types\/post"}],"author":[{"embeddable":true,"href":"https:\/\/www.ilheusnoticias.net.br\/v1\/wp-json\/wp\/v2\/users\/2"}],"replies":[{"embeddable":true,"href":"https:\/\/www.ilheusnoticias.net.br\/v1\/wp-json\/wp\/v2\/comments?post=33118"}],"version-history":[{"count":1,"href":"https:\/\/www.ilheusnoticias.net.br\/v1\/wp-json\/wp\/v2\/posts\/33118\/revisions"}],"predecessor-version":[{"id":33119,"href":"https:\/\/www.ilheusnoticias.net.br\/v1\/wp-json\/wp\/v2\/posts\/33118\/revisions\/33119"}],"wp:attachment":[{"href":"https:\/\/www.ilheusnoticias.net.br\/v1\/wp-json\/wp\/v2\/media?parent=33118"}],"wp:term":[{"taxonomy":"category","embeddable":true,"href":"https:\/\/www.ilheusnoticias.net.br\/v1\/wp-json\/wp\/v2\/categories?post=33118"},{"taxonomy":"post_tag","embeddable":true,"href":"https:\/\/www.ilheusnoticias.net.br\/v1\/wp-json\/wp\/v2\/tags?post=33118"}],"curies":[{"name":"wp","href":"https:\/\/api.w.org\/{rel}","templated":true}]}}