{"id":32551,"date":"2023-07-27T07:55:46","date_gmt":"2023-07-27T10:55:46","guid":{"rendered":"https:\/\/www.ilheusnoticias.net.br\/v1\/?p=32551"},"modified":"2023-07-27T07:55:46","modified_gmt":"2023-07-27T10:55:46","slug":"conselho-municipal-de-educacao-de-itabuna-comemora-25-anos-com-entrega-da-comenda-anizio-teixeira","status":"publish","type":"post","link":"https:\/\/www.ilheusnoticias.net.br\/v1\/2023\/07\/27\/conselho-municipal-de-educacao-de-itabuna-comemora-25-anos-com-entrega-da-comenda-anizio-teixeira\/","title":{"rendered":"Conselho Municipal de Educa\u00e7\u00e3o de Itabuna comemora 25 anos com entrega da Comenda An\u00edzio Teixeira"},"content":{"rendered":"<div class=\"Post\">\n<div class=\"Post-body\">\n<div class=\"Post-inner article\">\n<div class=\"PostFooterIcons metadata-icons\"><img loading=\"lazy\" class=\"aligncenter wp-image-152838\" src=\"https:\/\/www.blogdothame.blog.br\/v1\/wp-content\/uploads\/2023\/07\/CME.jpeg\" sizes=\"(max-width: 451px) 100vw, 451px\" srcset=\"https:\/\/www.blogdothame.blog.br\/v1\/wp-content\/uploads\/2023\/07\/CME.jpeg 600w, https:\/\/www.blogdothame.blog.br\/v1\/wp-content\/uploads\/2023\/07\/CME-300x170.jpeg 300w\" alt=\"\" width=\"451\" height=\"255\" \/><\/div>\n<\/div>\n<\/div>\n<\/div>\n<div class=\"Post\">\n<div class=\"Post-body\">\n<div class=\"Post-inner article\">\n<div class=\"PostContent\">\n<p>O prefeito de Itabuna, Augusto Castro (PSD), e a secret\u00e1ria municipal da Educa\u00e7\u00e3o, Adriana Tumissa, participaram de uma cerim\u00f4nia em comemora\u00e7\u00e3o aos 25 anos do Conselho Municipal de Educa\u00e7\u00e3o (CME). A solenidade ocorreu no Teatro Municipal Candinha D\u00f3ria, na noite de segunda-feira, dia 24, contando com a presen\u00e7a da secret\u00e1ria da Educa\u00e7\u00e3o da Bahia, Ad\u00e9lia Pinheiro.<\/p>\n<div id=\"attachment_152839\" class=\"wp-caption alignleft\"><img loading=\"lazy\" class=\" wp-image-152839\" src=\"https:\/\/www.blogdothame.blog.br\/v1\/wp-content\/uploads\/2023\/07\/Adelia.jpg\" sizes=\"(max-width: 305px) 100vw, 305px\" srcset=\"https:\/\/www.blogdothame.blog.br\/v1\/wp-content\/uploads\/2023\/07\/Adelia.jpg 311w, https:\/\/www.blogdothame.blog.br\/v1\/wp-content\/uploads\/2023\/07\/Adelia-292x300.jpg 292w\" alt=\"\" width=\"305\" height=\"314\" aria-describedby=\"caption-attachment-152839\" \/><\/p>\n<p id=\"caption-attachment-152839\" class=\"wp-caption-text\">Ad\u00e9lia Pinheiro recebe a Comenda An\u00edzio Teixeira<\/p>\n<\/div>\n<p>Dentre as autoridades, tamb\u00e9m prestigiou o evento o presidente da Uni\u00e3o Nacional dos Conselhos Municipais da Educa\u00e7\u00e3o (UNCME), Manoel Humberto Gonzaga Lima, da coordenadora da UNCME-BA, GIlv\u00e2nia Nascimento, do presidente do Conselho Estadual da Educa\u00e7\u00e3o da Bahia, Paulo Gabriel Nascif, os reitores da UFSB, Joana Ang\u00e9lica Guimar\u00e3es, da UESC, Alessandro Fernandes, coordenadora do NTE-5, Larissa Melo, presidente do SIMPI, Maria do Carmo Oliveira, dentre outras autoridades.<\/p>\n<p>O prefeito Augusto Castro destacou os avan\u00e7os na Educa\u00e7\u00e3o municipal durante sua gest\u00e3o. \u201cNa gest\u00e3o tivemos muitas dificuldades na Educa\u00e7\u00e3o. Itabuna tem aproximadamente 100 escolas que h\u00e1 anos precisavam de reformas. Por isso, desenvolvemos um programa de requalifica\u00e7\u00e3o. Al\u00e9m disso, Conseguimos aplicar o piso nacional dos professores ano passado, de 33, 24%, e neste ano, de 14,95%. Tamb\u00e9m estamos investindo em materiais escolares e mobili\u00e1rio.<\/p>\n<p>\u201cPara voc\u00eas terem uma id\u00e9ia, arrecadamos do FUNDEB R$b 138 milh\u00f5es, mas nosso custo com a educa\u00e7\u00e3o \u00e9 de R$ 225 milh\u00f5es. \u00c9 preciso ter parcerias e gra\u00e7as ao Governo da Bahia que tem nos ajudado, desde os ex- governadores Jaques Wagner e Rui Costa, o atual ministro da Casa Civil, e agora, o nosso governador Jer\u00f4nimo Rodrigues que \u00e9 professor e tem sensibilidade. Com essa parceria estamos colhendo bons frutos\u201d, salientou o prefeito Augusto Castro.<\/p>\n<\/div>\n<\/div>\n<\/div>\n<\/div>\n","protected":false},"excerpt":{"rendered":"<p>O prefeito de Itabuna, Augusto Castro (PSD), e a secret\u00e1ria municipal da Educa\u00e7\u00e3o, Adriana Tumissa, participaram de uma cerim\u00f4nia em comemora\u00e7\u00e3o aos 25 anos do Conselho Municipal de Educa\u00e7\u00e3o (CME). A solenidade ocorreu no Teatro Municipal Candinha D\u00f3ria, na noite de segunda-feira, dia 24, contando com a presen\u00e7a da secret\u00e1ria da Educa\u00e7\u00e3o da Bahia, Ad\u00e9lia [&hellip;]<\/p>\n","protected":false},"author":2,"featured_media":0,"comment_status":"open","ping_status":"open","sticky":false,"template":"","format":"standard","meta":{"_links_to":"","_links_to_target":""},"categories":[1],"tags":[],"_links":{"self":[{"href":"https:\/\/www.ilheusnoticias.net.br\/v1\/wp-json\/wp\/v2\/posts\/32551"}],"collection":[{"href":"https:\/\/www.ilheusnoticias.net.br\/v1\/wp-json\/wp\/v2\/posts"}],"about":[{"href":"https:\/\/www.ilheusnoticias.net.br\/v1\/wp-json\/wp\/v2\/types\/post"}],"author":[{"embeddable":true,"href":"https:\/\/www.ilheusnoticias.net.br\/v1\/wp-json\/wp\/v2\/users\/2"}],"replies":[{"embeddable":true,"href":"https:\/\/www.ilheusnoticias.net.br\/v1\/wp-json\/wp\/v2\/comments?post=32551"}],"version-history":[{"count":1,"href":"https:\/\/www.ilheusnoticias.net.br\/v1\/wp-json\/wp\/v2\/posts\/32551\/revisions"}],"predecessor-version":[{"id":32552,"href":"https:\/\/www.ilheusnoticias.net.br\/v1\/wp-json\/wp\/v2\/posts\/32551\/revisions\/32552"}],"wp:attachment":[{"href":"https:\/\/www.ilheusnoticias.net.br\/v1\/wp-json\/wp\/v2\/media?parent=32551"}],"wp:term":[{"taxonomy":"category","embeddable":true,"href":"https:\/\/www.ilheusnoticias.net.br\/v1\/wp-json\/wp\/v2\/categories?post=32551"},{"taxonomy":"post_tag","embeddable":true,"href":"https:\/\/www.ilheusnoticias.net.br\/v1\/wp-json\/wp\/v2\/tags?post=32551"}],"curies":[{"name":"wp","href":"https:\/\/api.w.org\/{rel}","templated":true}]}}