{"id":32351,"date":"2023-06-30T12:19:20","date_gmt":"2023-06-30T15:19:20","guid":{"rendered":"https:\/\/www.ilheusnoticias.net.br\/v1\/?p=32351"},"modified":"2023-06-30T12:19:20","modified_gmt":"2023-06-30T15:19:20","slug":"saude-na-comunidade-prefeitura-leva-servicos-ao-nossa-senhora-da-vitoria-neste-sabado-1o","status":"publish","type":"post","link":"https:\/\/www.ilheusnoticias.net.br\/v1\/2023\/06\/30\/saude-na-comunidade-prefeitura-leva-servicos-ao-nossa-senhora-da-vitoria-neste-sabado-1o\/","title":{"rendered":"Sa\u00fade na Comunidade: Prefeitura leva servi\u00e7os ao Nossa Senhora da Vit\u00f3ria neste s\u00e1bado (1\u00ba)"},"content":{"rendered":"<div class=\"imagem thumbnail col-xs-12 col-sm-8 col-md-6 col-lg-6 imagem-materia\"><a class=\"fresco\" title=\"\" href=\"https:\/\/portalfacilarquivos.blob.core.windows.net\/uploads\/ILHEUS\/imgOrig\/%7BB1EBCC86-73CC-D3CE-6C6D-33EE86A4A71A%7D.jpg\" data-fresco-caption=\"\"><img loading=\"lazy\" title=\"\" src=\"https:\/\/portalfacilarquivos.blob.core.windows.net\/uploads\/ILHEUS\/img\/%7BB1EBCC86-73CC-D3CE-6C6D-33EE86A4A71A%7D\/%7BB1EBCC86-73CC-D3CE-6C6D-33EE86A4A71A%7D_650X450.jpg\" alt=\"sa\u00fade na comunidade; rio do engenho; fasa\" width=\"650\" height=\"450\" \/><\/a><\/p>\n<p class=\"bg-primary\">A Prefeitura de Ilh\u00e9us divulgou o cronograma de servi\u00e7os que ser\u00e3o ofertados em a\u00e7\u00e3o neste s\u00e1bado (1\u00ba), das 8h \u00e0s 12h, no bairro Nossa Senhora da Vit\u00f3ria. A iniciativa integra o programa &#8220;Sa\u00fade na Comunidade&#8221;, respons\u00e1vel por promover atendimento em diversas localidades do munic\u00edpio.<\/p>\n<\/div>\n<p>O paciente deve apresentar original e c\u00f3pia do CPF, cart\u00e3o do SUS e comprovante de resid\u00eancia.\u00a0A senha ser\u00e1 retirada no Centro de Refer\u00eancia de Assist\u00eancia Social (<dfn id=\"dfn_materia_1_0\" title=\"\" data-trigger=\"hover\" data-toggle=\"popover\" data-placement=\"left\" data-content=\"Centro de Refer\u00eancia da Assist\u00eancia Social\" data-original-title=\"\">CRAS<\/dfn>) Sul.<\/p>\n<p>O cidad\u00e3o ter\u00e1 acesso aos seguintes servi\u00e7os: aferi\u00e7\u00e3o de press\u00e3o arterial, medi\u00e7\u00e3o de glicemia, coleta de exames laboratoriais, teste de acuidade visual, exame preventivo, Eletrocardiograma, consultas m\u00e9dicas (cl\u00ednico geral), vacina\u00e7\u00e3o humana e animal, atendimento odontol\u00f3gico e ultrassonografias: abdominal, mama, transvaginal e pr\u00f3stata.<\/p>\n<p><strong>Servi\u00e7o<\/strong><\/p>\n<p><strong>Sa\u00fade na Comunidade<\/strong><\/p>\n<p><strong>Data<\/strong>: 1\u00ba de julho de 2023 (s\u00e1bado), das 8h \u00e0s 12h<\/p>\n<p><strong>Local<\/strong>:\u00a0<dfn id=\"dfn_materia_1_1\" title=\"\" data-trigger=\"hover\" data-toggle=\"popover\" data-placement=\"left\" data-content=\"Centro de Refer\u00eancia da Assist\u00eancia Social\" data-original-title=\"\">CRAS<\/dfn>\u00a0Sul &#8211; bairro Nossa Senhora da Vit\u00f3ria<\/p>\n","protected":false},"excerpt":{"rendered":"<p>A Prefeitura de Ilh\u00e9us divulgou o cronograma de servi\u00e7os que ser\u00e3o ofertados em a\u00e7\u00e3o neste s\u00e1bado (1\u00ba), das 8h \u00e0s 12h, no bairro Nossa Senhora da Vit\u00f3ria. A iniciativa integra o programa &#8220;Sa\u00fade na Comunidade&#8221;, respons\u00e1vel por promover atendimento em diversas localidades do munic\u00edpio. O paciente deve apresentar original e c\u00f3pia do CPF, cart\u00e3o do [&hellip;]<\/p>\n","protected":false},"author":2,"featured_media":0,"comment_status":"open","ping_status":"open","sticky":false,"template":"","format":"standard","meta":{"_links_to":"","_links_to_target":""},"categories":[1],"tags":[],"_links":{"self":[{"href":"https:\/\/www.ilheusnoticias.net.br\/v1\/wp-json\/wp\/v2\/posts\/32351"}],"collection":[{"href":"https:\/\/www.ilheusnoticias.net.br\/v1\/wp-json\/wp\/v2\/posts"}],"about":[{"href":"https:\/\/www.ilheusnoticias.net.br\/v1\/wp-json\/wp\/v2\/types\/post"}],"author":[{"embeddable":true,"href":"https:\/\/www.ilheusnoticias.net.br\/v1\/wp-json\/wp\/v2\/users\/2"}],"replies":[{"embeddable":true,"href":"https:\/\/www.ilheusnoticias.net.br\/v1\/wp-json\/wp\/v2\/comments?post=32351"}],"version-history":[{"count":1,"href":"https:\/\/www.ilheusnoticias.net.br\/v1\/wp-json\/wp\/v2\/posts\/32351\/revisions"}],"predecessor-version":[{"id":32352,"href":"https:\/\/www.ilheusnoticias.net.br\/v1\/wp-json\/wp\/v2\/posts\/32351\/revisions\/32352"}],"wp:attachment":[{"href":"https:\/\/www.ilheusnoticias.net.br\/v1\/wp-json\/wp\/v2\/media?parent=32351"}],"wp:term":[{"taxonomy":"category","embeddable":true,"href":"https:\/\/www.ilheusnoticias.net.br\/v1\/wp-json\/wp\/v2\/categories?post=32351"},{"taxonomy":"post_tag","embeddable":true,"href":"https:\/\/www.ilheusnoticias.net.br\/v1\/wp-json\/wp\/v2\/tags?post=32351"}],"curies":[{"name":"wp","href":"https:\/\/api.w.org\/{rel}","templated":true}]}}