{"id":32349,"date":"2023-06-29T14:29:12","date_gmt":"2023-06-29T17:29:12","guid":{"rendered":"https:\/\/www.ilheusnoticias.net.br\/v1\/?p=32349"},"modified":"2023-06-29T14:29:12","modified_gmt":"2023-06-29T17:29:12","slug":"com-3x1-para-tornar-bolsonaro-inelegivel-tse-suspende-sessao-julgamento-retorna-na-sexta","status":"publish","type":"post","link":"https:\/\/www.ilheusnoticias.net.br\/v1\/2023\/06\/29\/com-3x1-para-tornar-bolsonaro-inelegivel-tse-suspende-sessao-julgamento-retorna-na-sexta\/","title":{"rendered":"Com 3&#215;1 para tornar Bolsonaro ineleg\u00edvel, TSE suspende sess\u00e3o; julgamento retorna na sexta"},"content":{"rendered":"<div class=\"row content-head non-featured \">\n<div class=\"title\" data-block-type=\"title\" data-block-id=\"0\"><\/div>\n<div class=\"medium-centered subtitle\">\n<h2 class=\"content-head__subtitle\"><span style=\"font-size: 16px;\">Por Fernanda Vivas e M\u00e1rcio Falc\u00e3o, TV Globo \u2014 Bras\u00edli<\/span><img loading=\"lazy\" class=\"i-amphtml-fill-content i-amphtml-replaced-content\" style=\"font-size: 16px;\" src=\"https:\/\/s2-g1.glbimg.com\/y4vXBUloyUqONyC8Am8QNLTkWrY=\/0x0:1024x682\/984x0\/smart\/filters:strip_icc()\/i.s3.glbimg.com\/v1\/AUTH_59edd422c0c84a879bd37670ae4f538a\/internal_photos\/bs\/2023\/r\/2\/AWROB9RIy0wQml9dP6IA\/000-33kr8bw.jpg\" sizes=\"(max-width: 1821px) 648px, 100vw\" srcset=\"https:\/\/s2-g1.glbimg.com\/MMuBlkZD6hxdorX5RBDM8wOaev8=\/0x0:1024x682\/1000x0\/smart\/filters:strip_icc()\/i.s3.glbimg.com\/v1\/AUTH_59edd422c0c84a879bd37670ae4f538a\/internal_photos\/bs\/2023\/r\/2\/AWROB9RIy0wQml9dP6IA\/000-33kr8bw.jpg 1000w, https:\/\/s2-g1.glbimg.com\/y4vXBUloyUqONyC8Am8QNLTkWrY=\/0x0:1024x682\/984x0\/smart\/filters:strip_icc()\/i.s3.glbimg.com\/v1\/AUTH_59edd422c0c84a879bd37670ae4f538a\/internal_photos\/bs\/2023\/r\/2\/AWROB9RIy0wQml9dP6IA\/000-33kr8bw.jpg 984w, https:\/\/s2-g1.glbimg.com\/TvMbUeZQKCdgRVZdqE2z8k7Nero=\/0x0:1024x682\/640x0\/smart\/filters:strip_icc()\/i.s3.glbimg.com\/v1\/AUTH_59edd422c0c84a879bd37670ae4f538a\/internal_photos\/bs\/2023\/r\/2\/AWROB9RIy0wQml9dP6IA\/000-33kr8bw.jpg 640w, https:\/\/s2-g1.glbimg.com\/3ueUEsBJgTvfPnnUxPkoxBIpXkU=\/0x0:1024x682\/600x0\/smart\/filters:strip_icc()\/i.s3.glbimg.com\/v1\/AUTH_59edd422c0c84a879bd37670ae4f538a\/internal_photos\/bs\/2023\/r\/2\/AWROB9RIy0wQml9dP6IA\/000-33kr8bw.jpg 600w\" alt=\"O ex-presidente brasileiro Jair Bolsonaro fala com a m\u00eddia durante uma visita a uma feira de transporte e log\u00edstica no Centro de Eventos FIERGS em Porto Alegre, Rio Grande do Sul, Brasil, em 22 de junho de 2023. \u2014 Foto: SILVIO AVILA \/ AFP\" width=\"471\" height=\"313\" \/><\/h2>\n<\/div>\n<\/div>\n<div class=\"mc-article-body\">\n<article>\n<div id=\"chunk-8bu2c\">\n<div class=\"row medium-uncollapsed content-media content-photo\" data-block-type=\"backstage-photo\" data-block-id=\"1\">\n<div class=\" mc-column  content-media__container\">\n<p class=\"content-media__description  \">O ex-presidente brasileiro Jair Bolsonaro fala com a m\u00eddia durante uma visita a uma feira de transporte e log\u00edstica no Centro de Eventos FIERGS em Porto Alegre, Rio Grande do Sul, Brasil, em 22 de junho de 2023. \u2014 Foto: SILVIO AVILA \/ AFP<\/p>\n<\/div>\n<\/div>\n<\/div>\n<div id=\"chunk-ajmr7\">\n<div class=\"mc-column content-text active-extra-styles \" data-block-type=\"unstyled\" data-block-weight=\"43\" data-block-id=\"3\">\n<p class=\"content-text__container \" data-track-category=\"Link no Texto\" data-track-links=\"\">O\u00a0<a class=\"\" href=\"https:\/\/g1.globo.com\/tudo-sobre\/tribunal-superior-eleitoral\/\">Tribunal Superior Eleitoral<\/a>\u00a0(TSE)\u00a0<a class=\"\" href=\"https:\/\/g1.globo.com\/politica\/noticia\/2023\/06\/29\/tse-retoma-nesta-quinta-feira-o-julgamento-de-bolsonaro-veja-o-que-esta-previsto-para-a-sessao.ghtml\">continuou na manh\u00e3 desta quinta-feira (29)<\/a>\u00a0o julgamento do ex-presidente Jair Bolsonaro (PL). Com o placar de\u00a0<strong>3 a1<\/strong>\u00a0pela inelegibilidade de Bolsonaro por oito anos, a sess\u00e3o foi suspensa e ser\u00e1 retomada nesta sexta-feira (30), \u00e0s 12h.<\/p>\n<\/div>\n<\/div>\n<div class=\"wall protected-content\">\n<div id=\"chunk-b22dl\">\n<div class=\"mc-column content-text active-extra-styles \" data-block-type=\"unstyled\" data-block-weight=\"35\" data-block-id=\"4\">\n<p class=\"content-text__container \" data-track-category=\"Link no Texto\" data-track-links=\"\">A sess\u00e3o desta quinta, a terceira para an\u00e1lise do caso, foi iniciada com o voto do ministro Raul Ara\u00fajo. Ele inaugurou uma diverg\u00eancia e votou pela rejei\u00e7\u00e3o das acusa\u00e7\u00f5es contra Bolsonaro (<strong>veja detalhes abaixo<\/strong>).<\/p>\n<\/div>\n<\/div>\n<div id=\"chunk-1fh88\">\n<div class=\"mc-column content-text active-extra-styles \" data-block-type=\"unstyled\" data-block-weight=\"44\" data-block-id=\"5\">\n<p class=\"content-text__container \" data-track-category=\"Link no Texto\" data-track-links=\"\">Em seguida, votaram os ministros Floriano de Azevedo Marques e Andr\u00e9 Ramos Tavares, pela condena\u00e7\u00e3o do ex-presidente. Na ter\u00e7a (27), o relator, ministro Benedito Gon\u00e7alves,\u00a0<a class=\"\" href=\"https:\/\/g1.globo.com\/politica\/noticia\/2023\/06\/27\/relator-vota-no-tse-para-tornar-bolsonaro-inelegivel.ghtml\">j\u00e1 havia votado por condenar Bolsonaro<\/a>, por abuso de poder pol\u00edtico e uso indevido dos meios de comunica\u00e7\u00e3o.<\/p>\n<\/div>\n<\/div>\n<div id=\"chunk-ari49\">\n<div class=\"mc-column content-text active-extra-styles \" data-block-type=\"unstyled\" data-block-weight=\"30\" data-block-id=\"7\">\n<p class=\"content-text__container \" data-track-category=\"Link no Texto\" data-track-links=\"\"><span class=\"highlight highlighted\">Com rela\u00e7\u00e3o \u00e0s acusa\u00e7\u00f5es contra o vice da chapa de Bolsonaro, Walter Braga Netto, todos os quatro ministros votaram pela rejei\u00e7\u00e3o da den\u00fancia.<\/span>\u00a0Dessa forma, j\u00e1 h\u00e1 maioria para absolv\u00ea-lo.<\/p>\n<\/div>\n<\/div>\n<div id=\"chunk-8liiv\">\n<div class=\"mc-column content-text active-extra-styles \" data-block-type=\"unstyled\" data-block-weight=\"19\" data-block-id=\"8\">\n<p class=\"content-text__container \" data-track-category=\"Link no Texto\" data-track-links=\"\">Faltam os votos da ministra C\u00e1rmen L\u00facia, e dos ministros Nunes Marques e Alexandre de Moraes, presidente do tribunal.<\/p>\n<\/div>\n<\/div>\n<div id=\"chunk-5j1u2\">\n<div class=\"mc-column content-text active-extra-styles \" data-block-type=\"unstyled\" data-block-weight=\"31\" data-block-id=\"9\">\n<p class=\"content-text__container \" data-track-category=\"Link no Texto\" data-track-links=\"\">Bolsonaro \u00e9 julgado pela reuni\u00e3o com embaixadores estrangeiros, no Pal\u00e1cio da Alvorada, na qual difamou sem provas o sistema eleitoral brasileiro. O encontro foi transmitido pela TV oficial do governo.<\/p>\n<\/div>\n<\/div>\n<div id=\"chunk-aadd0\">\n<div class=\"mc-column content-text active-extra-styles \" data-block-type=\"unstyled\" data-block-weight=\"29\" data-block-id=\"10\">\n<p class=\"content-text__container \" data-track-category=\"Link no Texto\" data-track-links=\"\">Na reuni\u00e3o &#8212; realizada \u00e0s v\u00e9speras do in\u00edcio do per\u00edodo eleitoral &#8212; o ex-presidente fez ataques \u00e0s urnas e ao sistema eleitoral, repetindo alega\u00e7\u00f5es j\u00e1 desmentidas de fraudes.<\/p>\n<\/div>\n<\/div>\n<div id=\"chunk-cg6m6\">\n<div class=\"show-multicontent-block\">\n<div class=\"show-multicontent-block-container\" data-track-category=\"multicontent\" data-track-action=\"show-multicontent-block\" data-track-scroll=\"view | Veja os principais pontos do voto do relator | \" data-block-type=\"mini-post\" data-block-id=\"11\">\n<div class=\"show-multicontent-block mc-column\" data-track-action=\"Click\">\n<div class=\"show-multicontent-block__thumbnail-wrapper\" data-track-click=\"click midia | Veja os principais pontos do voto do relator | \">\n<div class=\"style__Wrapper-sc-jfshyc-0 jLuEuT\">\n<div class=\"style__Layout-sc-jfshyc-1 style__Responsive-sc-jfshyc-3 hNmmBf\">\n<div class=\"style__Container-sc-jfshyc-4 gHwGQt\"><img loading=\"lazy\" class=\"style__Img-sc-jfshyc-6 fKxker\" src=\"https:\/\/s2.glbimg.com\/KOVVqVKLhj2m5pT5uWWEJnGk9OI=\/320x182\/middle\/smart\/i.s3.glbimg.com\/v1\/AUTH_59edd422c0c84a879bd37670ae4f538a\/internal_photos\/bs\/2023\/C\/g\/4PooSrRneiS6rOBABWXg\/53006778824-37545d48f1-c.jpg\" sizes=\"322px\" srcset=\"https:\/\/s2.glbimg.com\/KOVVqVKLhj2m5pT5uWWEJnGk9OI=\/320x182\/middle\/smart\/i.s3.glbimg.com\/v1\/AUTH_59edd422c0c84a879bd37670ae4f538a\/internal_photos\/bs\/2023\/C\/g\/4PooSrRneiS6rOBABWXg\/53006778824-37545d48f1-c.jpg 1080w\" alt=\"Veja os principais pontos do voto do relator\" width=\"320\" height=\"182\" \/><\/div>\n<\/div>\n<\/div>\n<\/div>\n<div class=\"show-multicontent-block__content\">\n<p class=\"show-multicontent-block__title\" data-track-click=\"click titulo | Veja os principais pontos do voto do relator | \">Veja os principais pontos do voto do relator<\/p>\n<\/div>\n<\/div>\n<\/div>\n<\/div>\n<\/div>\n<div id=\"chunk-elb40\">\n<div class=\"mc-column content-text active-extra-styles\" data-block-type=\"raw\" data-block-weight=\"1\" data-block-id=\"13\">\n<div class=\"content-intertitle\">\n<h2>Diverg\u00eancia<\/h2>\n<\/div>\n<\/div>\n<\/div>\n<div id=\"chunk-coi8i\">\n<div class=\"bs-video-block mc-column  content-media content-video\" data-block-type=\"backstage-video\" data-block-id=\"14\">\n<div class=\"content-media__container\">\n<div class=\"content-video__bigger-player-description-fixer\">\n<article class=\"content-video\">\n<section class=\"content-video__video-container\">\n<div class=\"content-video__video\">\n<div class=\"content-video__placeholder\" data-video-id=\"11740464\" data-video-has-viewport-play=\"True\"><img class=\"content-video__placeholder__thumb\" title=\"'Numa democracia n\u00e3o h\u00e1 de ter limites ao direito fundamental \u00e0 d\u00favida. Cada cidad\u00e3o \u00e9 livre para duvidar', diz ministro Raul Ara\u00fajo\" src=\"https:\/\/s01.video.glbimg.com\/x240\/11740464.jpg\" alt=\"'Numa democracia n\u00e3o h\u00e1 de ter limites ao direito fundamental \u00e0 d\u00favida. Cada cidad\u00e3o \u00e9 livre para duvidar', diz ministro Raul Ara\u00fajo\" \/><\/div>\n<div id=\"wp3-player-2\" class=\"clappr-player\" tabindex=\"9999\" data-player=\"\">\n<div class=\"dfp-ad-overlay dfp-ad-overlay--poster-mode\">\n<div><\/div>\n<\/div>\n<\/div>\n<\/div>\n<\/section>\n<\/article>\n<\/div>\n<p class=\"content-media__description\">&#8216;Numa democracia n\u00e3o h\u00e1 de ter limites ao direito fundamental \u00e0 d\u00favida. Cada cidad\u00e3o \u00e9 livre para duvidar&#8217;, diz ministro Raul Ara\u00fajo<\/p>\n<\/div>\n<\/div>\n<\/div>\n<div id=\"chunk-fp5l0\">\n<div class=\"mc-column content-text active-extra-styles \" data-block-type=\"unstyled\" data-block-weight=\"29\" data-block-id=\"15\">\n<p class=\"content-text__container \" data-track-category=\"Link no Texto\" data-track-links=\"\">Na sess\u00e3o desta quinta, o ministro Raul Ara\u00fajo foi o primeiro a divergir do entendimento do relator, Benedito Gon\u00e7alves, e se manifestou pela rejei\u00e7\u00e3o das acusa\u00e7\u00f5es contra Bolsonaro.<\/p>\n<\/div>\n<\/div>\n<div id=\"chunk-6nnsj\">\n<div class=\"mc-column content-text active-extra-styles \" data-block-type=\"unstyled\" data-block-weight=\"41\" data-block-id=\"16\">\n<p class=\"content-text__container \" data-track-category=\"Link no Texto\" data-track-links=\"\">No voto, o ministro afirmou entender que &#8220;n\u00e3o h\u00e1 que ter limites no direito \u00e0 d\u00favida&#8221;. Raul Ara\u00fajo concordou que Bolsonaro divulgou informa\u00e7\u00f5es comprovadamente falsas na reuni\u00e3o com embaixadores, mas entendeu inexistir &#8220;o requisito de suficiente gravidade&#8221; para a condena\u00e7\u00e3o.<\/p>\n<\/div>\n<\/div>\n<div id=\"chunk-2pf6m\">\n<div class=\"mc-column content-text active-extra-styles \" data-block-type=\"unstyled\" data-block-weight=\"48\" data-block-id=\"17\">\n<p class=\"content-text__container \" data-track-category=\"Link no Texto\" data-track-links=\"\">O ministro disse que foram tomadas provid\u00eancias para que o evento n\u00e3o tivesse repercuss\u00f5es eleitorais \u2013 como a retirada do v\u00eddeo da internet e a aplica\u00e7\u00e3o de multa. Tamb\u00e9m minimizou o impacto do discurso para os eleitores, justificando que as alega\u00e7\u00f5es j\u00e1 eram conhecidas pelos seguidores do ex-presidente.<\/p>\n<\/div>\n<\/div>\n<div id=\"chunk-1ct9k\">\n<div class=\"mc-column content-text active-extra-styles \" data-block-type=\"unstyled\" data-block-weight=\"42\" data-block-id=\"19\">\n<p class=\"content-text__container \" data-track-category=\"Link no Texto\" data-track-links=\"\">Ara\u00fajo ainda afastou poss\u00edvel irregularidade no uso da estrutura de comunica\u00e7\u00e3o do governo para a transmiss\u00e3o da reuni\u00e3o com embaixadores. Disse que, havendo ou n\u00e3o o encontro, seja qual fosse o discurso, a Empresa Brasil de Comunica\u00e7\u00e3o (EBC) repercutiria a agenda presidencial.<\/p>\n<\/div>\n<\/div>\n<div id=\"chunk-1mudd\">\n<div class=\"row medium-uncollapsed content-media content-photo\" data-block-type=\"backstage-photo\" data-block-id=\"20\">\n<div class=\" mc-column  content-media__container\">\n<div class=\"content-media-container glb-skeleton-box\">\n<figure class=\"content-media-figure\"><img class=\"i-amphtml-fill-content i-amphtml-replaced-content\" src=\"https:\/\/s2-g1.glbimg.com\/0McQG5zWVa6NmmiWVrdalUy28Q4=\/0x0:2048x1365\/984x0\/smart\/filters:strip_icc()\/i.s3.glbimg.com\/v1\/AUTH_59edd422c0c84a879bd37670ae4f538a\/internal_photos\/bs\/2023\/t\/t\/CiwIRUQ0uvXFw037rKSQ\/53009538437-2d8f9ed801-k.jpg\" sizes=\"(max-width: 1821px) 648px, 100vw\" srcset=\"https:\/\/s2-g1.glbimg.com\/lPx78k_GVT-kYOQf1LdyLM2txmk=\/0x0:2048x1365\/1000x0\/smart\/filters:strip_icc()\/i.s3.glbimg.com\/v1\/AUTH_59edd422c0c84a879bd37670ae4f538a\/internal_photos\/bs\/2023\/t\/t\/CiwIRUQ0uvXFw037rKSQ\/53009538437-2d8f9ed801-k.jpg 1000w, https:\/\/s2-g1.glbimg.com\/0McQG5zWVa6NmmiWVrdalUy28Q4=\/0x0:2048x1365\/984x0\/smart\/filters:strip_icc()\/i.s3.glbimg.com\/v1\/AUTH_59edd422c0c84a879bd37670ae4f538a\/internal_photos\/bs\/2023\/t\/t\/CiwIRUQ0uvXFw037rKSQ\/53009538437-2d8f9ed801-k.jpg 984w, https:\/\/s2-g1.glbimg.com\/sF36Es8W-G9HUBRPgF3wrF6W3ko=\/0x0:2048x1365\/640x0\/smart\/filters:strip_icc()\/i.s3.glbimg.com\/v1\/AUTH_59edd422c0c84a879bd37670ae4f538a\/internal_photos\/bs\/2023\/t\/t\/CiwIRUQ0uvXFw037rKSQ\/53009538437-2d8f9ed801-k.jpg 640w, https:\/\/s2-g1.glbimg.com\/1GXGnVhGC16g18U9iRX0yA_UKGI=\/0x0:2048x1365\/600x0\/smart\/filters:strip_icc()\/i.s3.glbimg.com\/v1\/AUTH_59edd422c0c84a879bd37670ae4f538a\/internal_photos\/bs\/2023\/t\/t\/CiwIRUQ0uvXFw037rKSQ\/53009538437-2d8f9ed801-k.jpg 600w\" alt=\"Ministro Raul Ara\u00fajo durante julgamento que pode tornar Bolsonaro ineleg\u00edvel. \u2014 Foto:  Alejandro Zambrana\/Secom\/TSE\" \/><\/figure>\n<\/div>\n<p class=\"content-media__description  \">Ministro Raul Ara\u00fajo durante julgamento que pode tornar Bolsonaro ineleg\u00edvel. \u2014 Foto: Alejandro Zambrana\/Secom\/TSE<\/p>\n<\/div>\n<\/div>\n<\/div>\n<div id=\"chunk-5bhcl\">\n<div class=\"mc-column content-text active-extra-styles \" data-block-type=\"unstyled\" data-block-weight=\"57\" data-block-id=\"21\">\n<p class=\"content-text__container \" data-track-category=\"Link no Texto\" data-track-links=\"\">No in\u00edcio do voto, Ara\u00fajo j\u00e1 tinha se manifestado contra a inclus\u00e3o da &#8220;minuta do golpe&#8221;, encontrada na casa do ex-ministro da Justi\u00e7a Anderson Torres, entre as provas do processo. O documento citava planos para instalar um estado de s\u00edtio no TSE, com o objetivo de reverter a derrota de Bolsonaro nas elei\u00e7\u00f5es, o que \u00e9 inconstitucional.<\/p>\n<\/div>\n<\/div>\n<div id=\"chunk-6bqt2\">\n<div class=\"mc-column content-text active-extra-styles \" data-block-type=\"unstyled\" data-block-weight=\"47\" data-block-id=\"22\">\n<p class=\"content-text__container \" data-track-category=\"Link no Texto\" data-track-links=\"\">Mesmo o TSE j\u00e1 tendo decidido sobre a inclus\u00e3o da quest\u00e3o, por unanimidade, em fevereiro, Ara\u00fajo considerou que \u00e9 poss\u00edvel rediscutir o tema no julgamento. O ministro afirmou entender que fatos descobertos ap\u00f3s as elei\u00e7\u00f5es n\u00e3o poderiam ser inclu\u00eddos no processo, porque n\u00e3o tiveram efeito eleitoral.<\/p>\n<\/div>\n<\/div>\n<div id=\"chunk-2t7ef\">\n<div>Durante a fala de Raul Ara\u00fajo, a pedido da ministra C\u00e1rmen L\u00facia, o relator Benedito Gon\u00e7alves esclareceu que os fundamentos para o voto pela condena\u00e7\u00e3o de Bolsonaro n\u00e3o se baseavam na minuta do golpe, apenas na reuni\u00e3o com os embaixadores.<\/div>\n<\/div>\n<div id=\"chunk-bf1co\">\n<div class=\"mc-column content-text active-extra-styles\" data-block-type=\"raw\" data-block-weight=\"5\" data-block-id=\"25\">\n<div class=\"content-intertitle\">\n<h2>Como votaram os demais ministro<\/h2>\n<\/div>\n<\/div>\n<\/div>\n<div id=\"chunk-1a8lt\">\n<div class=\"mc-column content-text active-extra-styles\" data-block-type=\"raw\" data-block-weight=\"4\" data-block-id=\"26\">\n<ul class=\"content-unordered-list\">\n<li><strong>Floriano de Azevedo Marques:<\/strong><\/li>\n<\/ul>\n<p>&nbsp;<\/p>\n<\/div>\n<\/div>\n<div id=\"chunk-7uama\">\n<div class=\"row medium-uncollapsed content-media content-photo\" data-block-type=\"backstage-photo\" data-block-id=\"27\">\n<div class=\" mc-column  content-media__container\">\n<div class=\"content-media-container glb-skeleton-box\">\n<figure class=\"content-media-figure\"><img class=\"i-amphtml-fill-content i-amphtml-replaced-content\" src=\"https:\/\/s2-g1.glbimg.com\/9PBWBCAVyLVT836Zfe1F3FkQhRc=\/0x0:1700x1065\/984x0\/smart\/filters:strip_icc()\/i.s3.glbimg.com\/v1\/AUTH_59edd422c0c84a879bd37670ae4f538a\/internal_photos\/bs\/2023\/o\/W\/wMPkNjRB63STnq9fZ6WA\/floriano-de-azevedo.jpg\" sizes=\"(max-width: 1821px) 648px, 100vw\" srcset=\"https:\/\/s2-g1.glbimg.com\/jN7_JF97VRlzq7NXNngtL-lkMfM=\/0x0:1700x1065\/1000x0\/smart\/filters:strip_icc()\/i.s3.glbimg.com\/v1\/AUTH_59edd422c0c84a879bd37670ae4f538a\/internal_photos\/bs\/2023\/o\/W\/wMPkNjRB63STnq9fZ6WA\/floriano-de-azevedo.jpg 1000w, https:\/\/s2-g1.glbimg.com\/9PBWBCAVyLVT836Zfe1F3FkQhRc=\/0x0:1700x1065\/984x0\/smart\/filters:strip_icc()\/i.s3.glbimg.com\/v1\/AUTH_59edd422c0c84a879bd37670ae4f538a\/internal_photos\/bs\/2023\/o\/W\/wMPkNjRB63STnq9fZ6WA\/floriano-de-azevedo.jpg 984w, https:\/\/s2-g1.glbimg.com\/Bhyswzqtn3YZUhEGUaU8MqEFEFs=\/0x0:1700x1065\/640x0\/smart\/filters:strip_icc()\/i.s3.glbimg.com\/v1\/AUTH_59edd422c0c84a879bd37670ae4f538a\/internal_photos\/bs\/2023\/o\/W\/wMPkNjRB63STnq9fZ6WA\/floriano-de-azevedo.jpg 640w, https:\/\/s2-g1.glbimg.com\/LIMmVS4uAmBl7sGJClC7wIEN7Go=\/0x0:1700x1065\/600x0\/smart\/filters:strip_icc()\/i.s3.glbimg.com\/v1\/AUTH_59edd422c0c84a879bd37670ae4f538a\/internal_photos\/bs\/2023\/o\/W\/wMPkNjRB63STnq9fZ6WA\/floriano-de-azevedo.jpg 600w\" alt=\"Floriano de Azevedo Marques \u00e9 3\u00ba a votar no TSE \u2014 Foto: Reprodu\u00e7\u00e3o\/TV Justi\u00e7a\" \/><\/figure>\n<\/div>\n<p class=\"content-media__description  \">Floriano de Azevedo Marques \u00e9 3\u00ba a votar no TSE \u2014 Foto: Reprodu\u00e7\u00e3o\/TV Justi\u00e7a<\/p>\n<\/div>\n<\/div>\n<\/div>\n<div id=\"chunk-bg6pj\">\n<div class=\"mc-column content-text active-extra-styles \" data-block-type=\"unstyled\" data-block-weight=\"44\" data-block-id=\"28\">\n<p class=\"content-text__container \" data-track-category=\"Link no Texto\" data-track-links=\"\">Terceiro a votar, o ministro se manifestou pela condena\u00e7\u00e3o de Bolsonaro e pela inclus\u00e3o da minuta do golpe na a\u00e7\u00e3o. Por\u00e9m, afirmou que o documento e outras transmiss\u00f5es e discursos feitos pelo ex-presidente s\u00e3o apenas acess\u00f3rios ao posicionamento dele, focado na reuni\u00e3o com embaixadores.<\/p>\n<\/div>\n<\/div>\n<div id=\"chunk-6acua\">\n<div class=\"mc-column content-text active-extra-styles \" data-block-type=\"unstyled\" data-block-weight=\"50\" data-block-id=\"29\">\n<p class=\"content-text__container \" data-track-category=\"Link no Texto\" data-track-links=\"\">Marques citou depoimentos dos ex-ministros das Rela\u00e7\u00f5es Exteriores, Carlos Fran\u00e7a, e da Casa Civil, Ciro Nogueira, e afirmou que as provas obtidas ao longo do processo apontam que a reuni\u00e3o n\u00e3o era parte da agenda de eventos institucionais. Para ele, ficou evidente que o &#8220;car\u00e1ter eleitoral era central naquela atividade&#8221;.<\/p>\n<\/div>\n<\/div>\n<div id=\"chunk-6ma1a\">\n<div class=\"mc-column content-text active-extra-styles \" data-block-type=\"unstyled\" data-block-weight=\"29\" data-block-id=\"31\">\n<p class=\"content-text__container \" data-track-category=\"Link no Texto\" data-track-links=\"\">Marques declarou que a performance de Bolsonaro na reuni\u00e3o foi menos de chefe de Estado e mais um comportamento t\u00edpico de campanha e distante da liturgia do cargo.<\/p>\n<\/div>\n<\/div>\n<div id=\"chunk-97hn4\">\n<div class=\"bs-video-block mc-column  content-media content-video\" data-block-type=\"backstage-video\" data-block-id=\"32\">\n<div class=\"content-media__container\">\n<div class=\"content-video__bigger-player-description-fixer\">\n<article class=\"content-video\">\n<section class=\"content-video__video-container\">\n<div class=\"content-video__video\">\n<div class=\"content-video__placeholder\" data-video-id=\"11740605\" data-video-has-viewport-play=\"True\"><img class=\"content-video__placeholder__thumb\" title=\"'Analisando linha a linha me convenci que teve claro objetivo eleitoral', diz ministro Floriano Marques\" src=\"https:\/\/s02.video.glbimg.com\/x240\/11740605.jpg\" alt=\"'Analisando linha a linha me convenci que teve claro objetivo eleitoral', diz ministro Floriano Marques\" \/><\/div>\n<div id=\"wp3-player-3\" class=\"clappr-player\" tabindex=\"9999\" data-player=\"\">\n<div class=\"dfp-ad-overlay dfp-ad-overlay--poster-mode\">\n<div>&#8216;Analisando linha a linha me convenci que teve claro objetivo eleitoral&#8217;, diz ministro Floriano Marques<\/div>\n<\/div>\n<\/div>\n<\/div>\n<\/section>\n<\/article>\n<\/div>\n<\/div>\n<\/div>\n<\/div>\n<div id=\"chunk-6hpr1\">\n<div class=\"mc-column content-text active-extra-styles \" data-block-type=\"unstyled\" data-block-weight=\"45\" data-block-id=\"33\">\n<p class=\"content-text__container \" data-track-category=\"Link no Texto\" data-track-links=\"\">O ministro concluiu que a situa\u00e7\u00e3o, associada ao conte\u00fado da apresenta\u00e7\u00e3o feita aos embaixadores, comprovam desvio de finalidade e abuso de poder \u2013 quando um agente p\u00fablico se vale da compet\u00eancia do cargo e vai al\u00e9m dos limites da lei para atender a interesses pr\u00f3prios.<\/p>\n<\/div>\n<\/div>\n<div id=\"chunk-fo8b6\">\n<div class=\"mc-column content-text active-extra-styles \" data-block-type=\"unstyled\" data-block-weight=\"52\" data-block-id=\"34\">\n<p class=\"content-text__container \" data-track-category=\"Link no Texto\" data-track-links=\"\">&#8220;O presidente da Rep\u00fablica, reconhe\u00e7o, podia legitimamente manter sua irresigna\u00e7\u00e3o, suas cren\u00e7as, suas incredulidades. Mas n\u00e3o lhe cabia, institucionalmente, em di\u00e1logo ou mon\u00f3logo, a sacar desconfian\u00e7as sobre a confiabilidade do sistema eleitoral, pelo qual fora eleito diversas vezes, nem em rede nacional, e muito menos perante representantes de na\u00e7\u00f5es estrangeiras&#8221;, afirmou.<\/p>\n<\/div>\n<\/div>\n<div id=\"chunk-bmtqd\">\n<div class=\"mc-column content-text active-extra-styles\" data-block-type=\"raw\" data-block-weight=\"3\" data-block-id=\"36\">\n<ul class=\"content-unordered-list\">\n<li><strong>Andr\u00e9 Ramos Tavares:<\/strong><\/li>\n<\/ul>\n<\/div>\n<\/div>\n<div id=\"chunk-4ov09\">\n<div class=\"row medium-uncollapsed content-media content-photo\" data-block-type=\"backstage-photo\" data-block-id=\"37\">\n<div class=\" mc-column  content-media__container\">\n<div class=\"content-media-container glb-skeleton-box\">\n<figure class=\"content-media-figure\"><img class=\"i-amphtml-fill-content i-amphtml-replaced-content\" src=\"https:\/\/s2-g1.glbimg.com\/yFElAk37Z_Aa3xRsI_8H-Cqth4w=\/0x0:2048x1365\/984x0\/smart\/filters:strip_icc()\/i.s3.glbimg.com\/v1\/AUTH_59edd422c0c84a879bd37670ae4f538a\/internal_photos\/bs\/2023\/M\/f\/Zh8fXwTvKUT2Ujd6QcwA\/53010611453-ebd1f55e0c-k.jpg\" sizes=\"(max-width: 1821px) 648px, 100vw\" srcset=\"https:\/\/s2-g1.glbimg.com\/q_HyV1LukCwWA2C2YsDncynQNoU=\/0x0:2048x1365\/1000x0\/smart\/filters:strip_icc()\/i.s3.glbimg.com\/v1\/AUTH_59edd422c0c84a879bd37670ae4f538a\/internal_photos\/bs\/2023\/M\/f\/Zh8fXwTvKUT2Ujd6QcwA\/53010611453-ebd1f55e0c-k.jpg 1000w, https:\/\/s2-g1.glbimg.com\/yFElAk37Z_Aa3xRsI_8H-Cqth4w=\/0x0:2048x1365\/984x0\/smart\/filters:strip_icc()\/i.s3.glbimg.com\/v1\/AUTH_59edd422c0c84a879bd37670ae4f538a\/internal_photos\/bs\/2023\/M\/f\/Zh8fXwTvKUT2Ujd6QcwA\/53010611453-ebd1f55e0c-k.jpg 984w, https:\/\/s2-g1.glbimg.com\/w2Mme3VHo1-9J7y21QgaO1j9yUc=\/0x0:2048x1365\/640x0\/smart\/filters:strip_icc()\/i.s3.glbimg.com\/v1\/AUTH_59edd422c0c84a879bd37670ae4f538a\/internal_photos\/bs\/2023\/M\/f\/Zh8fXwTvKUT2Ujd6QcwA\/53010611453-ebd1f55e0c-k.jpg 640w, https:\/\/s2-g1.glbimg.com\/NM22fEgye-Mwo-AXongKM1MoQa0=\/0x0:2048x1365\/600x0\/smart\/filters:strip_icc()\/i.s3.glbimg.com\/v1\/AUTH_59edd422c0c84a879bd37670ae4f538a\/internal_photos\/bs\/2023\/M\/f\/Zh8fXwTvKUT2Ujd6QcwA\/53010611453-ebd1f55e0c-k.jpg 600w\" alt=\"Ministro Andr\u00e9 Ramos Tavares em julgamento no TSE nesta quinta (29) \u2014 Foto: Alejandro Zambrana\/Secom\/TSE\" \/><\/figure>\n<\/div>\n<p class=\"content-media__description  \">Ministro Andr\u00e9 Ramos Tavares em julgamento no TSE nesta quinta (29) \u2014 Foto: Alejandro Zambrana\/Secom\/TSE<\/p>\n<\/div>\n<\/div>\n<\/div>\n<div id=\"chunk-f015l\">\n<div class=\"mc-column content-text active-extra-styles \" data-block-type=\"unstyled\" data-block-weight=\"28\" data-block-id=\"38\">\n<p class=\"content-text__container \" data-track-category=\"Link no Texto\" data-track-links=\"\">Durante o voto pela condena\u00e7\u00e3o de Bolsonaro, o ministro Tavares afirmou que a liberdade de express\u00e3o, que \u00e9 um direito fundamental, &#8220;n\u00e3o alberga a propaga\u00e7\u00e3o de mentiras&#8221;.<\/p>\n<\/div>\n<\/div>\n<div id=\"chunk-6pqnr\">\n<div class=\"mc-column content-text active-extra-styles \" data-block-type=\"unstyled\" data-block-weight=\"29\" data-block-id=\"39\">\n<p class=\"content-text__container \" data-track-category=\"Link no Texto\" data-track-links=\"\">O ministro entendeu que a reuni\u00e3o n\u00e3o foi um ato &#8220;isolado e aleat\u00f3rio&#8221;, mas fez parte de uma &#8220;verdadeira concatena\u00e7\u00e3o estrat\u00e9gica ao longo do tempo, com finalidades eleitoreiras&#8221;.<\/p>\n<\/div>\n<\/div>\n<div id=\"chunk-c7oek\">\n<div class=\"mc-column content-text active-extra-styles \" data-block-type=\"unstyled\" data-block-weight=\"39\" data-block-id=\"40\">\n<p class=\"content-text__container \" data-track-category=\"Link no Texto\" data-track-links=\"\">Para Tavares, o conte\u00fado do discurso do ex-presidente &#8220;\u00e9 permeado por informa\u00e7\u00f5es falsas&#8221; e &#8220;inequ\u00edvocos ataques&#8221; a partidos, candidatos, ministros do STF e TSE. O ministro tamb\u00e9m concluiu que ficou comprovado &#8220;desvio de finalidade, caracterizando o abuso de poder&#8221;.<\/p>\n<\/div>\n<\/div>\n<div id=\"chunk-5uf4s\">\n<div class=\"mc-column content-text active-extra-styles \" data-block-type=\"unstyled\" data-block-weight=\"29\" data-block-id=\"41\">\n<p class=\"content-text__container \" data-track-category=\"Link no Texto\" data-track-links=\"\">Segundo Tavares, o encontro com embaixadores fez parte de uma estrat\u00e9gia para desestabilizar a democracia, e que que elementos anteriores e posteriores \u00e0 reuni\u00e3o n\u00e3o podem ser ignorados.<\/p>\n<\/div>\n<\/div>\n<div id=\"chunk-dcl9t\">\n<div class=\"mc-column content-text active-extra-styles \" data-block-type=\"unstyled\" data-block-weight=\"40\" data-block-id=\"43\">\n<p class=\"content-text__container \" data-track-category=\"Link no Texto\" data-track-links=\"\">&#8220;Com roupagem de debate p\u00fablico, o investigado na realidade proferiu s\u00e9rias acusa\u00e7\u00f5es sem estar amparado minimamente por um acervo comprobat\u00f3rio que sustentasse tais conjecturas, incorporando em seu discurso inven\u00e7\u00f5es, &#8216;mentiras grosseiras&#8217;, &#8216;fatos forjados&#8217;, &#8216;distor\u00e7\u00f5es severas&#8217;. N\u00e3o \u00e9 pouco&#8221;, afirmou.<\/p>\n<\/div>\n<\/div>\n<div id=\"chunk-6hhac\">\n<div class=\"mc-column content-text active-extra-styles\" data-block-type=\"raw\" data-block-weight=\"6\" data-block-id=\"44\">\n<div class=\"content-intertitle\">\n<h2>O que pode acontecer com Bolsonaro<\/h2>\n<\/div>\n<\/div>\n<\/div>\n<div id=\"chunk-4sovv\">\n<div class=\"bs-video-block mc-column  content-media content-video\" data-block-type=\"backstage-video\" data-block-id=\"45\">\n<div class=\"content-media__container\">\n<div class=\"content-video__bigger-player-description-fixer\">\n<article class=\"content-video\">\n<section class=\"content-video__video-container\">\n<div class=\"content-video__video\">\n<div class=\"content-video__placeholder\" data-video-id=\"11738247\" data-video-has-viewport-play=\"True\"><img class=\"content-video__placeholder__thumb\" title=\"Julgamento de Bolsonaro no TSE: veja os principais pontos do voto do relator\" src=\"https:\/\/s04.video.glbimg.com\/x240\/11738247.jpg\" alt=\"Julgamento de Bolsonaro no TSE: veja os principais pontos do voto do relator\" \/><\/div>\n<div id=\"wp3-player-4\" class=\"clappr-player clappr-detach--is-detached clappr-detach--is-detached__visible\" tabindex=\"9999\" data-player=\"\">\n<div class=\"dfp-ad-overlay dfp-ad-overlay--poster-mode\">Julgamento de Bolsonaro no TSE: veja os principais pontos do voto do relator<\/div>\n<\/div>\n<\/div>\n<\/section>\n<\/article>\n<\/div>\n<\/div>\n<\/div>\n<\/div>\n<div id=\"chunk-fhm9\">\n<div class=\"mc-column content-text active-extra-styles \" data-block-type=\"unstyled\" data-block-weight=\"32\" data-block-id=\"46\">\n<p class=\"content-text__container \" data-track-category=\"Link no Texto\" data-track-links=\"\">Se a maioria dos ministros concordar com o relator, Bolsonaro sairia do julgamento ineleg\u00edvel at\u00e9 2030. Ele n\u00e3o poderia, portanto, nem disputar as elei\u00e7\u00f5es municipais nem as estaduais e federais.<\/p>\n<\/div>\n<\/div>\n<div id=\"chunk-9sjn1\">\n<div class=\"mc-column content-text active-extra-styles \" data-block-type=\"unstyled\" data-block-weight=\"18\" data-block-id=\"47\">\n<p class=\"content-text__container \" data-track-category=\"Link no Texto\" data-track-links=\"\">No entanto, o ex-presidente n\u00e3o seria preso, porque essa a\u00e7\u00e3o no TSE n\u00e3o \u00e9 do \u00e2mbito penal.<\/p>\n<\/div>\n<\/div>\n<\/div>\n<\/article>\n<\/div>\n","protected":false},"excerpt":{"rendered":"<p>Por Fernanda Vivas e M\u00e1rcio Falc\u00e3o, TV Globo \u2014 Bras\u00edli O ex-presidente brasileiro Jair Bolsonaro fala com a m\u00eddia durante uma visita a uma feira de transporte e log\u00edstica no Centro de Eventos FIERGS em Porto Alegre, Rio Grande do Sul, Brasil, em 22 de junho de 2023. \u2014 Foto: SILVIO AVILA \/ AFP O\u00a0Tribunal [&hellip;]<\/p>\n","protected":false},"author":2,"featured_media":0,"comment_status":"open","ping_status":"open","sticky":false,"template":"","format":"standard","meta":{"_links_to":"","_links_to_target":""},"categories":[1],"tags":[],"_links":{"self":[{"href":"https:\/\/www.ilheusnoticias.net.br\/v1\/wp-json\/wp\/v2\/posts\/32349"}],"collection":[{"href":"https:\/\/www.ilheusnoticias.net.br\/v1\/wp-json\/wp\/v2\/posts"}],"about":[{"href":"https:\/\/www.ilheusnoticias.net.br\/v1\/wp-json\/wp\/v2\/types\/post"}],"author":[{"embeddable":true,"href":"https:\/\/www.ilheusnoticias.net.br\/v1\/wp-json\/wp\/v2\/users\/2"}],"replies":[{"embeddable":true,"href":"https:\/\/www.ilheusnoticias.net.br\/v1\/wp-json\/wp\/v2\/comments?post=32349"}],"version-history":[{"count":1,"href":"https:\/\/www.ilheusnoticias.net.br\/v1\/wp-json\/wp\/v2\/posts\/32349\/revisions"}],"predecessor-version":[{"id":32350,"href":"https:\/\/www.ilheusnoticias.net.br\/v1\/wp-json\/wp\/v2\/posts\/32349\/revisions\/32350"}],"wp:attachment":[{"href":"https:\/\/www.ilheusnoticias.net.br\/v1\/wp-json\/wp\/v2\/media?parent=32349"}],"wp:term":[{"taxonomy":"category","embeddable":true,"href":"https:\/\/www.ilheusnoticias.net.br\/v1\/wp-json\/wp\/v2\/categories?post=32349"},{"taxonomy":"post_tag","embeddable":true,"href":"https:\/\/www.ilheusnoticias.net.br\/v1\/wp-json\/wp\/v2\/tags?post=32349"}],"curies":[{"name":"wp","href":"https:\/\/api.w.org\/{rel}","templated":true}]}}