{"id":32343,"date":"2023-06-29T14:21:52","date_gmt":"2023-06-29T17:21:52","guid":{"rendered":"https:\/\/www.ilheusnoticias.net.br\/v1\/?p=32343"},"modified":"2023-06-29T14:21:52","modified_gmt":"2023-06-29T17:21:52","slug":"teatro-municipal-reabre-com-solenidade-de-entrega-da-comenda-do-merito-sao-jorge-dos-ilheos","status":"publish","type":"post","link":"https:\/\/www.ilheusnoticias.net.br\/v1\/2023\/06\/29\/teatro-municipal-reabre-com-solenidade-de-entrega-da-comenda-do-merito-sao-jorge-dos-ilheos\/","title":{"rendered":"Teatro Municipal reabre com solenidade de entrega da Comenda do M\u00e9rito S\u00e3o Jorge dos Ilh\u00e9os"},"content":{"rendered":"<p class=\"dt_materia\">\n<div class=\"imagem thumbnail col-xs-12 col-sm-8 col-md-6 col-lg-6 imagem-materia\"><a class=\"fresco\" title=\"\" href=\"https:\/\/portalfacilarquivos.blob.core.windows.net\/uploads\/ILHEUS\/imgOrig\/%7BAC8AA0EB-B0A8-71CD-E0D8-70725DD2BE8D%7D.jpg\" data-fresco-caption=\"\"><img loading=\"lazy\" title=\"\" src=\"https:\/\/portalfacilarquivos.blob.core.windows.net\/uploads\/ILHEUS\/img\/%7BAC8AA0EB-B0A8-71CD-E0D8-70725DD2BE8D%7D\/%7BAC8AA0EB-B0A8-71CD-E0D8-70725DD2BE8D%7D_650X450.jpg\" alt=\"28 de junho; ilh\u00e9us 489 anos;comenda\" width=\"650\" height=\"450\" \/><\/a><\/p>\n<p class=\"bg-primary\">As comemora\u00e7\u00f5es dos 489 anos de funda\u00e7\u00e3o e 142 de eleva\u00e7\u00e3o \u00e0 categoria de cidade come\u00e7aram cedo, na quarta-feira (28), feriado municipal.<\/p>\n<\/div>\n<p>Ap\u00f3s alvorada festiva, a tradicional cerim\u00f4nia de hasteamento das bandeiras, com a participa\u00e7\u00e3o da Banda da Pol\u00edcia Militar. Acompanhado da deputada estadual Soane Galv\u00e3o e demais\u00a0autoridades pol\u00edticas, civis e militares, o prefeito M\u00e1rio Alexandre participou, em seguida, da missa solene celebrada na Catedral de S\u00e3o Sebasti\u00e3o.<\/p>\n<div class=\"imagem thumbnail col-xs-12 col-sm-8 col-md-6 col-lg-6 imagem-materia\"><a class=\"fresco\" title=\"\" href=\"https:\/\/portalfacilarquivos.blob.core.windows.net\/uploads\/ILHEUS\/imgOrig\/%7B2AC6231A-D5DC-5EBC-CEBD-E5C46CBEEE7B%7D.jpg\" data-fresco-caption=\"\"><img loading=\"lazy\" title=\"\" src=\"https:\/\/portalfacilarquivos.blob.core.windows.net\/uploads\/ILHEUS\/img\/%7B2AC6231A-D5DC-5EBC-CEBD-E5C46CBEEE7B%7D\/%7B2AC6231A-D5DC-5EBC-CEBD-E5C46CBEEE7B%7D_650X450.jpg\" alt=\"28 de junho; ilh\u00e9us 489 anos\" width=\"650\" height=\"450\" \/><\/a><\/div>\n<p>Como parte integrante dos atos comemorativos, a comitiva municipal realizou um tour pelo Centro Hist\u00f3rico, com a presen\u00e7a dos secret\u00e1rios estaduais Bruno Monteiro (Cultura) e Ad\u00e9lia Pinheiro (Educa\u00e7\u00e3o). Logo ap\u00f3s, foi realizada visita ao distrito do Rio do Engenho.<\/p>\n<p>\u201cEu s\u00f3 tenho a agradecer. Pe\u00e7o a Deus que me d\u00ea for\u00e7as para continuar lutando por Ilh\u00e9us. Eu fico extremamente feliz em ajudar a construir uma hist\u00f3ria pr\u00f3spera para o nosso povo. Com muita f\u00e9 e uni\u00e3o vamos seguir trilhando um caminho de desenvolvimento, valorizando a nossa cultura e garantindo qualidade de vida a cada cidad\u00e3o\u201d, destacou M\u00e1rio Alexandre.<\/p>\n<div class=\"imagem thumbnail col-xs-12 col-sm-8 col-md-6 col-lg-6 imagem-materia\"><a class=\"fresco\" title=\"\" href=\"https:\/\/portalfacilarquivos.blob.core.windows.net\/uploads\/ILHEUS\/imgOrig\/%7B8DC83CDB-AC8E-5C1E-6835-C3BBDA8ECEBC%7D.jpg\" data-fresco-caption=\"\"><img loading=\"lazy\" title=\"\" src=\"https:\/\/portalfacilarquivos.blob.core.windows.net\/uploads\/ILHEUS\/img\/%7B8DC83CDB-AC8E-5C1E-6835-C3BBDA8ECEBC%7D\/%7B8DC83CDB-AC8E-5C1E-6835-C3BBDA8ECEBC%7D_650X450.jpg\" alt=\"28 de junho; ilh\u00e9us 489 anos\" width=\"650\" height=\"450\" \/><\/a><\/p>\n<p class=\"bg-primary\"><strong>Honrarias &#8211; <\/strong>No in\u00edcio da noite, o prefeito entregou homenagens a pessoas que contribuem para o desenvolvimento do munic\u00edpio.<\/p>\n<\/div>\n<div class=\"imagem thumbnail col-xs-12 col-sm-8 col-md-6 col-lg-6 imagem-materia\"><a class=\"fresco\" title=\"\" href=\"https:\/\/portalfacilarquivos.blob.core.windows.net\/uploads\/ILHEUS\/imgOrig\/%7B0AABAAC2-83A2-A2BE-CDEB-CACAABA5A5DE%7D.jpg\" data-fresco-caption=\"\"><img loading=\"lazy\" title=\"\" src=\"https:\/\/portalfacilarquivos.blob.core.windows.net\/uploads\/ILHEUS\/img\/%7B0AABAAC2-83A2-A2BE-CDEB-CACAABA5A5DE%7D\/%7B0AABAAC2-83A2-A2BE-CDEB-CACAABA5A5DE%7D_650X450.jpg\" alt=\"28 de junho; ilh\u00e9us 489 anos; comenda\" width=\"650\" height=\"450\" \/><\/a><\/p>\n<p class=\"bg-primary\">Institu\u00edda pela Lei n\u00ba 2.191 de agosto de 1985, a comenda m\u00e9rito S\u00e3o Jorge dos Ilh\u00e9os foi prestada ao reitor da Universidade Estadual de Santa Cruz (UESC), Alessandro Fernandes, ao secret\u00e1rio de Cultura da Bahia, Bruno Monteiro, \u00e0 yalorix\u00e1 Carmosina Mota, ao empres\u00e1rio do ramo hoteleiro, Ednei Esp\u00edrito Santo, ao secret\u00e1rio de Turismo da Bahia, Lu\u00eds Maur\u00edcio Bacellar, ao tenente-coronel da Pol\u00edcia Militar da Bahia, Sandro Crispim Ferreira Lopes, e \u00e0 m\u00e9dica pediatra, Zilda Suely Alves.<\/p>\n<\/div>\n<div class=\"imagem thumbnail col-xs-12 col-sm-8 col-md-6 col-lg-6 imagem-materia\"><a class=\"fresco\" title=\"\" href=\"https:\/\/portalfacilarquivos.blob.core.windows.net\/uploads\/ILHEUS\/imgOrig\/%7BACCDA158-3EBD-4EBE-EA6A-D6E4287A40BA%7D.jpg\" data-fresco-caption=\"\"><img loading=\"lazy\" title=\"\" src=\"https:\/\/portalfacilarquivos.blob.core.windows.net\/uploads\/ILHEUS\/img\/%7BACCDA158-3EBD-4EBE-EA6A-D6E4287A40BA%7D\/%7BACCDA158-3EBD-4EBE-EA6A-D6E4287A40BA%7D_650X450.jpg\" alt=\"28 de junho; ilh\u00e9us 489 anos\" width=\"650\" height=\"450\" \/><\/a><\/p>\n<p class=\"bg-primary\">A solenidade marcou ainda a reabertura do Teatro Municipal ao p\u00fablico, ap\u00f3s reforma na parte estrutural e el\u00e9trica do espa\u00e7o. A Prefeitura explica que o reparo geral objetiva resgatar e conservar a cultura da cidade, por sua relev\u00e2ncia art\u00edstica, hist\u00f3rica e afetiva, bem como fomentar o turismo. O show do cantor Jau deu o tom na solenidade, conforme programa\u00e7\u00e3o pr\u00e9via do evento, que foi organizado no in\u00edcio deste ano.<\/p>\n<\/div>\n<p>O m\u00fasico baiano\u00a0externou o seu contentamento\u00a0em participar de um evento no dia do anivers\u00e1rio de Ilh\u00e9us, culminando com a reabertura de um dos principais equipamentos culturais da cidade. Segundo ele, &#8220;o cora\u00e7\u00e3o\u00a0transbordou de alegria&#8221;, disse.<\/p>\n<div class=\"imagem thumbnail col-xs-12 col-sm-8 col-md-6 col-lg-6 imagem-materia\"><a class=\"fresco\" title=\"\" href=\"https:\/\/portalfacilarquivos.blob.core.windows.net\/uploads\/ILHEUS\/imgOrig\/%7BC5C8B2EB-CC6E-D2AA-E47D-EDEDEDA5DC5B%7D.jpg\" data-fresco-caption=\"\"><img loading=\"lazy\" title=\"\" src=\"https:\/\/portalfacilarquivos.blob.core.windows.net\/uploads\/ILHEUS\/img\/%7BC5C8B2EB-CC6E-D2AA-E47D-EDEDEDA5DC5B%7D\/%7BC5C8B2EB-CC6E-D2AA-E47D-EDEDEDA5DC5B%7D_650X450.jpg\" alt=\"show de Jau\" width=\"650\" height=\"450\" \/><\/a><\/p>\n<p class=\"bg-primary\"><strong>Obras &#8211;<\/strong>\u00a0Nesta sexta-feira (30), a Prefeitura entrega os servi\u00e7os de manuten\u00e7\u00e3o preventiva do Viaduto Catal\u00e3o, a partir das 16h.\u00a0No s\u00e1bado (1\u00ba),\u00a0a comunidade do bairro Esperan\u00e7a recebe da gest\u00e3o municipal a pavimenta\u00e7\u00e3o com drenagem na Vila Freitas. O ato acontece \u00e0s 16h.<\/p>\n<\/div>\n<p>O programa Caminho dos Altos tamb\u00e9m integra a programa\u00e7\u00e3o, por meio da entrega das escadarias da Princesa Isabel, no dia 9 de julho, \u00e0s 11h, e do Teot\u00f4nio Vilela, no domingo seguinte, 16 de julho, \u00e0s 11h.<\/p>\n","protected":false},"excerpt":{"rendered":"<p>As comemora\u00e7\u00f5es dos 489 anos de funda\u00e7\u00e3o e 142 de eleva\u00e7\u00e3o \u00e0 categoria de cidade come\u00e7aram cedo, na quarta-feira (28), feriado municipal. Ap\u00f3s alvorada festiva, a tradicional cerim\u00f4nia de hasteamento das bandeiras, com a participa\u00e7\u00e3o da Banda da Pol\u00edcia Militar. Acompanhado da deputada estadual Soane Galv\u00e3o e demais\u00a0autoridades pol\u00edticas, civis e militares, o prefeito M\u00e1rio [&hellip;]<\/p>\n","protected":false},"author":2,"featured_media":0,"comment_status":"open","ping_status":"open","sticky":false,"template":"","format":"standard","meta":{"_links_to":"","_links_to_target":""},"categories":[1],"tags":[],"_links":{"self":[{"href":"https:\/\/www.ilheusnoticias.net.br\/v1\/wp-json\/wp\/v2\/posts\/32343"}],"collection":[{"href":"https:\/\/www.ilheusnoticias.net.br\/v1\/wp-json\/wp\/v2\/posts"}],"about":[{"href":"https:\/\/www.ilheusnoticias.net.br\/v1\/wp-json\/wp\/v2\/types\/post"}],"author":[{"embeddable":true,"href":"https:\/\/www.ilheusnoticias.net.br\/v1\/wp-json\/wp\/v2\/users\/2"}],"replies":[{"embeddable":true,"href":"https:\/\/www.ilheusnoticias.net.br\/v1\/wp-json\/wp\/v2\/comments?post=32343"}],"version-history":[{"count":1,"href":"https:\/\/www.ilheusnoticias.net.br\/v1\/wp-json\/wp\/v2\/posts\/32343\/revisions"}],"predecessor-version":[{"id":32344,"href":"https:\/\/www.ilheusnoticias.net.br\/v1\/wp-json\/wp\/v2\/posts\/32343\/revisions\/32344"}],"wp:attachment":[{"href":"https:\/\/www.ilheusnoticias.net.br\/v1\/wp-json\/wp\/v2\/media?parent=32343"}],"wp:term":[{"taxonomy":"category","embeddable":true,"href":"https:\/\/www.ilheusnoticias.net.br\/v1\/wp-json\/wp\/v2\/categories?post=32343"},{"taxonomy":"post_tag","embeddable":true,"href":"https:\/\/www.ilheusnoticias.net.br\/v1\/wp-json\/wp\/v2\/tags?post=32343"}],"curies":[{"name":"wp","href":"https:\/\/api.w.org\/{rel}","templated":true}]}}