{"id":3234,"date":"2016-12-29T13:01:04","date_gmt":"2016-12-29T16:01:04","guid":{"rendered":"http:\/\/www.ilheusnoticias.net.br\/v1\/?p=3234"},"modified":"2016-12-29T13:01:04","modified_gmt":"2016-12-29T16:01:04","slug":"ministerio-da-saude-diminui-numero-minimo-de-medicos-por-upa","status":"publish","type":"post","link":"https:\/\/www.ilheusnoticias.net.br\/v1\/2016\/12\/29\/ministerio-da-saude-diminui-numero-minimo-de-medicos-por-upa\/","title":{"rendered":"Minist\u00e9rio da Sa\u00fade diminui n\u00famero m\u00ednimo de m\u00e9dicos por UPA"},"content":{"rendered":"<div id=\"content-header\"><\/div>\n<div id=\"content-area\">\n<div class=\"region region-content\">\n<div id=\"block-system-main\" class=\"block block-system block-odd clearfix\">\n<div class=\"content\">\n<article id=\"node-1060052\" class=\"node node-noticia node-odd\">\n<div class=\"content\">\n<p>O Minist\u00e9rio da Sa\u00fade anunciou hoje (29) que ir\u00e1 flexibilizar regras para o funcionamento das Unidades de Pronto Atendimento (UPAs). Com as novas regras, cada unidade poder\u00e1 ter no m\u00ednimo dois m\u00e9dicos. Antes, era exigido o n\u00famero m\u00ednimo de quatro m\u00e9dicos por unidade.<\/p>\n<p>Caber\u00e1 ao gestor municipal definir o n\u00famero de profissionais na equipe. A partir do tamanho da equipe m\u00e9dica, ser\u00e1 estabelecido o valor de custeio que ser\u00e1 repassado ao munic\u00edpio.<\/p>\n<p>Uma UPA com dois profissionais, por exemplo, receber\u00e1 um incentivo financeiro para custeio de R$ 50 mil enquanto uma com nove profissionais receber\u00e1 R$ 250 mil. \u00a0&#8220;\u00c9 melhor dois [m\u00e9dicos] do que nenhum. O Brasil precisa cair na real. N\u00e3o temos mais capacidade de contratar pessoal&#8221;, disse o ministro da Sa\u00fade, Ricardo Barros, ao anunciar as novas regras. &#8220;\u00c9 melhor essa UPA funcionando com um m\u00e9dico de dia e um de noite do que ela fechada&#8221;, completou.<\/p>\n<\/div>\n<\/article>\n<\/div>\n<\/div>\n<\/div>\n<\/div>\n<p>&nbsp;<\/p>\n<p>&nbsp;<\/p>\n<p><!--more--><\/p>\n<div id=\"content-area\">\n<div class=\"region region-content\">\n<div id=\"block-system-main\" class=\"block block-system block-odd clearfix\">\n<div class=\"content\">\n<article id=\"node-1060052\" class=\"node node-noticia node-odd\">\n<div class=\"content\">\n<p>De acordo com o minist\u00e9rio, tamb\u00e9m est\u00e1 previsto o compartilhamento de equipamentos entre as UPAs, no intuito de otimizar a estrutura dispon\u00edvel no munic\u00edpio.<\/p>\n<p>Para Barros, as novas regras devem incentivar a conclus\u00e3o de UPAs em todo o pa\u00eds. Dados da pasta apontam que, atualmente, 275 unidades est\u00e3o em obras, enquanto 165 j\u00e1 foram conclu\u00eddas, mas n\u00e3o foram abertas.<\/p>\n<p>Muitos prefeitos, segundo o ministro, evitam entregar o certificado de conclus\u00e3o de obra da UPA por causa da exig\u00eancia de um prazo m\u00e1ximo de 90 dias para que a unidade comece a atender.<\/p>\n<p>&#8220;As UPAs est\u00e3o fechadas. Estamos colocando em atendimento e abrindo para a popula\u00e7\u00e3o&#8221;, disse. &#8220;\u00c9 simples o racioc\u00ednio. \u00c9 senso pr\u00e1tico&#8221;, acrescentou.<\/p>\n<p>A expectativa do governo federal \u00e9 que a capacidade de atendimento das atuais 520 UPAs praticamente dobre em todo o pa\u00eds, chegando a 960 unidades em funcionamento.<\/p>\n<p>&#8220;Estou absolutamente seguro de que estamos fazendo o melhor para a sa\u00fade&#8221;, afirmou Barros, ao destacar que as mudan\u00e7as foram aprovadas na comiss\u00e3o tripartite, que inclui representantes das secretarias estaduais e municipais de Sa\u00fade. A portaria deve ser publicada amanh\u00e3 (30) no <em>Di\u00e1rio Oficial da Uni\u00e3o<\/em>.<\/p>\n<\/div>\n<\/article>\n<\/div>\n<\/div>\n<\/div>\n<\/div>\n","protected":false},"excerpt":{"rendered":"<p>O Minist\u00e9rio da Sa\u00fade anunciou hoje (29) que ir\u00e1 flexibilizar regras para o funcionamento das Unidades de Pronto Atendimento (UPAs). Com as novas regras, cada unidade poder\u00e1 ter no m\u00ednimo dois m\u00e9dicos. Antes, era exigido o n\u00famero m\u00ednimo de quatro m\u00e9dicos por unidade. Caber\u00e1 ao gestor municipal definir o n\u00famero de profissionais na equipe. A [&hellip;]<\/p>\n","protected":false},"author":2,"featured_media":0,"comment_status":"open","ping_status":"open","sticky":false,"template":"","format":"standard","meta":{"_links_to":"","_links_to_target":""},"categories":[9],"tags":[],"_links":{"self":[{"href":"https:\/\/www.ilheusnoticias.net.br\/v1\/wp-json\/wp\/v2\/posts\/3234"}],"collection":[{"href":"https:\/\/www.ilheusnoticias.net.br\/v1\/wp-json\/wp\/v2\/posts"}],"about":[{"href":"https:\/\/www.ilheusnoticias.net.br\/v1\/wp-json\/wp\/v2\/types\/post"}],"author":[{"embeddable":true,"href":"https:\/\/www.ilheusnoticias.net.br\/v1\/wp-json\/wp\/v2\/users\/2"}],"replies":[{"embeddable":true,"href":"https:\/\/www.ilheusnoticias.net.br\/v1\/wp-json\/wp\/v2\/comments?post=3234"}],"version-history":[{"count":1,"href":"https:\/\/www.ilheusnoticias.net.br\/v1\/wp-json\/wp\/v2\/posts\/3234\/revisions"}],"predecessor-version":[{"id":3235,"href":"https:\/\/www.ilheusnoticias.net.br\/v1\/wp-json\/wp\/v2\/posts\/3234\/revisions\/3235"}],"wp:attachment":[{"href":"https:\/\/www.ilheusnoticias.net.br\/v1\/wp-json\/wp\/v2\/media?parent=3234"}],"wp:term":[{"taxonomy":"category","embeddable":true,"href":"https:\/\/www.ilheusnoticias.net.br\/v1\/wp-json\/wp\/v2\/categories?post=3234"},{"taxonomy":"post_tag","embeddable":true,"href":"https:\/\/www.ilheusnoticias.net.br\/v1\/wp-json\/wp\/v2\/tags?post=3234"}],"curies":[{"name":"wp","href":"https:\/\/api.w.org\/{rel}","templated":true}]}}