{"id":32338,"date":"2023-06-29T10:16:36","date_gmt":"2023-06-29T13:16:36","guid":{"rendered":"https:\/\/www.ilheusnoticias.net.br\/v1\/?p=32338"},"modified":"2023-06-29T10:16:36","modified_gmt":"2023-06-29T13:16:36","slug":"geracao-de-empregos-e-a-bahia-sendo-referencia-internacional-afirma-jeronimo-ao-confirmar-anuncio-de-instalacao-de-fabrica-da-byd-em-camacari","status":"publish","type":"post","link":"https:\/\/www.ilheusnoticias.net.br\/v1\/2023\/06\/29\/geracao-de-empregos-e-a-bahia-sendo-referencia-internacional-afirma-jeronimo-ao-confirmar-anuncio-de-instalacao-de-fabrica-da-byd-em-camacari\/","title":{"rendered":"\u201cGera\u00e7\u00e3o de empregos e a Bahia sendo refer\u00eancia internacional\u201d, afirma Jer\u00f4nimo ao confirmar an\u00fancio de instala\u00e7\u00e3o de f\u00e1brica da BYD em Cama\u00e7ari"},"content":{"rendered":"<div class=\"PostHeaderIcons metadata-icons\"><\/div>\n<div class=\"PostContent\">\n<p><img loading=\"lazy\" class=\"aligncenter wp-image-151974\" src=\"https:\/\/www.blogdothame.blog.br\/v1\/wp-content\/uploads\/2023\/06\/china-byd-1.jpg\" sizes=\"(max-width: 423px) 100vw, 423px\" srcset=\"https:\/\/www.blogdothame.blog.br\/v1\/wp-content\/uploads\/2023\/06\/china-byd-1.jpg 600w, https:\/\/www.blogdothame.blog.br\/v1\/wp-content\/uploads\/2023\/06\/china-byd-1-300x200.jpg 300w\" alt=\"\" width=\"423\" height=\"281\" \/><\/p>\n<p>A gigante chinesa BYD anunciar\u00e1 oficialmente a instala\u00e7\u00e3o de uma f\u00e1brica de autom\u00f3veis na Bahia no pr\u00f3ximo dia 4. O governador Jer\u00f4nimo Rodrigues confirmou a informa\u00e7\u00e3o no in\u00edcio da noite desta quarta (28) ap\u00f3s se reunir com presidente Lula e a vice-presidente global da BYD, Stella Li, em Bras\u00edlia. Um evento ser\u00e1 realizado em Salvador, na pr\u00f3xima ter\u00e7a-feira, para a apresenta\u00e7\u00e3o detalhamento dos investimentos que o grupo far\u00e1 no Estado.<\/p>\n<p><img loading=\"lazy\" class=\"aligncenter wp-image-151973\" src=\"https:\/\/www.blogdothame.blog.br\/v1\/wp-content\/uploads\/2023\/06\/china-by.jpg\" sizes=\"(max-width: 398px) 100vw, 398px\" srcset=\"https:\/\/www.blogdothame.blog.br\/v1\/wp-content\/uploads\/2023\/06\/china-by.jpg 600w, https:\/\/www.blogdothame.blog.br\/v1\/wp-content\/uploads\/2023\/06\/china-by-300x200.jpg 300w\" alt=\"\" width=\"398\" height=\"265\" \/><\/p>\n<p>\u201c\u00c9 um dia muito importante para n\u00f3s. Estivemos na China e agora estamos colhendo os frutos. Estamos felizes com a gera\u00e7\u00e3o de empregos e a Bahia sendo uma refer\u00eancia internacional de inova\u00e7\u00e3o e tecnologia\u201d, disse o governador ap\u00f3s a reuni\u00e3o que selou o acerto para o an\u00fancio a ser realizado na capital baiana.<\/p>\n<p>Ainda segundo o governador, al\u00e9m de expor para o p\u00fablico baiano ve\u00edculos de sua linha de produ\u00e7\u00e3o, no an\u00fancio oficial a BYD apresentar\u00e1 informa\u00e7\u00f5es sobre calend\u00e1rio de instala\u00e7\u00e3o, produ\u00e7\u00e3o, expectativa de investimentos. A BYD tem atua\u00e7\u00e3o em diferentes produ\u00e7\u00f5es e \u00e9 a maior fabricante mundial de baterias recarreg\u00e1veis, sistemas de armazenamento de energia, e ve\u00edculos 100% el\u00e9tricos.<\/p>\n<\/div>\n","protected":false},"excerpt":{"rendered":"<p>A gigante chinesa BYD anunciar\u00e1 oficialmente a instala\u00e7\u00e3o de uma f\u00e1brica de autom\u00f3veis na Bahia no pr\u00f3ximo dia 4. O governador Jer\u00f4nimo Rodrigues confirmou a informa\u00e7\u00e3o no in\u00edcio da noite desta quarta (28) ap\u00f3s se reunir com presidente Lula e a vice-presidente global da BYD, Stella Li, em Bras\u00edlia. Um evento ser\u00e1 realizado em Salvador, [&hellip;]<\/p>\n","protected":false},"author":2,"featured_media":0,"comment_status":"open","ping_status":"open","sticky":false,"template":"","format":"standard","meta":{"_links_to":"","_links_to_target":""},"categories":[1],"tags":[],"_links":{"self":[{"href":"https:\/\/www.ilheusnoticias.net.br\/v1\/wp-json\/wp\/v2\/posts\/32338"}],"collection":[{"href":"https:\/\/www.ilheusnoticias.net.br\/v1\/wp-json\/wp\/v2\/posts"}],"about":[{"href":"https:\/\/www.ilheusnoticias.net.br\/v1\/wp-json\/wp\/v2\/types\/post"}],"author":[{"embeddable":true,"href":"https:\/\/www.ilheusnoticias.net.br\/v1\/wp-json\/wp\/v2\/users\/2"}],"replies":[{"embeddable":true,"href":"https:\/\/www.ilheusnoticias.net.br\/v1\/wp-json\/wp\/v2\/comments?post=32338"}],"version-history":[{"count":1,"href":"https:\/\/www.ilheusnoticias.net.br\/v1\/wp-json\/wp\/v2\/posts\/32338\/revisions"}],"predecessor-version":[{"id":32339,"href":"https:\/\/www.ilheusnoticias.net.br\/v1\/wp-json\/wp\/v2\/posts\/32338\/revisions\/32339"}],"wp:attachment":[{"href":"https:\/\/www.ilheusnoticias.net.br\/v1\/wp-json\/wp\/v2\/media?parent=32338"}],"wp:term":[{"taxonomy":"category","embeddable":true,"href":"https:\/\/www.ilheusnoticias.net.br\/v1\/wp-json\/wp\/v2\/categories?post=32338"},{"taxonomy":"post_tag","embeddable":true,"href":"https:\/\/www.ilheusnoticias.net.br\/v1\/wp-json\/wp\/v2\/tags?post=32338"}],"curies":[{"name":"wp","href":"https:\/\/api.w.org\/{rel}","templated":true}]}}