{"id":32336,"date":"2023-06-29T10:15:02","date_gmt":"2023-06-29T13:15:02","guid":{"rendered":"https:\/\/www.ilheusnoticias.net.br\/v1\/?p=32336"},"modified":"2023-06-29T10:15:02","modified_gmt":"2023-06-29T13:15:02","slug":"itamaraty-amplia-concurso-publico-para-carreira-de-diplomata","status":"publish","type":"post","link":"https:\/\/www.ilheusnoticias.net.br\/v1\/2023\/06\/29\/itamaraty-amplia-concurso-publico-para-carreira-de-diplomata\/","title":{"rendered":"Itamaraty amplia concurso p\u00fablico para carreira de diplomata"},"content":{"rendered":"<div class=\"col-lg-12 mb-3\">\n<div class=\"post-image\"><a href=\"https:\/\/agenciabrasil.ebc.com.br\/geral\/noticia\/2023-06\/itamaraty-amplia-concurso-publico-para-carreira-de-diplomata#\"><img id=\"media-262526\" class=\"rounded-lg shadow-sm w-100\" title=\"Fabio Rodrigues Pozzebom\/Ag\u00eancia Brasil\" src=\"https:\/\/imagens.ebc.com.br\/goi-PofoEC22_avrFokUq4HK-7M=\/1170x700\/smart\/https:\/\/agenciabrasil.ebc.com.br\/sites\/default\/files\/thumbnails\/image\/pzzb1932.jpg?itok=kbECLwRO\" alt=\"Pal\u00e1cio do Itamaraty na Esplanada dos Minist\u00e9rios\" \/>\u00a9 Fabio Rodrigues Pozzebom\/Ag\u00eancia Brasil<\/a><\/div>\n<\/div>\n<div class=\"col-lg-12 mb-3\">\n<div class=\"row\">\n<div class=\"col-10 offset-1 animated fadeInDown dealy-1100 alt-font text-center\"><a href=\"https:\/\/agenciabrasil.ebc.com.br\/geral\"><span class=\"badge badge-pill badge-primary\">Geral<\/span><\/a><\/div>\n<h3 class=\"col-10 offset-1 animated fadeInDown dealy-900 display-8 display-md-8 alt-font font-italic my-1 text-center\">Portaria autoriza oferta de mais 20 vagas de terceiro-secret\u00e1rio<\/h3>\n<\/div>\n<ul class=\"divider social-icons si-border round si-colored-bg-on-hover my-3\">\u00a0 Por Fab\u00edola Sinimb\u00fa &#8211; Rep\u00f3rter da Ag\u00eancia Brasil<\/ul>\n<\/div>\n<div class=\"col-xl-7 offset-xl-1 col-lg-8 offset-lg-0 col-md-10 offset-md-1 mb-3\">\n<div class=\"post-item alt-font\">\n<div class=\"post-item-wrap\">\n<p>O Minist\u00e9rio das Rela\u00e7\u00f5es Exteriores publicou\u00a0<a href=\"https:\/\/www.in.gov.br\/web\/dou\/-\/portaria-n-469-de-28-de-junho-de-2023-493166236\" target=\"_blank\" rel=\"noopener\">portaria<\/a>, nesta quinta-feira (29), portaria que autoriza a oferta de mais 20 vagas de terceiro-secret\u00e1rio, para o Concurso de Admiss\u00e3o \u00e0 Carreira de Diplomata (CACD). Em mar\u00e7o deste ano, mais\u00a030 vagas foram autorizadas.<img src=\"https:\/\/agenciabrasil.ebc.com.br\/ebc.png?id=1540977&amp;o=node\" \/><img src=\"https:\/\/agenciabrasil.ebc.com.br\/ebc.gif?id=1540977&amp;o=node\" \/><\/p>\n<p>Ao todo ser\u00e3o 50 oportunidades, com 20% das vagas (10) para pessoas negras e 5% (3) para pessoas com defici\u00eancia. As inscri\u00e7\u00f5es ser\u00e3o abertas no dia 6 de julho, a partir das 8h, e terminam \u00e0s 22h do dia 3 de agosto.<\/p>\n<p>O concurso\u00a0\u00e9 o primeiro passo para ingressar na carreira diplom\u00e1tica. Os aprovados iniciam o Curso de Forma\u00e7\u00e3o de Diplomatas do Instituto Rio Branco, como terceiros-secret\u00e1rios, e passam por treinamento cont\u00ednuo para serem capazes de representar o Brasil na comunidade de na\u00e7\u00f5es. Ao longo da carreira, os diplomatas podem passar para os cargos de segundo-secret\u00e1rio, primeiro-secret\u00e1rio, conselheiro, ministro de segunda classe, at\u00e9 chegarem a ministro de primeira classe ou\u00a0embaixador.<\/p>\n<p>Para participar do concurso,\u00a0\u00e9 necess\u00e1rio ter nascido no Brasil, ter mais de 18 anos, estar em dia com as obriga\u00e7\u00f5es eleitorais e o servi\u00e7o militar, e estar apto a exercer os direitos pol\u00edticos. As provas do CACD s\u00e3o aplicadas em tr\u00eas fases eliminat\u00f3rias e classificat\u00f3rias.<\/p>\n<p>Na primeira fase do concurso \u00e9 aplicada uma prova objetiva com quest\u00f5es de l\u00edngua portuguesa, l\u00edngua inglesa, hist\u00f3ria do Brasil, hist\u00f3ria mundial, pol\u00edtica internacional, geografia, economia e direito. Na segunda fase a prova \u00e9 dissertativa, com quest\u00f5es de l\u00edngua portuguesa e de l\u00edngua inglesa. A \u00faltima fase tamb\u00e9m \u00e9 escrita, com quest\u00f5es de hist\u00f3ria do Brasil, de pol\u00edtica internacional, de geografia, de economia, de direito, de l\u00edngua espanhola e de l\u00edngua francesa.<\/p>\n<p>O CACD ser\u00e1 realizado pelo Instituto Rio Branco (IRBr), com a colabora\u00e7\u00e3o do Instituto Americano de Desenvolvimento (Iades). As inscri\u00e7\u00f5es poder\u00e3o ser feiras no\u00a0<a href=\"https:\/\/www.iades.com.br\/inscricao\" target=\"_blank\" rel=\"noopener\"><em>site<\/em>\u00a0do Iades<\/a>\u00a0e outras informa\u00e7\u00f5es est\u00e3o dispon\u00edveis no\u00a0<a href=\"https:\/\/www.in.gov.br\/en\/web\/dou\/-\/edital-n-1-de-28-de-junho-de-2023-4930647\" target=\"_blank\" rel=\"noopener\">edital do concurso<\/a>.<\/p>\n<\/div>\n<\/div>\n<\/div>\n","protected":false},"excerpt":{"rendered":"<p>\u00a9 Fabio Rodrigues Pozzebom\/Ag\u00eancia Brasil Geral Portaria autoriza oferta de mais 20 vagas de terceiro-secret\u00e1rio \u00a0 Por Fab\u00edola Sinimb\u00fa &#8211; Rep\u00f3rter da Ag\u00eancia Brasil O Minist\u00e9rio das Rela\u00e7\u00f5es Exteriores publicou\u00a0portaria, nesta quinta-feira (29), portaria que autoriza a oferta de mais 20 vagas de terceiro-secret\u00e1rio, para o Concurso de Admiss\u00e3o \u00e0 Carreira de Diplomata (CACD). Em [&hellip;]<\/p>\n","protected":false},"author":2,"featured_media":0,"comment_status":"open","ping_status":"open","sticky":false,"template":"","format":"standard","meta":{"_links_to":"","_links_to_target":""},"categories":[1],"tags":[],"_links":{"self":[{"href":"https:\/\/www.ilheusnoticias.net.br\/v1\/wp-json\/wp\/v2\/posts\/32336"}],"collection":[{"href":"https:\/\/www.ilheusnoticias.net.br\/v1\/wp-json\/wp\/v2\/posts"}],"about":[{"href":"https:\/\/www.ilheusnoticias.net.br\/v1\/wp-json\/wp\/v2\/types\/post"}],"author":[{"embeddable":true,"href":"https:\/\/www.ilheusnoticias.net.br\/v1\/wp-json\/wp\/v2\/users\/2"}],"replies":[{"embeddable":true,"href":"https:\/\/www.ilheusnoticias.net.br\/v1\/wp-json\/wp\/v2\/comments?post=32336"}],"version-history":[{"count":1,"href":"https:\/\/www.ilheusnoticias.net.br\/v1\/wp-json\/wp\/v2\/posts\/32336\/revisions"}],"predecessor-version":[{"id":32337,"href":"https:\/\/www.ilheusnoticias.net.br\/v1\/wp-json\/wp\/v2\/posts\/32336\/revisions\/32337"}],"wp:attachment":[{"href":"https:\/\/www.ilheusnoticias.net.br\/v1\/wp-json\/wp\/v2\/media?parent=32336"}],"wp:term":[{"taxonomy":"category","embeddable":true,"href":"https:\/\/www.ilheusnoticias.net.br\/v1\/wp-json\/wp\/v2\/categories?post=32336"},{"taxonomy":"post_tag","embeddable":true,"href":"https:\/\/www.ilheusnoticias.net.br\/v1\/wp-json\/wp\/v2\/tags?post=32336"}],"curies":[{"name":"wp","href":"https:\/\/api.w.org\/{rel}","templated":true}]}}