{"id":32327,"date":"2023-06-28T08:14:03","date_gmt":"2023-06-28T11:14:03","guid":{"rendered":"https:\/\/www.ilheusnoticias.net.br\/v1\/?p=32327"},"modified":"2023-06-28T08:14:03","modified_gmt":"2023-06-28T11:14:03","slug":"edilene-lobo-e-nomeada-ministra-substituta-do-tse-e-corte-passa-a-ter-1a-mulher-negra","status":"publish","type":"post","link":"https:\/\/www.ilheusnoticias.net.br\/v1\/2023\/06\/28\/edilene-lobo-e-nomeada-ministra-substituta-do-tse-e-corte-passa-a-ter-1a-mulher-negra\/","title":{"rendered":"Edilene Lobo \u00e9 nomeada ministra substituta do TSE, e Corte passa a ter 1\u00aa mulher negra"},"content":{"rendered":"<div class=\"row content-head non-featured \">\n<div class=\"title\" data-block-type=\"title\" data-block-id=\"0\">\n<h1 class=\"content-head__title\"><span style=\"font-size: 16px;\">Advogada foi escolhida pelo presidente Lula e foi nomeada hoje (28). Natural de Minas Gerais, Edilene \u00e9 doutora em Direito Processual e autora de livros e artigos jur\u00eddicos.<\/span><\/h1>\n<\/div>\n<\/div>\n<div class=\"mc-article-body\">\n<article>\n<div id=\"chunk-9ficb\">\n<div class=\"row medium-uncollapsed content-media content-photo\" data-block-type=\"backstage-photo\" data-block-id=\"1\">\n<div class=\" mc-column  content-media__container\">\n<div class=\"content-media-container glb-skeleton-box\">\n<figure class=\"content-media-figure\"><img class=\"i-amphtml-fill-content i-amphtml-replaced-content\" src=\"https:\/\/s2-g1.glbimg.com\/PfV7cvhSsBrjSIBm8qPC4Jv5djE=\/0x0:620x300\/984x0\/smart\/filters:strip_icc()\/i.s3.glbimg.com\/v1\/AUTH_59edd422c0c84a879bd37670ae4f538a\/internal_photos\/bs\/2023\/m\/W\/OtcU4TQdWYAiXvcsUdNQ\/cf4113e8-ec6d-491e-9214-dcaf416a584c.jpeg\" sizes=\"(max-width: 1821px) 648px, 100vw\" srcset=\"https:\/\/s2-g1.glbimg.com\/34o6kstWUAc5Yj_MRJBSI_xUw_s=\/0x0:620x300\/1000x0\/smart\/filters:strip_icc()\/i.s3.glbimg.com\/v1\/AUTH_59edd422c0c84a879bd37670ae4f538a\/internal_photos\/bs\/2023\/m\/W\/OtcU4TQdWYAiXvcsUdNQ\/cf4113e8-ec6d-491e-9214-dcaf416a584c.jpeg 1000w, https:\/\/s2-g1.glbimg.com\/PfV7cvhSsBrjSIBm8qPC4Jv5djE=\/0x0:620x300\/984x0\/smart\/filters:strip_icc()\/i.s3.glbimg.com\/v1\/AUTH_59edd422c0c84a879bd37670ae4f538a\/internal_photos\/bs\/2023\/m\/W\/OtcU4TQdWYAiXvcsUdNQ\/cf4113e8-ec6d-491e-9214-dcaf416a584c.jpeg 984w, https:\/\/s2-g1.glbimg.com\/GFzWLBbje3geWln-XN_O4lbwTg0=\/0x0:620x300\/640x0\/smart\/filters:strip_icc()\/i.s3.glbimg.com\/v1\/AUTH_59edd422c0c84a879bd37670ae4f538a\/internal_photos\/bs\/2023\/m\/W\/OtcU4TQdWYAiXvcsUdNQ\/cf4113e8-ec6d-491e-9214-dcaf416a584c.jpeg 640w, https:\/\/s2-g1.glbimg.com\/xfV2xgJ3ZFoxov0fxQing4W9oC4=\/0x0:620x300\/600x0\/smart\/filters:strip_icc()\/i.s3.glbimg.com\/v1\/AUTH_59edd422c0c84a879bd37670ae4f538a\/internal_photos\/bs\/2023\/m\/W\/OtcU4TQdWYAiXvcsUdNQ\/cf4113e8-ec6d-491e-9214-dcaf416a584c.jpeg 600w\" alt=\"Edilene Lobo \u00e9 a 1\u00aa mulher negra a integrar o TSE \u2014 Foto: TSE\" \/><\/figure>\n<\/div>\n<p class=\"content-media__description  \">Edilene Lobo \u00e9 a 1\u00aa mulher negra a integrar o TSE \u2014 Foto: TSE<\/p>\n<\/div>\n<\/div>\n<\/div>\n<div id=\"chunk-db41\">\n<div class=\"mc-column content-text active-extra-styles \" data-block-type=\"unstyled\" data-block-weight=\"43\" data-block-id=\"3\">\n<p class=\"content-text__container \" data-track-category=\"Link no Texto\" data-track-links=\"\">A advogada Edilene Lobo foi escolhida para ser a nova ministra substituta do\u00a0<a class=\"\" href=\"https:\/\/g1.globo.com\/tudo-sobre\/tribunal-superior-eleitoral\/\">Tribunal Superior Eleitoral<\/a> (TSE), tornando-se a primeira mulher negra a integrar a corte. A nomea\u00e7\u00e3o de Edilene para o cargo foi publicada nesta quarta-feira (28), no Di\u00e1rio Oficial da Uni\u00e3o.<\/p>\n<\/div>\n<\/div>\n<div class=\"wall protected-content\">\n<div id=\"chunk-c1071\">\n<div class=\"mc-column content-text active-extra-styles \" data-block-type=\"unstyled\" data-block-weight=\"26\" data-block-id=\"5\">\n<p class=\"content-text__container \" data-track-category=\"Link no Texto\" data-track-links=\"\">O nome de Edilene Lobo foi escolhido pelo presidente Lula (PT), ap\u00f3s o Supremo Tribunal Federal (STF) referendar uma lista tr\u00edplice com indica\u00e7\u00f5es para o cargo.<\/p>\n<\/div>\n<\/div>\n<div id=\"chunk-1nh2n\">\n<div class=\"mc-column content-text active-extra-styles \" data-block-type=\"unstyled\" data-block-weight=\"23\" data-block-id=\"6\">\n<p class=\"content-text__container \" data-track-category=\"Link no Texto\" data-track-links=\"\">A nova ministra ir\u00e1 ocupar o lugar do ministro Andr\u00e9 Ramos Tavares, que passou a ser titular do TSE em 30 de maio.<\/p>\n<\/div>\n<\/div>\n<div id=\"chunk-28jdb\">\n<div class=\"mc-column content-text active-extra-styles \" data-block-type=\"unstyled\" data-block-weight=\"34\" data-block-id=\"7\">\n<p class=\"content-text__container \" data-track-category=\"Link no Texto\" data-track-links=\"\">Edilene Lobo \u00e9 mineira e doutora em Direito Processual pela Pontif\u00edcia Universidade Cat\u00f3lica de Minas Gerais (PUC Minas). A nova ministra tamb\u00e9m \u00e9 mestre em Direito pela Universidade Federal de Minas Gerais (UFMG).<\/p>\n<\/div>\n<\/div>\n<div id=\"chunk-80poo\">\n<div class=\"mc-column content-text active-extra-styles \" data-block-type=\"unstyled\" data-block-weight=\"38\" data-block-id=\"9\">\n<p class=\"content-text__container \" data-track-category=\"Link no Texto\" data-track-links=\"\">Ao longo da carreira, Edilene publicou livros e artigos jur\u00eddicos. Ela tamb\u00e9m atua como professora do curso de Direito da Universidade de Ita\u00fana, em Minas Gerais, e como docente convidada de p\u00f3s-gradua\u00e7\u00e3o em Direito Eleitoral da PUC Minas.<\/p>\n<\/div>\n<\/div>\n<\/div>\n<\/article>\n<\/div>\n","protected":false},"excerpt":{"rendered":"<p>Advogada foi escolhida pelo presidente Lula e foi nomeada hoje (28). Natural de Minas Gerais, Edilene \u00e9 doutora em Direito Processual e autora de livros e artigos jur\u00eddicos. Edilene Lobo \u00e9 a 1\u00aa mulher negra a integrar o TSE \u2014 Foto: TSE A advogada Edilene Lobo foi escolhida para ser a nova ministra substituta do\u00a0Tribunal [&hellip;]<\/p>\n","protected":false},"author":2,"featured_media":0,"comment_status":"open","ping_status":"open","sticky":false,"template":"","format":"standard","meta":{"_links_to":"","_links_to_target":""},"categories":[1],"tags":[],"_links":{"self":[{"href":"https:\/\/www.ilheusnoticias.net.br\/v1\/wp-json\/wp\/v2\/posts\/32327"}],"collection":[{"href":"https:\/\/www.ilheusnoticias.net.br\/v1\/wp-json\/wp\/v2\/posts"}],"about":[{"href":"https:\/\/www.ilheusnoticias.net.br\/v1\/wp-json\/wp\/v2\/types\/post"}],"author":[{"embeddable":true,"href":"https:\/\/www.ilheusnoticias.net.br\/v1\/wp-json\/wp\/v2\/users\/2"}],"replies":[{"embeddable":true,"href":"https:\/\/www.ilheusnoticias.net.br\/v1\/wp-json\/wp\/v2\/comments?post=32327"}],"version-history":[{"count":1,"href":"https:\/\/www.ilheusnoticias.net.br\/v1\/wp-json\/wp\/v2\/posts\/32327\/revisions"}],"predecessor-version":[{"id":32328,"href":"https:\/\/www.ilheusnoticias.net.br\/v1\/wp-json\/wp\/v2\/posts\/32327\/revisions\/32328"}],"wp:attachment":[{"href":"https:\/\/www.ilheusnoticias.net.br\/v1\/wp-json\/wp\/v2\/media?parent=32327"}],"wp:term":[{"taxonomy":"category","embeddable":true,"href":"https:\/\/www.ilheusnoticias.net.br\/v1\/wp-json\/wp\/v2\/categories?post=32327"},{"taxonomy":"post_tag","embeddable":true,"href":"https:\/\/www.ilheusnoticias.net.br\/v1\/wp-json\/wp\/v2\/tags?post=32327"}],"curies":[{"name":"wp","href":"https:\/\/api.w.org\/{rel}","templated":true}]}}