{"id":3232,"date":"2016-12-29T12:59:49","date_gmt":"2016-12-29T15:59:49","guid":{"rendered":"http:\/\/www.ilheusnoticias.net.br\/v1\/?p=3232"},"modified":"2016-12-29T12:59:49","modified_gmt":"2016-12-29T15:59:49","slug":"bandidos-tentam-matar-o-taxista-itabunense-primo","status":"publish","type":"post","link":"https:\/\/www.ilheusnoticias.net.br\/v1\/2016\/12\/29\/bandidos-tentam-matar-o-taxista-itabunense-primo\/","title":{"rendered":"Bandidos tentam matar o taxista itabunense Primo"},"content":{"rendered":"<div class=\"entry-content\">\n<p><img loading=\"lazy\" class=\" wp-image-34975 aligncenter colorbox-34974\" src=\"http:\/\/vermelhinhoba.com.br\/wp-content\/uploads\/2016\/12\/Capturar-8.jpg\" alt=\"capturar\" width=\"651\" height=\"409\" \/>Um t\u00e1xi Grand Siena PJH-5177 foi tomado em assalto no bairro de Ferradas, na noite desta quarta feira (28). O motorista, identificado como Primo da pra\u00e7a Adami,<br \/>\nque foi solicitado para uma corrida do centro da cidade para aquele bairro, foi agredido e lesionado na garganta, nas proximidades da igreja cat\u00f3lica. Neste momento, est\u00e1 sendo socorrido ao Hospital Calixto Midlej. A pol\u00edcia foi acionada e est\u00e1 em dilig\u00eancia para localizar o carro e os bandidos. Ap\u00f3s medicado, o taxista ser\u00e1 ouvido pela pol\u00edcia e contar\u00e1 detalhes da a\u00e7\u00e3o criminosa e dos momentos de terror que passou.<\/p>\n<\/div>\n","protected":false},"excerpt":{"rendered":"<p>Um t\u00e1xi Grand Siena PJH-5177 foi tomado em assalto no bairro de Ferradas, na noite desta quarta feira (28). O motorista, identificado como Primo da pra\u00e7a Adami, que foi solicitado para uma corrida do centro da cidade para aquele bairro, foi agredido e lesionado na garganta, nas proximidades da igreja cat\u00f3lica. Neste momento, est\u00e1 sendo [&hellip;]<\/p>\n","protected":false},"author":2,"featured_media":0,"comment_status":"open","ping_status":"open","sticky":false,"template":"","format":"standard","meta":{"_links_to":"","_links_to_target":""},"categories":[8],"tags":[310],"_links":{"self":[{"href":"https:\/\/www.ilheusnoticias.net.br\/v1\/wp-json\/wp\/v2\/posts\/3232"}],"collection":[{"href":"https:\/\/www.ilheusnoticias.net.br\/v1\/wp-json\/wp\/v2\/posts"}],"about":[{"href":"https:\/\/www.ilheusnoticias.net.br\/v1\/wp-json\/wp\/v2\/types\/post"}],"author":[{"embeddable":true,"href":"https:\/\/www.ilheusnoticias.net.br\/v1\/wp-json\/wp\/v2\/users\/2"}],"replies":[{"embeddable":true,"href":"https:\/\/www.ilheusnoticias.net.br\/v1\/wp-json\/wp\/v2\/comments?post=3232"}],"version-history":[{"count":1,"href":"https:\/\/www.ilheusnoticias.net.br\/v1\/wp-json\/wp\/v2\/posts\/3232\/revisions"}],"predecessor-version":[{"id":3233,"href":"https:\/\/www.ilheusnoticias.net.br\/v1\/wp-json\/wp\/v2\/posts\/3232\/revisions\/3233"}],"wp:attachment":[{"href":"https:\/\/www.ilheusnoticias.net.br\/v1\/wp-json\/wp\/v2\/media?parent=3232"}],"wp:term":[{"taxonomy":"category","embeddable":true,"href":"https:\/\/www.ilheusnoticias.net.br\/v1\/wp-json\/wp\/v2\/categories?post=3232"},{"taxonomy":"post_tag","embeddable":true,"href":"https:\/\/www.ilheusnoticias.net.br\/v1\/wp-json\/wp\/v2\/tags?post=3232"}],"curies":[{"name":"wp","href":"https:\/\/api.w.org\/{rel}","templated":true}]}}