{"id":32317,"date":"2023-06-28T07:59:58","date_gmt":"2023-06-28T10:59:58","guid":{"rendered":"https:\/\/www.ilheusnoticias.net.br\/v1\/?p=32317"},"modified":"2023-06-28T07:59:58","modified_gmt":"2023-06-28T10:59:58","slug":"em-celebracao-aos-489-anos-de-ilheus-prefeitura-antecipa-salario-dos-servidores-efetivos","status":"publish","type":"post","link":"https:\/\/www.ilheusnoticias.net.br\/v1\/2023\/06\/28\/em-celebracao-aos-489-anos-de-ilheus-prefeitura-antecipa-salario-dos-servidores-efetivos\/","title":{"rendered":"Em celebra\u00e7\u00e3o aos 489 anos de Ilh\u00e9us, Prefeitura antecipa sal\u00e1rio dos servidores efetivos"},"content":{"rendered":"<p>&nbsp;<\/p>\n<div class=\"imagem thumbnail col-xs-12 col-sm-8 col-md-6 col-lg-6 imagem-materia\"><a class=\"fresco\" title=\"\" href=\"https:\/\/portalfacilarquivos.blob.core.windows.net\/uploads\/ILHEUS\/imgOrig\/%7B38B7CCCD-CC4E-AADD-ED7E-5EB8B2BBEE64%7D.jpg\" data-fresco-caption=\"\"><img loading=\"lazy\" title=\"\" src=\"https:\/\/portalfacilarquivos.blob.core.windows.net\/uploads\/ILHEUS\/img\/%7B38B7CCCD-CC4E-AADD-ED7E-5EB8B2BBEE64%7D\/%7B38B7CCCD-CC4E-AADD-ED7E-5EB8B2BBEE64%7D_650X450.jpg\" alt=\"Sal\u00e1rio\" width=\"650\" height=\"450\" \/><\/a><\/p>\n<p class=\"bg-primary\">Os servidores municipais de Ilh\u00e9us comemoram o anivers\u00e1rio de 489 anos da cidade com a antecipa\u00e7\u00e3o do sal\u00e1rio do m\u00eas de junho. Nesta ter\u00e7a-feira (27), a Prefeitura quitou a folha dos funcion\u00e1rios p\u00fablicos efetivos ativos, a fim de que possam desfrutar o feriado. A gest\u00e3o municipal ratifica seu compromisso com o funcionalismo, por meio do pagamento em dia e da concess\u00e3o de diversos benef\u00edcios e reajustes salariais no decorrer dos \u00faltimos sete anos.<\/p>\n<\/div>\n<p>\u201cTudo isso \u00e9 fruto de muita luta e de um governo que valoriza os servidores. Ent\u00e3o, a gente garante\u00a0que\u00a0cada pai e m\u00e3e de fam\u00edlia aproveite o feriado com dinheiro na conta. Quero parabenizar a todos os servidores do nosso munic\u00edpio, que contribuem diariamente para levar servi\u00e7os de qualidade ao cidad\u00e3o\u201d, destacou o prefeito M\u00e1rio Alexandre.<\/p>\n<p>O pagamento em dia tamb\u00e9m representa uma importante receita para potencializar e fomentar o com\u00e9rcio,\u00a0com a inje\u00e7\u00e3o de R$ 9 milh\u00f5es na economia local.\u00a0Na quarta-feira passada (21),\u00a0o chefe do Executivo e representantes dos sindicatos assinaram acordo coletivo que concede reajuste salarial e aumento do ticket alimenta\u00e7\u00e3o. O documento autoriza a revis\u00e3o de 5,77%, bem como aumento do ticket, que passou de R$ 550 para R$ 600\u00a0<strong><a href=\"https:\/\/www.ilheus.ba.gov.br\/detalhe-da-materia\/info\/acordo-coletivo--prefeitura-de-ilheus-concede-aumento-salarial-e-ticket-alimentacao-de-r-600\/186336\" target=\"_blank\" rel=\"noopener\">(relembre aqui)<\/a><\/strong>.<\/p>\n","protected":false},"excerpt":{"rendered":"<p>&nbsp; Os servidores municipais de Ilh\u00e9us comemoram o anivers\u00e1rio de 489 anos da cidade com a antecipa\u00e7\u00e3o do sal\u00e1rio do m\u00eas de junho. Nesta ter\u00e7a-feira (27), a Prefeitura quitou a folha dos funcion\u00e1rios p\u00fablicos efetivos ativos, a fim de que possam desfrutar o feriado. A gest\u00e3o municipal ratifica seu compromisso com o funcionalismo, por meio [&hellip;]<\/p>\n","protected":false},"author":2,"featured_media":0,"comment_status":"open","ping_status":"open","sticky":false,"template":"","format":"standard","meta":{"_links_to":"","_links_to_target":""},"categories":[1],"tags":[],"_links":{"self":[{"href":"https:\/\/www.ilheusnoticias.net.br\/v1\/wp-json\/wp\/v2\/posts\/32317"}],"collection":[{"href":"https:\/\/www.ilheusnoticias.net.br\/v1\/wp-json\/wp\/v2\/posts"}],"about":[{"href":"https:\/\/www.ilheusnoticias.net.br\/v1\/wp-json\/wp\/v2\/types\/post"}],"author":[{"embeddable":true,"href":"https:\/\/www.ilheusnoticias.net.br\/v1\/wp-json\/wp\/v2\/users\/2"}],"replies":[{"embeddable":true,"href":"https:\/\/www.ilheusnoticias.net.br\/v1\/wp-json\/wp\/v2\/comments?post=32317"}],"version-history":[{"count":1,"href":"https:\/\/www.ilheusnoticias.net.br\/v1\/wp-json\/wp\/v2\/posts\/32317\/revisions"}],"predecessor-version":[{"id":32318,"href":"https:\/\/www.ilheusnoticias.net.br\/v1\/wp-json\/wp\/v2\/posts\/32317\/revisions\/32318"}],"wp:attachment":[{"href":"https:\/\/www.ilheusnoticias.net.br\/v1\/wp-json\/wp\/v2\/media?parent=32317"}],"wp:term":[{"taxonomy":"category","embeddable":true,"href":"https:\/\/www.ilheusnoticias.net.br\/v1\/wp-json\/wp\/v2\/categories?post=32317"},{"taxonomy":"post_tag","embeddable":true,"href":"https:\/\/www.ilheusnoticias.net.br\/v1\/wp-json\/wp\/v2\/tags?post=32317"}],"curies":[{"name":"wp","href":"https:\/\/api.w.org\/{rel}","templated":true}]}}