{"id":32315,"date":"2023-06-28T07:58:57","date_gmt":"2023-06-28T10:58:57","guid":{"rendered":"https:\/\/www.ilheusnoticias.net.br\/v1\/?p=32315"},"modified":"2023-06-28T07:58:57","modified_gmt":"2023-06-28T10:58:57","slug":"nota-de-pesar-pelo-falecimento-do-procurador-aposentado-do-municipio-de-ilheus-delsuc-miranda","status":"publish","type":"post","link":"https:\/\/www.ilheusnoticias.net.br\/v1\/2023\/06\/28\/nota-de-pesar-pelo-falecimento-do-procurador-aposentado-do-municipio-de-ilheus-delsuc-miranda\/","title":{"rendered":"Nota de pesar pelo falecimento do procurador aposentado do Munic\u00edpio de Ilh\u00e9us, Delsuc Miranda"},"content":{"rendered":"<h3><\/h3>\n<div class=\"imagem thumbnail col-xs-12 col-sm-8 col-md-6 col-lg-6 imagem-materia\"><a class=\"fresco\" title=\"\" href=\"https:\/\/portalfacilarquivos.blob.core.windows.net\/uploads\/ILHEUS\/imgOrig\/%7BCDBD4CE1-5D1C-EB2C-606E-D25BABE1EB22%7D.jpeg\" data-fresco-caption=\"\"><img loading=\"lazy\" title=\"\" src=\"https:\/\/portalfacilarquivos.blob.core.windows.net\/uploads\/ILHEUS\/img\/%7BCDBD4CE1-5D1C-EB2C-606E-D25BABE1EB22%7D\/%7BCDBD4CE1-5D1C-EB2C-606E-D25BABE1EB22%7D_650X450.jpeg\" alt=\"Nota de pesar\" width=\"650\" height=\"450\" \/><\/a><\/p>\n<p class=\"bg-primary\">A Prefeitura de Ilh\u00e9us, atrav\u00e9s do prefeito M\u00e1rio Alexandre, externa seu pesar pelo falecimento do professor, advogado e procurador jur\u00eddico aposentado do Munic\u00edpio, Delsuc Barbosa Miranda, aos 79 anos, ocorrido na noite da \u00faltima segunda-feira (26). Ele deixa um grande legado pelo trabalho desenvolvido na esfera p\u00fablica e nas salas de aula.<\/p>\n<\/div>\n<p>Natural de Una, Delsuc formou-se na antiga Faculdade de Direito de Ilh\u00e9us, atual Universidade Estadual de Santa Cruz (UESC). Tamb\u00e9m ministrou aulas de desenho geom\u00e9trico no Col\u00e9gio Diocesano.<\/p>\n<p>Neste momento de despedida, o Munic\u00edpio\u00a0presta as sinceras condol\u00eancias aos familiares e amigos por esta inestim\u00e1vel perda, rogando a Deus que na sua infinita miseric\u00f3rdia conforte a todos. Ele deixa vi\u00fava e quatro filhos.<\/p>\n<p>O vel\u00f3rio acontece no SAF, localizado na Conquista. O sepultamento ocorrer\u00e1 nesta quarta-feira (28), \u00e0s 10h, no Cemit\u00e9rio S\u00e3o Jo\u00e3o Batista, no Pontal.<\/p>\n<p>Que o Esp\u00edrito Santo seja o ref\u00fagio e a fortaleza na vida de cada um.<\/p>\n","protected":false},"excerpt":{"rendered":"<p>A Prefeitura de Ilh\u00e9us, atrav\u00e9s do prefeito M\u00e1rio Alexandre, externa seu pesar pelo falecimento do professor, advogado e procurador jur\u00eddico aposentado do Munic\u00edpio, Delsuc Barbosa Miranda, aos 79 anos, ocorrido na noite da \u00faltima segunda-feira (26). Ele deixa um grande legado pelo trabalho desenvolvido na esfera p\u00fablica e nas salas de aula. Natural de Una, [&hellip;]<\/p>\n","protected":false},"author":2,"featured_media":0,"comment_status":"open","ping_status":"open","sticky":false,"template":"","format":"standard","meta":{"_links_to":"","_links_to_target":""},"categories":[1],"tags":[],"_links":{"self":[{"href":"https:\/\/www.ilheusnoticias.net.br\/v1\/wp-json\/wp\/v2\/posts\/32315"}],"collection":[{"href":"https:\/\/www.ilheusnoticias.net.br\/v1\/wp-json\/wp\/v2\/posts"}],"about":[{"href":"https:\/\/www.ilheusnoticias.net.br\/v1\/wp-json\/wp\/v2\/types\/post"}],"author":[{"embeddable":true,"href":"https:\/\/www.ilheusnoticias.net.br\/v1\/wp-json\/wp\/v2\/users\/2"}],"replies":[{"embeddable":true,"href":"https:\/\/www.ilheusnoticias.net.br\/v1\/wp-json\/wp\/v2\/comments?post=32315"}],"version-history":[{"count":1,"href":"https:\/\/www.ilheusnoticias.net.br\/v1\/wp-json\/wp\/v2\/posts\/32315\/revisions"}],"predecessor-version":[{"id":32316,"href":"https:\/\/www.ilheusnoticias.net.br\/v1\/wp-json\/wp\/v2\/posts\/32315\/revisions\/32316"}],"wp:attachment":[{"href":"https:\/\/www.ilheusnoticias.net.br\/v1\/wp-json\/wp\/v2\/media?parent=32315"}],"wp:term":[{"taxonomy":"category","embeddable":true,"href":"https:\/\/www.ilheusnoticias.net.br\/v1\/wp-json\/wp\/v2\/categories?post=32315"},{"taxonomy":"post_tag","embeddable":true,"href":"https:\/\/www.ilheusnoticias.net.br\/v1\/wp-json\/wp\/v2\/tags?post=32315"}],"curies":[{"name":"wp","href":"https:\/\/api.w.org\/{rel}","templated":true}]}}