{"id":3230,"date":"2016-12-29T12:57:52","date_gmt":"2016-12-29T15:57:52","guid":{"rendered":"http:\/\/www.ilheusnoticias.net.br\/v1\/?p=3230"},"modified":"2016-12-29T12:57:52","modified_gmt":"2016-12-29T15:57:52","slug":"onibus-cai-em-ribanceira-e-seis-pessoas-morrem","status":"publish","type":"post","link":"https:\/\/www.ilheusnoticias.net.br\/v1\/2016\/12\/29\/onibus-cai-em-ribanceira-e-seis-pessoas-morrem\/","title":{"rendered":"\u00d4nibus cai em ribanceira e seis pessoas morrem"},"content":{"rendered":"<h2 class=\"PostHeaderIcon-wrapper\"><\/h2>\n<div class=\"PostContent\">\n<div id=\"attachment_175226\" class=\"wp-caption aligncenter\"><a href=\"http:\/\/www.pimenta.blog.br\/2016\/12\/29\/pocoes-onibus-cai-em-ribanceira-e-seis-pessoas-morrem\/acidnete-116-foto-blog-do-leo-santos\/\" rel=\"attachment wp-att-175226\"><img loading=\"lazy\" class=\"size-large wp-image-175226\" src=\"http:\/\/www.pimenta.blog.br\/wp-content\/uploads\/2016\/12\/acidnete-116-foto-blog-do-l%C3%A9o-santos-580x435.jpg\" sizes=\"(max-width: 580px) 100vw, 580px\" srcset=\"http:\/\/www.pimenta.blog.br\/wp-content\/uploads\/2016\/12\/acidnete-116-foto-blog-do-l\u00e9o-santos-300x225.jpg 300w, http:\/\/www.pimenta.blog.br\/wp-content\/uploads\/2016\/12\/acidnete-116-foto-blog-do-l\u00e9o-santos-580x435.jpg 580w, http:\/\/www.pimenta.blog.br\/wp-content\/uploads\/2016\/12\/acidnete-116-foto-blog-do-l\u00e9o-santos.jpg 620w\" alt=\"\u00d4nibus seguia de Pernambuco para S\u00e3o Paulo, segundo PRF (Foto Blog do L\u00e9o Santos).\" width=\"580\" height=\"435\" \/><\/a><\/p>\n<p class=\"wp-caption-text\">\u00d4nibus seguia de Pernambuco para S\u00e3o Paulo, segundo PRF (Foto Blog do L\u00e9o Santos).<\/p>\n<\/div>\n<p>Seis pessoas morreram em um acidente envolvendo um \u00f4nibus na BR-116, trecho de Po\u00e7\u00f5es, no sudoeste da Bahia, na manh\u00e3 desta quinta-feira (29), segundo a Pol\u00edcia Rodovi\u00e1ria Federal (PRF) e o Corpo de Bombeiros. Ainda 11 feridos foram socorridos por equipes de resgate dos bombeiros para hospitais da regi\u00e3o. N\u00e3o h\u00e1 informa\u00e7\u00f5es sobre o estado de sa\u00fade deles.<\/p>\n<\/div>\n<p>&nbsp;<\/p>\n<p><!--more--><\/p>\n<div class=\"PostContent\">\n<p>O n\u00famero total de passageiros que estava no ve\u00edculo ainda n\u00e3o foi divulgado, segundo o portal <em>G1<\/em>. Segundo os bombeiros, o \u00f4nibus envolvido no acidente pertence a uma empresa de turismo e saiu de Pernambuco com destino a S\u00e3o Paulo.<\/p>\n<p>Conforme a PRF, o acidente ocorreu nas primeiras horas desta quinta, no KM 748. As primeiras informa\u00e7\u00f5es s\u00e3o de que o ve\u00edculo saiu da pista e caiu em uma ribanceira \u00e0s margens da rodovia. Ainda n\u00e3o h\u00e1 detalhes do que provocou o acidente.<\/p>\n<\/div>\n","protected":false},"excerpt":{"rendered":"<p>\u00d4nibus seguia de Pernambuco para S\u00e3o Paulo, segundo PRF (Foto Blog do L\u00e9o Santos). Seis pessoas morreram em um acidente envolvendo um \u00f4nibus na BR-116, trecho de Po\u00e7\u00f5es, no sudoeste da Bahia, na manh\u00e3 desta quinta-feira (29), segundo a Pol\u00edcia Rodovi\u00e1ria Federal (PRF) e o Corpo de Bombeiros. Ainda 11 feridos foram socorridos por equipes [&hellip;]<\/p>\n","protected":false},"author":2,"featured_media":0,"comment_status":"open","ping_status":"open","sticky":false,"template":"","format":"standard","meta":{"_links_to":"","_links_to_target":""},"categories":[5],"tags":[],"_links":{"self":[{"href":"https:\/\/www.ilheusnoticias.net.br\/v1\/wp-json\/wp\/v2\/posts\/3230"}],"collection":[{"href":"https:\/\/www.ilheusnoticias.net.br\/v1\/wp-json\/wp\/v2\/posts"}],"about":[{"href":"https:\/\/www.ilheusnoticias.net.br\/v1\/wp-json\/wp\/v2\/types\/post"}],"author":[{"embeddable":true,"href":"https:\/\/www.ilheusnoticias.net.br\/v1\/wp-json\/wp\/v2\/users\/2"}],"replies":[{"embeddable":true,"href":"https:\/\/www.ilheusnoticias.net.br\/v1\/wp-json\/wp\/v2\/comments?post=3230"}],"version-history":[{"count":1,"href":"https:\/\/www.ilheusnoticias.net.br\/v1\/wp-json\/wp\/v2\/posts\/3230\/revisions"}],"predecessor-version":[{"id":3231,"href":"https:\/\/www.ilheusnoticias.net.br\/v1\/wp-json\/wp\/v2\/posts\/3230\/revisions\/3231"}],"wp:attachment":[{"href":"https:\/\/www.ilheusnoticias.net.br\/v1\/wp-json\/wp\/v2\/media?parent=3230"}],"wp:term":[{"taxonomy":"category","embeddable":true,"href":"https:\/\/www.ilheusnoticias.net.br\/v1\/wp-json\/wp\/v2\/categories?post=3230"},{"taxonomy":"post_tag","embeddable":true,"href":"https:\/\/www.ilheusnoticias.net.br\/v1\/wp-json\/wp\/v2\/tags?post=3230"}],"curies":[{"name":"wp","href":"https:\/\/api.w.org\/{rel}","templated":true}]}}