{"id":32297,"date":"2023-06-23T14:47:07","date_gmt":"2023-06-23T17:47:07","guid":{"rendered":"https:\/\/www.ilheusnoticias.net.br\/v1\/?p=32297"},"modified":"2023-06-23T14:47:07","modified_gmt":"2023-06-23T17:47:07","slug":"prefeitura-de-ilheus-faz-balanco-mensal-de-obras-e-servicos-em-andamento-no-municipio","status":"publish","type":"post","link":"https:\/\/www.ilheusnoticias.net.br\/v1\/2023\/06\/23\/prefeitura-de-ilheus-faz-balanco-mensal-de-obras-e-servicos-em-andamento-no-municipio\/","title":{"rendered":"Prefeitura de Ilh\u00e9us faz balan\u00e7o mensal de obras e servi\u00e7os em andamento no munic\u00edpio"},"content":{"rendered":"<div class=\"imagem thumbnail col-xs-12 col-sm-8 col-md-6 col-lg-6 imagem-materia\"><a class=\"fresco\" title=\"\" href=\"https:\/\/portalfacilarquivos.blob.core.windows.net\/uploads\/ILHEUS\/imgOrig\/%7BC3BDAAED-A5D4-C1E8-6EBB-8EA6E0BDBDAD%7D.jpg\" data-fresco-caption=\"\"><img loading=\"lazy\" title=\"\" src=\"https:\/\/portalfacilarquivos.blob.core.windows.net\/uploads\/ILHEUS\/img\/%7BC3BDAAED-A5D4-C1E8-6EBB-8EA6E0BDBDAD%7D\/%7BC3BDAAED-A5D4-C1E8-6EBB-8EA6E0BDBDAD%7D_650X450.jpg\" alt=\"canal do malhado\" width=\"650\" height=\"450\" \/><\/a><\/p>\n<p class=\"bg-primary\">A Prefeitura de Ilh\u00e9us segue realizando obras que oferecem mais seguran\u00e7a, conforto, qualidade de vida e bem-estar \u00e0 popula\u00e7\u00e3o. Os servi\u00e7os consistem na pavimenta\u00e7\u00e3o, conten\u00e7\u00e3o de encostas, constru\u00e7\u00e3o de escolas e creches, bem como recupera\u00e7\u00e3o do Viaduto Catal\u00e3o e segunda etapa do fechamento do Canal do Malhado.<\/p>\n<\/div>\n<p>De acordo com a Secretaria de Infraestrutura e Defesa Civil (Seinfra), os servi\u00e7os atendem as necessidades mais pontuais, com foco na melhoria vi\u00e1ria, limpeza de canais, constru\u00e7\u00e3o de pr\u00e9dios p\u00fablicos e escadarias.<\/p>\n<p>\u201cMeu sentimento \u00e9 de gratid\u00e3o. Eu fico muito feliz quando vejo que o trabalho est\u00e1 trazendo resultados e tem melhorado a qualidade de vida do nosso povo. Ent\u00e3o, com esfor\u00e7o e dedica\u00e7\u00e3o, n\u00f3s estamos atendendo demandas antigas, buscando recursos e ampliando o pacote de infraestrutura em Ilh\u00e9us\u201d, ressaltou o prefeito M\u00e1rio Alexandre.<\/p>\n<p>&nbsp;<\/p>\n<div class=\"imagem thumbnail col-xs-12 col-sm-8 col-md-6 col-lg-6 imagem-materia\"><a class=\"fresco\" title=\"\" href=\"https:\/\/portalfacilarquivos.blob.core.windows.net\/uploads\/ILHEUS\/imgOrig\/%7BDEB7AB5B-0083-ADDD-7EE1-DBBDACBB6323%7D.jpg\" data-fresco-caption=\"\"><img loading=\"lazy\" title=\"\" src=\"https:\/\/portalfacilarquivos.blob.core.windows.net\/uploads\/ILHEUS\/img\/%7BDEB7AB5B-0083-ADDD-7EE1-DBBDACBB6323%7D\/%7BDEB7AB5B-0083-ADDD-7EE1-DBBDACBB6323%7D_650X450.jpg\" alt=\"tapa-buraco; avenida tobias barreto\" width=\"650\" height=\"450\" \/><\/a><\/p>\n<p class=\"bg-primary\">\n<\/div>\n<p>&nbsp;<\/p>\n<p>Essas obras s\u00e3o muito importantes para as comunidades, principalmente aquelas afetadas em per\u00edodos de chuvas. A atual gest\u00e3o possui um planejamento fiscal e financeiro para proporcionar mais dignidade aos mun\u00edcipes. Com apoio do Governo da Bahia, a Prefeitura trabalha intensamente para angariar recursos e executar o maior pacote de obras da hist\u00f3ria da cidade, com mais de R$ 500 milh\u00f5es aplicados em diversas \u00e1reas.<\/p>\n<p>Os recursos s\u00e3o do pr\u00f3prio tesouro e provenientes de parcerias com os governos estadual e federal.<\/p>\n<p><strong>Balan\u00e7o dos servi\u00e7os<\/strong><\/p>\n<p>&#8211;\u00a0 Pavimenta\u00e7\u00e3o Boa Vista \u2013 assentamento e rejuntamento de paralelo e assentamento de meio-fio;<\/p>\n<p>&#8211; Execu\u00e7\u00e3o do combate inc\u00eandio do IME &#8211; assentamento do guarda corpo, aplica\u00e7\u00e3o do fundo galvanizado e pintura;<\/p>\n<p>&#8211; Pavimenta\u00e7\u00e3o Rua A, Loteamento Santa Clara (Banco da Vit\u00f3ria) &#8211; rejuntamento de paralelo e regulariza\u00e7\u00e3o da base para passeio;<\/p>\n<p>&#8211; Canal do Malhado &#8211; execu\u00e7\u00e3o de rejunte entre as aduelas, demoli\u00e7\u00e3o de concreto e limpeza;<\/p>\n<p>&nbsp;<\/p>\n<div class=\"imagem thumbnail col-xs-12 col-sm-8 col-md-6 col-lg-6 imagem-materia\"><a class=\"fresco\" title=\"\" href=\"https:\/\/portalfacilarquivos.blob.core.windows.net\/uploads\/ILHEUS\/imgOrig\/%7BCCB46EDC-AECD-34B4-86CB-15AA17B6C8B5%7D.jpg\" data-fresco-caption=\"\"><img loading=\"lazy\" title=\"\" src=\"https:\/\/portalfacilarquivos.blob.core.windows.net\/uploads\/ILHEUS\/img\/%7BCCB46EDC-AECD-34B4-86CB-15AA17B6C8B5%7D\/%7BCCB46EDC-AECD-34B4-86CB-15AA17B6C8B5%7D_650X450.jpg\" alt=\"conten\u00e7\u00e3o; encosta; alto do socorro\" width=\"650\" height=\"450\" \/><\/a><\/p>\n<p class=\"bg-primary\">\n<\/div>\n<p>&nbsp;<\/p>\n<p>&#8211;\u00a0 Pavimenta\u00e7\u00e3o do acesso ao Materno-Infantil (Rua S\u00e3o Francisco) &#8211; instala\u00e7\u00e3o de tubo PEAD, execu\u00e7\u00e3o de po\u00e7o-de-visita e execu\u00e7\u00e3o de boca-de-lobo;<\/p>\n<p>&#8211; Alto do Socorro &#8211; limpeza e regulariza\u00e7\u00e3o de talude, concretagem e instala\u00e7\u00e3o de tela;<\/p>\n<p>&#8211; Escadaria Nerival &#8211; regulariza\u00e7\u00e3o do solo para concretagem, confec\u00e7\u00e3o de forma e concretagem;<\/p>\n<p>&#8211; Creche do Bas\u00edlio &#8211; instala\u00e7\u00f5es hidrossanit\u00e1rias, instala\u00e7\u00f5es el\u00e9tricas, nivelamento das chapas de molde para futura execu\u00e7\u00e3o de paredes maci\u00e7as de concreto, instala\u00e7\u00f5es de arma\u00e7\u00e3o para vergas e contravergas e instala\u00e7\u00e3o de marcos de esquadrias;<\/p>\n<p>&#8211; Recupera\u00e7\u00e3o do Viaduto Catal\u00e3o &#8211;\u00a0 execu\u00e7\u00e3o de escada drenante e pintura;<\/p>\n<p>&#8211; Escola de Tibina &#8211; instala\u00e7\u00e3o das grades, regulariza\u00e7\u00e3o do passeio e telhamento;<\/p>\n<p>&#8211; Escadaria da Jamaica &#8211; montagem de forma, concretagem, acabamento (arrestamento) e fixa\u00e7\u00e3o de tubos;<\/p>\n<p>&nbsp;<\/p>\n<div class=\"imagem thumbnail col-xs-12 col-sm-8 col-md-6 col-lg-6 imagem-materia\"><a class=\"fresco\" title=\"\" href=\"https:\/\/portalfacilarquivos.blob.core.windows.net\/uploads\/ILHEUS\/imgOrig\/%7B1A80C1B7-B8E6-E3B2-DCDD-CBA0AA67C0D7%7D.jpg\" data-fresco-caption=\"\"><img loading=\"lazy\" title=\"\" src=\"https:\/\/portalfacilarquivos.blob.core.windows.net\/uploads\/ILHEUS\/img\/%7B1A80C1B7-B8E6-E3B2-DCDD-CBA0AA67C0D7%7D\/%7B1A80C1B7-B8E6-E3B2-DCDD-CBA0AA67C0D7%7D_650X450.jpg\" alt=\"escola tibina\" width=\"650\" height=\"450\" \/><\/a><\/p>\n<p class=\"bg-primary\">\n<\/div>\n<p>&nbsp;<\/p>\n<p>&#8211; Reassentamento de paralelos do Residencial Vilela;<\/p>\n<p>&#8211; Reassentamento de paralelos da Morada do Porto com regulariza\u00e7\u00e3o da base;<\/p>\n<p>&#8211; Servi\u00e7o de drenagem da Rua Herotildes Melo com reassentamento de paralelos;<\/p>\n<p>&#8211; Reassentamento de paralelos da Rua Ad\u00edlio Alves (Banco da Vit\u00f3ria);<\/p>\n<p>&#8211; Servi\u00e7o de recapeamento asf\u00e1ltico no S\u00e3o Miguel &#8211; remendo profundo com Brita Graduada Simples (BGS);<\/p>\n<p>&#8211; Reassentamento de paralelos da Rua Bela Vista (Nelson Costa);<\/p>\n<p>&#8211; Servi\u00e7o de recapeamento asf\u00e1ltico na Rua Doutora S\u00f4nia Maria Alves (Pacheco), Avenida Canavieiras e Rua Tobias Barreto, sentido Avenida Soares Lopes \u2013 aplica\u00e7\u00e3o de Concreto Betuminoso Usinado a Quente (CBUQ);<\/p>\n<p>&#8211; Reassentamento de paralelos na Rua Carneiro Rocha;<\/p>\n<p>&nbsp;<\/p>\n<div class=\"imagem thumbnail col-xs-12 col-sm-8 col-md-6 col-lg-6 imagem-materia\"><a class=\"fresco\" title=\"\" href=\"https:\/\/portalfacilarquivos.blob.core.windows.net\/uploads\/ILHEUS\/imgOrig\/%7B0EAAC08A-05DD-4E2C-AC84-3757EBDA8EBA%7D.jpg\" data-fresco-caption=\"\"><img loading=\"lazy\" title=\"\" src=\"https:\/\/portalfacilarquivos.blob.core.windows.net\/uploads\/ILHEUS\/img\/%7B0EAAC08A-05DD-4E2C-AC84-3757EBDA8EBA%7D\/%7B0EAAC08A-05DD-4E2C-AC84-3757EBDA8EBA%7D_650X450.jpg\" alt=\"escadaria jamaica\" width=\"650\" height=\"450\" \/><\/a><\/p>\n<p class=\"bg-primary\">\n<\/div>\n<p>&nbsp;<\/p>\n<p>&#8211; Requalifica\u00e7\u00e3o da Rua A (Vila Freitas) &#8211; execu\u00e7\u00e3o de concretagem dos passeios;<\/p>\n<p>&#8211; Rua Monteiro Lobato (Nelson Costa) &#8211; \u00a0reposi\u00e7\u00e3o de paralelos e troca de manilha;<\/p>\n<p>&#8211; \u00a0Rua Portugal (Nelson Costa) &#8211; desobstru\u00e7\u00e3o de rede pluvial, troca de manilha e reposi\u00e7\u00e3o de paralelos;<\/p>\n<p>&#8211; Rua Caf\u00e9 Filho (Conquista) &#8211; troca de manilha e reposi\u00e7\u00e3o de paralelos;<\/p>\n<p>&#8211; Alto do Coqueiro &#8211; reposi\u00e7\u00e3o de paralelos;<\/p>\n<p>&nbsp;<\/p>\n<div class=\"imagem thumbnail col-xs-12 col-sm-8 col-md-6 col-lg-6 imagem-materia\"><a class=\"fresco\" title=\"\" href=\"https:\/\/portalfacilarquivos.blob.core.windows.net\/uploads\/ILHEUS\/imgOrig\/%7B74A7C1CD-82AC-7B50-DC66-5CC5DC1D3B4E%7D.jpg\" data-fresco-caption=\"\"><img loading=\"lazy\" title=\"\" src=\"https:\/\/portalfacilarquivos.blob.core.windows.net\/uploads\/ILHEUS\/img\/%7B74A7C1CD-82AC-7B50-DC66-5CC5DC1D3B4E%7D\/%7B74A7C1CD-82AC-7B50-DC66-5CC5DC1D3B4E%7D_650X450.jpg\" alt=\"residencial vilela\" width=\"650\" height=\"450\" \/><\/a><\/div>\n<p>&#8211; Rua S\u00e3o Jos\u00e9 (Malhado) &#8211; \u00a0troca de manilha e confec\u00e7\u00e3o de placas de concreto;<\/p>\n<p>&#8211;\u00a0 Avenida Brasil (Conquista) &#8211; desobstru\u00e7\u00e3o de rede e reposi\u00e7\u00e3o de paralelos;<\/p>\n<p>&#8211; Rua Visconde de Pedra Branca (Malhado) &#8211; \u00a0desobstru\u00e7\u00e3o de rede pluvial, troca de manilha e reposi\u00e7\u00e3o de paralelos;<\/p>\n<p>&#8211; Avenida Ubaitaba &#8211; confec\u00e7\u00e3o e instala\u00e7\u00e3o de placas de concreto;<\/p>\n<p>&#8211; Limpeza do canal da Urbis at\u00e9 o Condom\u00ednio FAELBA<\/p>\n","protected":false},"excerpt":{"rendered":"<p>A Prefeitura de Ilh\u00e9us segue realizando obras que oferecem mais seguran\u00e7a, conforto, qualidade de vida e bem-estar \u00e0 popula\u00e7\u00e3o. Os servi\u00e7os consistem na pavimenta\u00e7\u00e3o, conten\u00e7\u00e3o de encostas, constru\u00e7\u00e3o de escolas e creches, bem como recupera\u00e7\u00e3o do Viaduto Catal\u00e3o e segunda etapa do fechamento do Canal do Malhado. De acordo com a Secretaria de Infraestrutura e [&hellip;]<\/p>\n","protected":false},"author":2,"featured_media":0,"comment_status":"open","ping_status":"open","sticky":false,"template":"","format":"standard","meta":{"_links_to":"","_links_to_target":""},"categories":[1],"tags":[],"_links":{"self":[{"href":"https:\/\/www.ilheusnoticias.net.br\/v1\/wp-json\/wp\/v2\/posts\/32297"}],"collection":[{"href":"https:\/\/www.ilheusnoticias.net.br\/v1\/wp-json\/wp\/v2\/posts"}],"about":[{"href":"https:\/\/www.ilheusnoticias.net.br\/v1\/wp-json\/wp\/v2\/types\/post"}],"author":[{"embeddable":true,"href":"https:\/\/www.ilheusnoticias.net.br\/v1\/wp-json\/wp\/v2\/users\/2"}],"replies":[{"embeddable":true,"href":"https:\/\/www.ilheusnoticias.net.br\/v1\/wp-json\/wp\/v2\/comments?post=32297"}],"version-history":[{"count":1,"href":"https:\/\/www.ilheusnoticias.net.br\/v1\/wp-json\/wp\/v2\/posts\/32297\/revisions"}],"predecessor-version":[{"id":32298,"href":"https:\/\/www.ilheusnoticias.net.br\/v1\/wp-json\/wp\/v2\/posts\/32297\/revisions\/32298"}],"wp:attachment":[{"href":"https:\/\/www.ilheusnoticias.net.br\/v1\/wp-json\/wp\/v2\/media?parent=32297"}],"wp:term":[{"taxonomy":"category","embeddable":true,"href":"https:\/\/www.ilheusnoticias.net.br\/v1\/wp-json\/wp\/v2\/categories?post=32297"},{"taxonomy":"post_tag","embeddable":true,"href":"https:\/\/www.ilheusnoticias.net.br\/v1\/wp-json\/wp\/v2\/tags?post=32297"}],"curies":[{"name":"wp","href":"https:\/\/api.w.org\/{rel}","templated":true}]}}