{"id":32294,"date":"2023-06-22T09:10:19","date_gmt":"2023-06-22T12:10:19","guid":{"rendered":"https:\/\/www.ilheusnoticias.net.br\/v1\/?p=32294"},"modified":"2023-06-22T09:10:19","modified_gmt":"2023-06-22T12:10:19","slug":"augusto-castro-cobra-providencias-do-legislativo-contra-vereador-que-agrediu-verbalmente-andrea-castro","status":"publish","type":"post","link":"https:\/\/www.ilheusnoticias.net.br\/v1\/2023\/06\/22\/augusto-castro-cobra-providencias-do-legislativo-contra-vereador-que-agrediu-verbalmente-andrea-castro\/","title":{"rendered":"Augusto Castro cobra provid\u00eancias do Legislativo contra vereador que agrediu verbalmente Andrea Castro"},"content":{"rendered":"<div class=\"Post\">\n<div class=\"Post-body\">\n<div class=\"Post-inner article\">\n<div class=\"PostFooterIcons metadata-icons\"><\/div>\n<\/div>\n<\/div>\n<\/div>\n<div class=\"Post\">\n<div class=\"Post-body\">\n<div class=\"Post-inner article\">\n<div class=\"PostContent\">\n<p><img loading=\"lazy\" class=\"aligncenter  wp-image-151723\" src=\"https:\/\/www.blogdothame.blog.br\/v1\/wp-content\/uploads\/2023\/06\/andrea-castro.jpg\" sizes=\"(max-width: 399px) 100vw, 399px\" srcset=\"https:\/\/www.blogdothame.blog.br\/v1\/wp-content\/uploads\/2023\/06\/andrea-castro.jpg 600w, https:\/\/www.blogdothame.blog.br\/v1\/wp-content\/uploads\/2023\/06\/andrea-castro-300x200.jpg 300w\" alt=\"\" width=\"399\" height=\"266\" \/><\/p>\n<p>O prefeito de Itabuna Augusto Castro emitiu Nota de Rep\u00fadio contra as agress\u00f5es sofridas pela primeira dama Andrea Castro e cobrou provid\u00eancia do Poder Legislativo,<\/p>\n<p>Veja a nota:<\/p>\n<p><em>O Prefeito Augusto Castro, vem por meio desta nota expressar seu\u00a0 veemente rep\u00fadio e indigna\u00e7\u00e3o\u00a0 diante das declara\u00e7\u00f5es do vereador Danilo durante a sess\u00e3o da C\u00e2mara Municipal realizada nesta quarta-feira, dia 20.<\/em><\/p>\n<p><em>\u00c9 inadmiss\u00edvel e completamente inaceit\u00e1vel que um representante do povo utilize linguagem degradante e ofensiva para se referir \u00e0 primeira-dama, advogada, m\u00e3e, esposa e mulher, Andrea Castro. Comparar uma mulher a uma express\u00e3o pejorativa e depreciativa \u00e9 um desrespeito n\u00e3o apenas \u00e0 sua dignidade, mas a todas as mulheres que lutam diariamente por igualdade e respeito.<\/em><\/p>\n<p><em>Esperamos que a C\u00e2mara Municipal tome as devidas provid\u00eancias para repreender tal atitude, mostrando que a intoler\u00e2ncia e a discrimina\u00e7\u00e3o n\u00e3o t\u00eam lugar em nosso cen\u00e1rio pol\u00edtico. Al\u00e9m disso, encorajamos a sociedade a se manifestar *contra qualquer forma de viol\u00eancia ou desrespeito direcionado \u00e0s mulheres.*<\/em><\/p>\n<p><em>Reafirmamos nosso compromisso em *promover a igualdade de g\u00eanero, o empoderamento feminino* e a constru\u00e7\u00e3o de uma cidade onde todas as mulheres sejam respeitadas e tenham suas vozes ouvidas. N\u00e3o mediremos esfor\u00e7os para combater atitudes que reforcem estere\u00f3tipos negativos e agridam a dignidade feminina.<\/em><\/p>\n<p><em>A todas as mulheres, em especial \u00e0 primeira-dama Andrea Castro, nosso apoio, solidariedade e reconhecimento pela sua import\u00e2ncia e contribui\u00e7\u00e3o para nossa sociedade.<\/em><\/p>\n<p><em>Augusto Castro<\/em><br \/>\n<em>Prefeito municipal de Itabuna<\/em><\/p>\n<\/div>\n<\/div>\n<\/div>\n<\/div>\n","protected":false},"excerpt":{"rendered":"<p>O prefeito de Itabuna Augusto Castro emitiu Nota de Rep\u00fadio contra as agress\u00f5es sofridas pela primeira dama Andrea Castro e cobrou provid\u00eancia do Poder Legislativo, Veja a nota: O Prefeito Augusto Castro, vem por meio desta nota expressar seu\u00a0 veemente rep\u00fadio e indigna\u00e7\u00e3o\u00a0 diante das declara\u00e7\u00f5es do vereador Danilo durante a sess\u00e3o da C\u00e2mara Municipal [&hellip;]<\/p>\n","protected":false},"author":2,"featured_media":0,"comment_status":"open","ping_status":"open","sticky":false,"template":"","format":"standard","meta":{"_links_to":"","_links_to_target":""},"categories":[1],"tags":[],"_links":{"self":[{"href":"https:\/\/www.ilheusnoticias.net.br\/v1\/wp-json\/wp\/v2\/posts\/32294"}],"collection":[{"href":"https:\/\/www.ilheusnoticias.net.br\/v1\/wp-json\/wp\/v2\/posts"}],"about":[{"href":"https:\/\/www.ilheusnoticias.net.br\/v1\/wp-json\/wp\/v2\/types\/post"}],"author":[{"embeddable":true,"href":"https:\/\/www.ilheusnoticias.net.br\/v1\/wp-json\/wp\/v2\/users\/2"}],"replies":[{"embeddable":true,"href":"https:\/\/www.ilheusnoticias.net.br\/v1\/wp-json\/wp\/v2\/comments?post=32294"}],"version-history":[{"count":1,"href":"https:\/\/www.ilheusnoticias.net.br\/v1\/wp-json\/wp\/v2\/posts\/32294\/revisions"}],"predecessor-version":[{"id":32295,"href":"https:\/\/www.ilheusnoticias.net.br\/v1\/wp-json\/wp\/v2\/posts\/32294\/revisions\/32295"}],"wp:attachment":[{"href":"https:\/\/www.ilheusnoticias.net.br\/v1\/wp-json\/wp\/v2\/media?parent=32294"}],"wp:term":[{"taxonomy":"category","embeddable":true,"href":"https:\/\/www.ilheusnoticias.net.br\/v1\/wp-json\/wp\/v2\/categories?post=32294"},{"taxonomy":"post_tag","embeddable":true,"href":"https:\/\/www.ilheusnoticias.net.br\/v1\/wp-json\/wp\/v2\/tags?post=32294"}],"curies":[{"name":"wp","href":"https:\/\/api.w.org\/{rel}","templated":true}]}}