{"id":32288,"date":"2023-06-22T09:06:03","date_gmt":"2023-06-22T12:06:03","guid":{"rendered":"https:\/\/www.ilheusnoticias.net.br\/v1\/?p=32288"},"modified":"2023-06-22T09:06:03","modified_gmt":"2023-06-22T12:06:03","slug":"prefeitura-de-ilheus-estabelece-ponto-facultativo-nesta-sexta-feira-23-vespera-de-sao-joao","status":"publish","type":"post","link":"https:\/\/www.ilheusnoticias.net.br\/v1\/2023\/06\/22\/prefeitura-de-ilheus-estabelece-ponto-facultativo-nesta-sexta-feira-23-vespera-de-sao-joao\/","title":{"rendered":"Prefeitura de Ilh\u00e9us estabelece ponto facultativo nesta sexta-feira (23), v\u00e9spera de S\u00e3o Jo\u00e3o"},"content":{"rendered":"<div class=\"imagem thumbnail col-xs-12 col-sm-8 col-md-6 col-lg-6 imagem-materia\"><a class=\"fresco\" title=\"\" href=\"https:\/\/portalfacilarquivos.blob.core.windows.net\/uploads\/ILHEUS\/imgOrig\/%7B02CC7D8C-6AAC-1AA6-275C-7D081DE5378D%7D.jpg\" data-fresco-caption=\"\"><img loading=\"lazy\" title=\"\" src=\"https:\/\/portalfacilarquivos.blob.core.windows.net\/uploads\/ILHEUS\/img\/%7B02CC7D8C-6AAC-1AA6-275C-7D081DE5378D%7D\/%7B02CC7D8C-6AAC-1AA6-275C-7D081DE5378D%7D_650X450.jpg\" alt=\"Centro Administrativo\" width=\"650\" height=\"450\" \/><\/a><\/p>\n<p class=\"bg-primary\">A Prefeitura de Ilh\u00e9us estabeleceu ponto facultativo nas reparti\u00e7\u00f5es p\u00fablicas municipais nesta sexta-feira (23), v\u00e9spera de S\u00e3o Jo\u00e3o. Conforme o decreto, os servi\u00e7os considerados de natureza essencial ser\u00e3o mantidos, bem como as atividades nas \u00e1reas da sa\u00fade, educa\u00e7\u00e3o, limpeza urbana, ilumina\u00e7\u00e3o e da seguran\u00e7a p\u00fablica, que n\u00e3o podem ser paralisadas ou interrompidas.<\/p>\n<\/div>\n","protected":false},"excerpt":{"rendered":"<p>A Prefeitura de Ilh\u00e9us estabeleceu ponto facultativo nas reparti\u00e7\u00f5es p\u00fablicas municipais nesta sexta-feira (23), v\u00e9spera de S\u00e3o Jo\u00e3o. Conforme o decreto, os servi\u00e7os considerados de natureza essencial ser\u00e3o mantidos, bem como as atividades nas \u00e1reas da sa\u00fade, educa\u00e7\u00e3o, limpeza urbana, ilumina\u00e7\u00e3o e da seguran\u00e7a p\u00fablica, que n\u00e3o podem ser paralisadas ou interrompidas.<\/p>\n","protected":false},"author":2,"featured_media":0,"comment_status":"open","ping_status":"open","sticky":false,"template":"","format":"standard","meta":{"_links_to":"","_links_to_target":""},"categories":[1],"tags":[],"_links":{"self":[{"href":"https:\/\/www.ilheusnoticias.net.br\/v1\/wp-json\/wp\/v2\/posts\/32288"}],"collection":[{"href":"https:\/\/www.ilheusnoticias.net.br\/v1\/wp-json\/wp\/v2\/posts"}],"about":[{"href":"https:\/\/www.ilheusnoticias.net.br\/v1\/wp-json\/wp\/v2\/types\/post"}],"author":[{"embeddable":true,"href":"https:\/\/www.ilheusnoticias.net.br\/v1\/wp-json\/wp\/v2\/users\/2"}],"replies":[{"embeddable":true,"href":"https:\/\/www.ilheusnoticias.net.br\/v1\/wp-json\/wp\/v2\/comments?post=32288"}],"version-history":[{"count":1,"href":"https:\/\/www.ilheusnoticias.net.br\/v1\/wp-json\/wp\/v2\/posts\/32288\/revisions"}],"predecessor-version":[{"id":32289,"href":"https:\/\/www.ilheusnoticias.net.br\/v1\/wp-json\/wp\/v2\/posts\/32288\/revisions\/32289"}],"wp:attachment":[{"href":"https:\/\/www.ilheusnoticias.net.br\/v1\/wp-json\/wp\/v2\/media?parent=32288"}],"wp:term":[{"taxonomy":"category","embeddable":true,"href":"https:\/\/www.ilheusnoticias.net.br\/v1\/wp-json\/wp\/v2\/categories?post=32288"},{"taxonomy":"post_tag","embeddable":true,"href":"https:\/\/www.ilheusnoticias.net.br\/v1\/wp-json\/wp\/v2\/tags?post=32288"}],"curies":[{"name":"wp","href":"https:\/\/api.w.org\/{rel}","templated":true}]}}