{"id":32280,"date":"2023-06-22T08:58:27","date_gmt":"2023-06-22T11:58:27","guid":{"rendered":"https:\/\/www.ilheusnoticias.net.br\/v1\/?p=32280"},"modified":"2023-06-22T09:12:24","modified_gmt":"2023-06-22T12:12:24","slug":"presidente-lula-pede-caixa-suspende-cobranca-de-pix-para-pessoa-juridica","status":"publish","type":"post","link":"https:\/\/www.ilheusnoticias.net.br\/v1\/2023\/06\/22\/presidente-lula-pede-caixa-suspende-cobranca-de-pix-para-pessoa-juridica\/","title":{"rendered":"Presidente Lula pede e Caixa suspende cobran\u00e7a de Pix para pessoa jur\u00eddica"},"content":{"rendered":"<div class=\"col-lg-12 mb-3\">\n<div class=\"post-image\"><a href=\"https:\/\/agenciabrasil.ebc.com.br\/politica\/noticia\/2023-06\/caixa-suspende-cobranca-de-pix-para-pessoa-juridica#\"><img id=\"media-162969\" class=\"rounded-lg shadow-sm w-100\" title=\"Marcelo Camargo\/Ag\u00eancia Brasil\" src=\"https:\/\/imagens.ebc.com.br\/PxSB0eSt-DDEo_RsUif2-IiiUXU=\/1170x700\/smart\/https:\/\/agenciabrasil.ebc.com.br\/sites\/default\/files\/thumbnails\/image\/caixa_economica_federal0505202673.jpg?itok=xgMIR4dN\" alt=\"Fachada da Caixa Econ\u00f4mica Federal\" \/>\u00a9 Marcelo Camargo\/Ag\u00eancia Brasil<\/a><\/div>\n<\/div>\n<div class=\"col-lg-12 mb-3\">\n<div class=\"row\">\n<div class=\"col-10 offset-1 animated fadeInDown dealy-1100 alt-font text-center\"><a href=\"https:\/\/agenciabrasil.ebc.com.br\/politica\"><span class=\"badge badge-pill badge-primary\">Pol\u00edtica<\/span><\/a><\/div>\n<div class=\"col-10 offset-1 animated fadeInDown dealy-1100 alt-font text-center\">A Caixa anunciou\u00a0 que suspendeu a cobran\u00e7a do Pix para pessoa jur\u00eddica. A taxa come\u00e7aria a valer no dia 19 de julho e, segundo o banco p\u00fablico, \u00e9 praticada por &#8220;praticamente todas as institui\u00e7\u00f5es financeiras&#8221;.\u00a0 <img src=\"https:\/\/agenciabrasil.ebc.com.br\/ebc.png?id=1539234&amp;o=node\" \/><img src=\"https:\/\/agenciabrasil.ebc.com.br\/ebc.gif?id=1539234&amp;o=node\" \/><\/div>\n<\/div>\n<\/div>\n<div class=\"col-xl-7 offset-xl-1 col-lg-8 offset-lg-0 col-md-10 offset-md-1 mb-3\">\n<div class=\"post-item alt-font\">\n<div class=\"post-item-wrap\">\n<p>A suspens\u00e3o veio depois de pedido do\u00a0presidente Luiz In\u00e1cio Lula da Silva, conforme divulgou\u00a0mais cedo o\u00a0ministro da Casa Civil, Rui Costa. Segundo o ministro, a decis\u00e3o ser\u00e1 discutida na pr\u00f3xima semana, ap\u00f3s o retorno de Lula da viagem oficial \u00e0 Europa.<\/p>\n<p>\u201cFoi pedido que suspendesse temporariamente [a decis\u00e3o da Caixa] at\u00e9 o presidente estar de volta semana que vem\u201d, afirmou Costa em r\u00e1pida entrevista a jornalistas. \u201cEnt\u00e3o vamos aguardar o retorno do presidente para avaliar essa medida. O presidente que pediu.\u201d<\/p>\n<p>Em nota, o banco diz que a\u00a0suspens\u00e3o &#8220;visa ampliar o prazo para que os clientes possam se adequar e receber amplo esclarecimento do banco sobre o assunto, dada a prolifera\u00e7\u00e3o de conte\u00fados inver\u00eddicos que geraram especula\u00e7\u00e3o&#8221;<\/p>\n<h2>Cobran\u00e7a<\/h2>\n<p>Costa disse ter conversado com a presidenta da Caixa, Rita Serrano. Segundo o ministro, ela se surpreendeu com a repercuss\u00e3o da medida porque os demais bancos tarifam as opera\u00e7\u00f5es Pix de pessoas jur\u00eddicas, com autoriza\u00e7\u00e3o do Banco Central (BC).<\/p>\n<p>\u201cA informa\u00e7\u00e3o que ela [Rita Serrano] me passou foi a de que todos os bancos j\u00e1 cobram essa taxa de empresas de pessoa jur\u00eddica. O \u00fanico banco que n\u00e3o cobrava era a Caixa por quest\u00e3o t\u00e9cnica, de tecnologia\u201d, explicou. \u201cEla n\u00e3o esperava que tivesse esse alcance, essa repercuss\u00e3o, a defini\u00e7\u00e3o da Caixa em acompanhar os outros bancos.\u201d<\/p>\n<p>Na noite desta segunda-feira (19), a Caixa anunciou o in\u00edcio da cobran\u00e7a de Pix de pessoas jur\u00eddicas em\u00a0<a href=\"https:\/\/agenciabrasil.ebc.com.br\/economia\/noticia\/2023-06\/caixa-comeca-cobrar-pix-de-pessoas-juridicas-em-19-de-julho\" target=\"_blank\" rel=\"noopener\">19 de julho<\/a>. O banco desmentiu falsas not\u00edcias de que pessoas f\u00edsicas tamb\u00e9m seriam tarifadas.<\/p>\n<p>\u201cA Caixa n\u00e3o realiza cobran\u00e7a de tarifa Pix de seus clientes pessoa f\u00edsica, de microempreendedores individuais (MEI) e de benefici\u00e1rios de programas sociais\u201d, destacou o comunicado.<\/p>\n<p>O banco tamb\u00e9m ressaltou que a cobran\u00e7a de Pix de empresas \u00e9 autorizada desde a cria\u00e7\u00e3o da ferramenta, em novembro de 2020, e que oferecer\u00e1 uma das menores tarifas do mercado.<\/p>\n<\/div>\n<\/div>\n<\/div>\n","protected":false},"excerpt":{"rendered":"<p>\u00a9 Marcelo Camargo\/Ag\u00eancia Brasil Pol\u00edtica A Caixa anunciou\u00a0 que suspendeu a cobran\u00e7a do Pix para pessoa jur\u00eddica. A taxa come\u00e7aria a valer no dia 19 de julho e, segundo o banco p\u00fablico, \u00e9 praticada por &#8220;praticamente todas as institui\u00e7\u00f5es financeiras&#8221;.\u00a0 A suspens\u00e3o veio depois de pedido do\u00a0presidente Luiz In\u00e1cio Lula da Silva, conforme divulgou\u00a0mais cedo [&hellip;]<\/p>\n","protected":false},"author":2,"featured_media":0,"comment_status":"open","ping_status":"open","sticky":false,"template":"","format":"standard","meta":{"_links_to":"","_links_to_target":""},"categories":[1],"tags":[],"_links":{"self":[{"href":"https:\/\/www.ilheusnoticias.net.br\/v1\/wp-json\/wp\/v2\/posts\/32280"}],"collection":[{"href":"https:\/\/www.ilheusnoticias.net.br\/v1\/wp-json\/wp\/v2\/posts"}],"about":[{"href":"https:\/\/www.ilheusnoticias.net.br\/v1\/wp-json\/wp\/v2\/types\/post"}],"author":[{"embeddable":true,"href":"https:\/\/www.ilheusnoticias.net.br\/v1\/wp-json\/wp\/v2\/users\/2"}],"replies":[{"embeddable":true,"href":"https:\/\/www.ilheusnoticias.net.br\/v1\/wp-json\/wp\/v2\/comments?post=32280"}],"version-history":[{"count":2,"href":"https:\/\/www.ilheusnoticias.net.br\/v1\/wp-json\/wp\/v2\/posts\/32280\/revisions"}],"predecessor-version":[{"id":32296,"href":"https:\/\/www.ilheusnoticias.net.br\/v1\/wp-json\/wp\/v2\/posts\/32280\/revisions\/32296"}],"wp:attachment":[{"href":"https:\/\/www.ilheusnoticias.net.br\/v1\/wp-json\/wp\/v2\/media?parent=32280"}],"wp:term":[{"taxonomy":"category","embeddable":true,"href":"https:\/\/www.ilheusnoticias.net.br\/v1\/wp-json\/wp\/v2\/categories?post=32280"},{"taxonomy":"post_tag","embeddable":true,"href":"https:\/\/www.ilheusnoticias.net.br\/v1\/wp-json\/wp\/v2\/tags?post=32280"}],"curies":[{"name":"wp","href":"https:\/\/api.w.org\/{rel}","templated":true}]}}