{"id":32278,"date":"2023-06-22T08:54:47","date_gmt":"2023-06-22T11:54:47","guid":{"rendered":"https:\/\/www.ilheusnoticias.net.br\/v1\/?p=32278"},"modified":"2023-06-22T08:54:47","modified_gmt":"2023-06-22T11:54:47","slug":"imoral-vereador-na-ba-compara-esposa-de-prefeito-a-cadela-durante-sessao-em-camara","status":"publish","type":"post","link":"https:\/\/www.ilheusnoticias.net.br\/v1\/2023\/06\/22\/imoral-vereador-na-ba-compara-esposa-de-prefeito-a-cadela-durante-sessao-em-camara\/","title":{"rendered":"Imoral: Vereador na BA compara esposa de prefeito a cadela durante sess\u00e3o em C\u00e2mara"},"content":{"rendered":"<div class=\"row content-head non-featured \">\n<div class=\"title\" data-block-type=\"title\" data-block-id=\"0\">\n<h1 class=\"content-head__title\"><span style=\"font-size: 16px;\">Caso aconteceu em Itabuna, no sul do estado. Primeira-dama pretende formalizar queixa na delegacia e houve pedido para que o caso seja levado ao comit\u00ea de \u00e9tica.<\/span><\/h1>\n<\/div>\n<\/div>\n<div class=\"content__signa-share\">\n<div class=\"content__signature\">\n<div class=\"content-publication-data\">\n<div class=\"content-publication-data__text\">\n<p class=\"content-publication-data__updated\"><img class=\"content-video__placeholder__thumb\" title=\"Vereador compara primeira-dama com cadela na BA\" src=\"https:\/\/s04.video.glbimg.com\/x240\/11719831.jpg\" alt=\"Vereador compara primeira-dama com cadela na BA\" \/><button class=\"poster__play-wrapper\" tabindex=\"0\"><\/button><\/p>\n<p class=\"content-publication-data__updated\">Vereador compara primeira-dama com cadela na BA<\/p>\n<\/div>\n<\/div>\n<\/div>\n<\/div>\n<div class=\"mc-article-body\">\n<article>\n<div id=\"chunk-fohqq\">\n<div class=\"mc-column content-text active-extra-styles \" data-block-type=\"unstyled\" data-block-weight=\"36\" data-block-id=\"3\">\n<p class=\"content-text__container \" data-track-category=\"Link no Texto\" data-track-links=\"\">O vereador Danilo Freitas,\u00a0 de <a class=\"\" href=\"https:\/\/g1.globo.com\/ba\/bahia\/cidade\/itabuna\/\">Itabuna<\/a>, comparou a esposa do prefeito a uma cadela. O coment\u00e1rio foi feito durante uma sess\u00e3o na C\u00e2mara de Vereadores na ter\u00e7a-feira (20).<\/p>\n<\/div>\n<\/div>\n<div class=\"wall protected-content\">\n<div id=\"chunk-esr4g\">\n<div class=\"mc-column content-text active-extra-styles \" data-block-type=\"unstyled\" data-block-weight=\"50\" data-block-id=\"4\">\n<p class=\"content-text__container \" data-track-category=\"Link no Texto\" data-track-links=\"\">A mulher citada no coment\u00e1rio \u00e9 Andrea Castro, esposa do prefeito Augusto Castro. Em entrevista ao\u00a0<a class=\"\" href=\"https:\/\/g1.globo.com\/ba\/bahia\/\"><strong>g1<\/strong><\/a>, ela sinalizou que formalizar\u00e1 uma queixa na Delegacia da Mulher de Itabuna (Deam) na quinta-feira (22). Al\u00e9m disso, foi solicitado que a C\u00e2mara de Vereadores leve o caso para um comit\u00ea de \u00e9tica.<\/p>\n<\/div>\n<\/div>\n<div id=\"chunk-ft1sc\">\n<div class=\"mc-column content-text active-extra-styles \" data-block-type=\"unstyled\" data-block-weight=\"20\" data-block-id=\"5\">\n<p class=\"content-text__container \" data-track-category=\"Link no Texto\" data-track-links=\"\">Na imagem, \u00e9 poss\u00edvel verificar que o vereador Danilo Freitas se refere ao casal como se fossem cachorros.<\/p>\n<p data-track-category=\"Link no Texto\" data-track-links=\"\">\n<\/div>\n<\/div>\n<\/div>\n<\/article>\n<\/div>\n","protected":false},"excerpt":{"rendered":"<p>Caso aconteceu em Itabuna, no sul do estado. Primeira-dama pretende formalizar queixa na delegacia e houve pedido para que o caso seja levado ao comit\u00ea de \u00e9tica. Vereador compara primeira-dama com cadela na BA O vereador Danilo Freitas,\u00a0 de Itabuna, comparou a esposa do prefeito a uma cadela. O coment\u00e1rio foi feito durante uma sess\u00e3o [&hellip;]<\/p>\n","protected":false},"author":2,"featured_media":0,"comment_status":"open","ping_status":"open","sticky":false,"template":"","format":"standard","meta":{"_links_to":"","_links_to_target":""},"categories":[1],"tags":[],"_links":{"self":[{"href":"https:\/\/www.ilheusnoticias.net.br\/v1\/wp-json\/wp\/v2\/posts\/32278"}],"collection":[{"href":"https:\/\/www.ilheusnoticias.net.br\/v1\/wp-json\/wp\/v2\/posts"}],"about":[{"href":"https:\/\/www.ilheusnoticias.net.br\/v1\/wp-json\/wp\/v2\/types\/post"}],"author":[{"embeddable":true,"href":"https:\/\/www.ilheusnoticias.net.br\/v1\/wp-json\/wp\/v2\/users\/2"}],"replies":[{"embeddable":true,"href":"https:\/\/www.ilheusnoticias.net.br\/v1\/wp-json\/wp\/v2\/comments?post=32278"}],"version-history":[{"count":1,"href":"https:\/\/www.ilheusnoticias.net.br\/v1\/wp-json\/wp\/v2\/posts\/32278\/revisions"}],"predecessor-version":[{"id":32279,"href":"https:\/\/www.ilheusnoticias.net.br\/v1\/wp-json\/wp\/v2\/posts\/32278\/revisions\/32279"}],"wp:attachment":[{"href":"https:\/\/www.ilheusnoticias.net.br\/v1\/wp-json\/wp\/v2\/media?parent=32278"}],"wp:term":[{"taxonomy":"category","embeddable":true,"href":"https:\/\/www.ilheusnoticias.net.br\/v1\/wp-json\/wp\/v2\/categories?post=32278"},{"taxonomy":"post_tag","embeddable":true,"href":"https:\/\/www.ilheusnoticias.net.br\/v1\/wp-json\/wp\/v2\/tags?post=32278"}],"curies":[{"name":"wp","href":"https:\/\/api.w.org\/{rel}","templated":true}]}}