{"id":32269,"date":"2023-06-21T08:15:24","date_gmt":"2023-06-21T11:15:24","guid":{"rendered":"https:\/\/www.ilheusnoticias.net.br\/v1\/?p=32269"},"modified":"2023-06-21T08:15:24","modified_gmt":"2023-06-21T11:15:24","slug":"apos-modernizacao-prefeitura-entrega-novos-equipamentos-para-aprimorar-servicos-na-ubs-do-iguape-2","status":"publish","type":"post","link":"https:\/\/www.ilheusnoticias.net.br\/v1\/2023\/06\/21\/apos-modernizacao-prefeitura-entrega-novos-equipamentos-para-aprimorar-servicos-na-ubs-do-iguape-2\/","title":{"rendered":"Ap\u00f3s moderniza\u00e7\u00e3o, Prefeitura entrega novos equipamentos para aprimorar servi\u00e7os na UBS do Iguape"},"content":{"rendered":"<p>A Prefeitura de Ilh\u00e9us tem investido na reestrutura\u00e7\u00e3o da Aten\u00e7\u00e3o Prim\u00e1ria, por meio de contrata\u00e7\u00e3o de profissionais, reforma das Unidades B\u00e1sicas de Sa\u00fade (UBSs) e Estrat\u00e9gias Sa\u00fade da Fam\u00edlia (ESFs) e atualiza\u00e7\u00e3o dos equipamentos e mobili\u00e1rios para proporcionar mais conforto e bem-estar aos servidores da rede e usu\u00e1rios do SUS. Executada com recursos pr\u00f3prios na ordem de R$ 300 mil, a requalifica\u00e7\u00e3o da UBS do Iguape, localizada na Zona Norte da cidade, integra o rol de melhorias.<\/p>\n<p>Na \u00faltima quinta-feira (15), a Secretaria de Sa\u00fade (Sesau) recomp\u00f4s o mobili\u00e1rio da unidade, ratificando o compromisso da gest\u00e3o do prefeito M\u00e1rio Alexandre para prestar um servi\u00e7o p\u00fablico eficiente.\u00a0Conforme a secretaria, a aquisi\u00e7\u00e3o visa aprimorar o atendimento e oferecer condi\u00e7\u00f5es para que os servidores possam desempenhar suas fun\u00e7\u00f5es com excel\u00eancia.<\/p>\n<div class=\"imagem thumbnail col-xs-12 col-sm-8 col-md-6 col-lg-6 imagem-materia\"><a class=\"fresco\" title=\"\" href=\"https:\/\/portalfacilarquivos.blob.core.windows.net\/uploads\/ILHEUS\/imgOrig\/%7BC72DAC7B-B4AC-E8A3-CC77-DDC4172A36CB%7D.jpg\" data-fresco-caption=\"\"><img loading=\"lazy\" src=\"https:\/\/portalfacilarquivos.blob.core.windows.net\/uploads\/ILHEUS\/img\/%7BC72DAC7B-B4AC-E8A3-CC77-DDC4172A36CB%7D\/%7BC72DAC7B-B4AC-E8A3-CC77-DDC4172A36CB%7D_450X650.jpg\" alt=\"ubs iguape; equipamentos; mobili\u00e1rio; sesau\" width=\"450\" height=\"650\" \/><\/a>&nbsp;<\/p>\n<\/div>\n<p>&nbsp;<\/p>\n<p>\u201cS\u00e3o conquistas que refletem o empenho do governo municipal, a fim de assegurar o acesso aos servi\u00e7os de sa\u00fade em todos os n\u00edveis de assist\u00eancia. A determina\u00e7\u00e3o do prefeito M\u00e1rio Alexandre \u00e9 para que as unidades passem por manuten\u00e7\u00e3o e reformas constantes, garantindo a amplia\u00e7\u00e3o das a\u00e7\u00f5es preventivas e um atendimento mais efetivo por parte das equipes de Sa\u00fade do munic\u00edpio\u201d, explicou Andr\u00e9 Cez\u00e1rio, titular da Sesau.<\/p>\n<p>A Aten\u00e7\u00e3o B\u00e1sica \u00e9 a porta de entrada do SUS, respons\u00e1vel pelos atendimentos de menor complexidade. A Prefeitura reitera que a parceria com o governo baiano tem sido primordial para melhorar os indicadores. Com apoio do ente estadual, est\u00e1 sendo constru\u00edda uma UBS Tipo III, ao lado do Hospital Regional Costa do Cacau, no Banco da Vit\u00f3ria.<\/p>\n<p>&nbsp;<\/p>\n<div class=\"imagem thumbnail col-xs-12 col-sm-8 col-md-6 col-lg-6 imagem-materia\"><a class=\"fresco\" title=\"\" href=\"https:\/\/portalfacilarquivos.blob.core.windows.net\/uploads\/ILHEUS\/imgOrig\/%7BCCAE7E8D-AEEE-0364-ECDB-71E4DEADCAEA%7D.jpg\" data-fresco-caption=\"\"><img loading=\"lazy\" title=\"\" src=\"https:\/\/portalfacilarquivos.blob.core.windows.net\/uploads\/ILHEUS\/img\/%7BCCAE7E8D-AEEE-0364-ECDB-71E4DEADCAEA%7D\/%7BCCAE7E8D-AEEE-0364-ECDB-71E4DEADCAEA%7D_650X450.jpg\" alt=\"ubs iguape; equipamentos; mobili\u00e1rio; sesau\" width=\"650\" height=\"450\" \/><\/a><\/div>\n<div class=\"imagem thumbnail col-xs-12 col-sm-8 col-md-6 col-lg-6 imagem-materia\">O planejamento da gest\u00e3o municipal consiste ainda na constru\u00e7\u00e3o de quatro UBSs, sendo uma no bairro Nossa Senhora da Vit\u00f3ria, uma no Teot\u00f4nio Vilela e duas nas imedia\u00e7\u00f5es da Universidade Estadual de Santa Cruz (UESC), no Salobrinho.<\/div>\n<p>\u201cEsse trabalho faz com que o atendimento possa fluir melhor. O prefeito tem o\u00a0olhar atento e compreende a necessidade de atualizar o ambiente de trabalho e oferecer mais conforto para os pacientes e para o profissional no exerc\u00edcio de sua fun\u00e7\u00e3o\u201d, elogiou a enfermeira\u00a0Amenaide Cerqueira.<\/p>\n<p>&nbsp;<\/p>\n<div class=\"imagem thumbnail col-xs-12 col-sm-8 col-md-6 col-lg-6 imagem-materia\"><\/div>\n","protected":false},"excerpt":{"rendered":"<p>A Prefeitura de Ilh\u00e9us tem investido na reestrutura\u00e7\u00e3o da Aten\u00e7\u00e3o Prim\u00e1ria, por meio de contrata\u00e7\u00e3o de profissionais, reforma das Unidades B\u00e1sicas de Sa\u00fade (UBSs) e Estrat\u00e9gias Sa\u00fade da Fam\u00edlia (ESFs) e atualiza\u00e7\u00e3o dos equipamentos e mobili\u00e1rios para proporcionar mais conforto e bem-estar aos servidores da rede e usu\u00e1rios do SUS. Executada com recursos pr\u00f3prios na [&hellip;]<\/p>\n","protected":false},"author":2,"featured_media":0,"comment_status":"open","ping_status":"open","sticky":false,"template":"","format":"standard","meta":{"_links_to":"","_links_to_target":""},"categories":[1],"tags":[],"_links":{"self":[{"href":"https:\/\/www.ilheusnoticias.net.br\/v1\/wp-json\/wp\/v2\/posts\/32269"}],"collection":[{"href":"https:\/\/www.ilheusnoticias.net.br\/v1\/wp-json\/wp\/v2\/posts"}],"about":[{"href":"https:\/\/www.ilheusnoticias.net.br\/v1\/wp-json\/wp\/v2\/types\/post"}],"author":[{"embeddable":true,"href":"https:\/\/www.ilheusnoticias.net.br\/v1\/wp-json\/wp\/v2\/users\/2"}],"replies":[{"embeddable":true,"href":"https:\/\/www.ilheusnoticias.net.br\/v1\/wp-json\/wp\/v2\/comments?post=32269"}],"version-history":[{"count":1,"href":"https:\/\/www.ilheusnoticias.net.br\/v1\/wp-json\/wp\/v2\/posts\/32269\/revisions"}],"predecessor-version":[{"id":32270,"href":"https:\/\/www.ilheusnoticias.net.br\/v1\/wp-json\/wp\/v2\/posts\/32269\/revisions\/32270"}],"wp:attachment":[{"href":"https:\/\/www.ilheusnoticias.net.br\/v1\/wp-json\/wp\/v2\/media?parent=32269"}],"wp:term":[{"taxonomy":"category","embeddable":true,"href":"https:\/\/www.ilheusnoticias.net.br\/v1\/wp-json\/wp\/v2\/categories?post=32269"},{"taxonomy":"post_tag","embeddable":true,"href":"https:\/\/www.ilheusnoticias.net.br\/v1\/wp-json\/wp\/v2\/tags?post=32269"}],"curies":[{"name":"wp","href":"https:\/\/api.w.org\/{rel}","templated":true}]}}