{"id":32267,"date":"2023-06-20T11:01:17","date_gmt":"2023-06-20T14:01:17","guid":{"rendered":"https:\/\/www.ilheusnoticias.net.br\/v1\/?p=32267"},"modified":"2023-06-20T11:01:17","modified_gmt":"2023-06-20T14:01:17","slug":"caixa-comeca-a-cobrar-pix-de-pessoas-juridicas-em-19-de-julho","status":"publish","type":"post","link":"https:\/\/www.ilheusnoticias.net.br\/v1\/2023\/06\/20\/caixa-comeca-a-cobrar-pix-de-pessoas-juridicas-em-19-de-julho\/","title":{"rendered":"Caixa come\u00e7a a cobrar Pix de pessoas jur\u00eddicas em 19 de julho"},"content":{"rendered":"<header class=\"header-static navbar-sticky navbar-light navbar-sticky-on\">\n<nav class=\"navbar\">\n<div class=\"container nav-item dropdown megamenu\">\n<div class=\"pos-absolute-center\"><\/div>\n<\/div>\n<\/nav>\n<\/header>\n<div class=\"region region-content\">\n<article class=\"container\">\n<div class=\"row\">\n<div class=\"col-lg-12 mb-3\">\n<div class=\"post-image\"><a href=\"https:\/\/agenciabrasil.ebc.com.br\/economia\/noticia\/2023-06\/caixa-comeca-cobrar-pix-de-pessoas-juridicas-em-19-de-julho#\"><img id=\"media-246290\" class=\"rounded-lg shadow-sm w-100\" title=\"Marcello Casal JrAg\u00eancia Brasil\" src=\"https:\/\/imagens.ebc.com.br\/0SBcpRmCgE6VHHh47YJs7tBRhSI=\/1170x700\/smart\/https:\/\/agenciabrasil.ebc.com.br\/sites\/default\/files\/thumbnails\/image\/pix_0411202554.jpg?itok=HUh5f07I\" alt=\"Pix \u00e9 o pagamento instant\u00e2neo brasileiro. O meio de pagamento criado pelo Banco Central (BC) em que os recursos s\u00e3o transferidos entre contas em poucos segundos, a qualquer hora ou dia. \u00c9 pr\u00e1tico, r\u00e1pido e seguro.\" \/>\u00a9 Marcello Casal JrAg\u00eancia Brasil<\/a><\/div>\n<\/div>\n<div class=\"col-lg-12 mb-3\">\n<div class=\"row\">\n<div class=\"col-10 offset-1 animated fadeInDown dealy-1100 alt-font text-center\"><a href=\"https:\/\/agenciabrasil.ebc.com.br\/economia\"><span class=\"badge badge-pill badge-primary\">Economia<\/span><\/a><\/div>\n<div class=\"col-10 offset-1 animated fadeInDown dealy-1100 alt-font text-center\">A partir de 19 de julho, as pessoas jur\u00eddicas clientes da Caixa Econ\u00f4mica Federal come\u00e7ar\u00e3o a pagar para fazer Pix. Autorizada pelo Banco Central (BC), a cobran\u00e7a de tarifas para empres\u00e1rios que usam o sistema de transfer\u00eancias instant\u00e2neas \u00e9 praticada pela maioria dos bancos, mas n\u00e3o era feita pela Caixa.<img src=\"https:\/\/agenciabrasil.ebc.com.br\/ebc.png?id=1539044&amp;o=node\" \/><img src=\"https:\/\/agenciabrasil.ebc.com.br\/ebc.gif?id=1539044&amp;o=node\" \/><\/div>\n<\/div>\n<\/div>\n<div class=\"col-xl-7 offset-xl-1 col-lg-8 offset-lg-0 col-md-10 offset-md-1 mb-3\">\n<div class=\"post-item alt-font\">\n<div class=\"post-item-wrap\">\n<p>Em nota, o banco desmentiu falsas not\u00edcias que circularam nessa\u00a0segunda-feira (18) de que a tarifa\u00e7\u00e3o atingiria outros tipos de clientes. A Caixa destacou que pessoas f\u00edsicas, microempreendedores individuais (MEI) e benefici\u00e1rios de programas sociais continuar\u00e3o a fazer Pix sem cobran\u00e7a.<\/p>\n<p>\u201cA pr\u00e1tica [tarifa\u00e7\u00e3o do Pix para pessoas jur\u00eddicas] j\u00e1 \u00e9 realizada por outras institui\u00e7\u00f5es financeiras e autorizada pelo Arranjo Pix desde novembro de 2020, conforme Resolu\u00e7\u00e3o BCB n\u00ba 30\/2020\u201d, justificou a Caixa em nota.<\/p>\n<p>O comunicado tamb\u00e9m informou que a tarifa a ser aplicada \u00e0s empresas que fazem Pix ser\u00e1 uma das menores do mercado. O banco, informou a nota, mant\u00e9m o compromisso de oferecer aos clientes as melhores condi\u00e7\u00f5es em seus produtos e servi\u00e7os.<\/p>\n<p>Confira as tarifas de envio e recebimento do Pix para pessoa jur\u00eddica privada:<\/p>\n<p><strong>Pix transfer\u00eancia<\/strong><\/p>\n<p>\u2022\u00a0 \u00a0Envio de empresa para pessoa f\u00edsica por chave Pix, inser\u00e7\u00e3o de dados banc\u00e1rios ou inicia\u00e7\u00e3o de pagamento<\/p>\n<p>\u2022\u00a0 \u00a0Envio entre empresas por chave Pix ou\u00a0inser\u00e7\u00e3o de dados banc\u00e1rios<\/p>\n<p>\u2022\u00a0 \u00a00,89% do valor da opera\u00e7\u00e3o, com valor m\u00ednimo de R$ 1 e m\u00e1ximo de R$ 8,50<\/p>\n<p><strong>Pix compra<\/strong><\/p>\n<p>\u2022\u00a0 \u00a0Empresa recebe Pix de pessoa f\u00edsica em opera\u00e7\u00f5es de compra por chave Pix, inser\u00e7\u00e3o de dados banc\u00e1rios, iniciador de pagamento e C\u00f3digo QR est\u00e1tico<\/p>\n<p>\u2022\u00a0 \u00a0Empresa recebe Pix de outra empresa\u00a0por C\u00f3digo QR est\u00e1tico e iniciador de pagamento<\/p>\n<p>\u2022\u00a0 \u00a00,89% do valor da opera\u00e7\u00e3o, com valor m\u00ednimo de R$ 1 e m\u00e1ximo de R$ 130<\/p>\n<p><strong>Pix Checkout<\/strong><\/p>\n<p>\u2022\u00a0 \u00a0Empresa recebe Pix de pessoa f\u00edsica ou de outra empresa por C\u00f3digo QR din\u00e2mico<\/p>\n<p>\u2022\u00a0 \u00a01,20% do valor da opera\u00e7\u00e3o, com valor m\u00ednimo de R$ 1 e m\u00e1ximo de R$ 130<\/p>\n<p><em>Fonte: Caixa Econ\u00f4mica Federal<\/em><\/p>\n<\/div>\n<\/div>\n<\/div>\n<\/div>\n<\/article>\n<\/div>\n","protected":false},"excerpt":{"rendered":"<p>\u00a9 Marcello Casal JrAg\u00eancia Brasil Economia A partir de 19 de julho, as pessoas jur\u00eddicas clientes da Caixa Econ\u00f4mica Federal come\u00e7ar\u00e3o a pagar para fazer Pix. Autorizada pelo Banco Central (BC), a cobran\u00e7a de tarifas para empres\u00e1rios que usam o sistema de transfer\u00eancias instant\u00e2neas \u00e9 praticada pela maioria dos bancos, mas n\u00e3o era feita pela [&hellip;]<\/p>\n","protected":false},"author":2,"featured_media":0,"comment_status":"open","ping_status":"open","sticky":false,"template":"","format":"standard","meta":{"_links_to":"","_links_to_target":""},"categories":[1],"tags":[],"_links":{"self":[{"href":"https:\/\/www.ilheusnoticias.net.br\/v1\/wp-json\/wp\/v2\/posts\/32267"}],"collection":[{"href":"https:\/\/www.ilheusnoticias.net.br\/v1\/wp-json\/wp\/v2\/posts"}],"about":[{"href":"https:\/\/www.ilheusnoticias.net.br\/v1\/wp-json\/wp\/v2\/types\/post"}],"author":[{"embeddable":true,"href":"https:\/\/www.ilheusnoticias.net.br\/v1\/wp-json\/wp\/v2\/users\/2"}],"replies":[{"embeddable":true,"href":"https:\/\/www.ilheusnoticias.net.br\/v1\/wp-json\/wp\/v2\/comments?post=32267"}],"version-history":[{"count":1,"href":"https:\/\/www.ilheusnoticias.net.br\/v1\/wp-json\/wp\/v2\/posts\/32267\/revisions"}],"predecessor-version":[{"id":32268,"href":"https:\/\/www.ilheusnoticias.net.br\/v1\/wp-json\/wp\/v2\/posts\/32267\/revisions\/32268"}],"wp:attachment":[{"href":"https:\/\/www.ilheusnoticias.net.br\/v1\/wp-json\/wp\/v2\/media?parent=32267"}],"wp:term":[{"taxonomy":"category","embeddable":true,"href":"https:\/\/www.ilheusnoticias.net.br\/v1\/wp-json\/wp\/v2\/categories?post=32267"},{"taxonomy":"post_tag","embeddable":true,"href":"https:\/\/www.ilheusnoticias.net.br\/v1\/wp-json\/wp\/v2\/tags?post=32267"}],"curies":[{"name":"wp","href":"https:\/\/api.w.org\/{rel}","templated":true}]}}