{"id":32261,"date":"2023-06-20T10:55:52","date_gmt":"2023-06-20T13:55:52","guid":{"rendered":"https:\/\/www.ilheusnoticias.net.br\/v1\/?p=32261"},"modified":"2023-06-20T10:55:52","modified_gmt":"2023-06-20T13:55:52","slug":"projeto-visita-guiada-defensores-publicos-visitam-o-materno-infantil-e-conhecem-o-funcionamento-da-unidade-hospitalar-em-ilheus","status":"publish","type":"post","link":"https:\/\/www.ilheusnoticias.net.br\/v1\/2023\/06\/20\/projeto-visita-guiada-defensores-publicos-visitam-o-materno-infantil-e-conhecem-o-funcionamento-da-unidade-hospitalar-em-ilheus\/","title":{"rendered":"Projeto Visita Guiada: Defensores P\u00fablicos visitam o Materno-Infantil e conhecem o funcionamento da unidade hospitalar em Ilh\u00e9us"},"content":{"rendered":"<div class=\"PostContent\">\n<p><img loading=\"lazy\" class=\"aligncenter wp-image-151625\" src=\"https:\/\/www.blogdothame.blog.br\/v1\/wp-content\/uploads\/2023\/06\/visita-guiada-3.jpg\" sizes=\"(max-width: 369px) 100vw, 369px\" srcset=\"https:\/\/www.blogdothame.blog.br\/v1\/wp-content\/uploads\/2023\/06\/visita-guiada-3.jpg 600w, https:\/\/www.blogdothame.blog.br\/v1\/wp-content\/uploads\/2023\/06\/visita-guiada-3-300x200.jpg 300w\" alt=\"\" width=\"369\" height=\"245\" \/><\/p>\n<p>A convite da dire\u00e7\u00e3o do Hospital Materno-Infantil Dr. Joaquim Sampaio, a 3\u00aa Defensoria P\u00fablica Regional Ilh\u00e9us, representada pelos doutores Leonardo Couto Salles (coordenador geral) e Fl\u00e1via Amaro da Silveira Duval (Vara da Inf\u00e2ncia e Juventude) e pela Assistente Social M\u00e1rcia Bittencourt, visitou as depend\u00eancias da unidade e conheceu de perto o funcionamento de toda a estrutura hospitalar.<\/p>\n<p><img loading=\"lazy\" class=\"aligncenter wp-image-151626\" src=\"https:\/\/www.blogdothame.blog.br\/v1\/wp-content\/uploads\/2023\/06\/visita-guiada-2.jpg\" sizes=\"(max-width: 426px) 100vw, 426px\" srcset=\"https:\/\/www.blogdothame.blog.br\/v1\/wp-content\/uploads\/2023\/06\/visita-guiada-2.jpg 600w, https:\/\/www.blogdothame.blog.br\/v1\/wp-content\/uploads\/2023\/06\/visita-guiada-2-300x169.jpg 300w\" alt=\"\" width=\"426\" height=\"240\" \/><\/p>\n<p>Esta foi mais uma etapa da s\u00e9rie do Projeto Visita-Guiada idealizado pelo hospital, com o objetivo de apresentar aos setores organizados da sociedade como funciona do HMIJS. \u201cEstabelecer esse encontro sincero e transparente com os defensores p\u00fablicos da cidade \u00e9 reconhecer que podemos caminhar juntos para resolver os problemas da sociedade\u201d, destacou Domilene Borges, diretora do HMIJS. O encontro tamb\u00e9m contou com a presen\u00e7a do diretor-m\u00e9dico da institui\u00e7\u00e3o, Samuel Branco.<\/p>\n<\/div>\n","protected":false},"excerpt":{"rendered":"<p>A convite da dire\u00e7\u00e3o do Hospital Materno-Infantil Dr. Joaquim Sampaio, a 3\u00aa Defensoria P\u00fablica Regional Ilh\u00e9us, representada pelos doutores Leonardo Couto Salles (coordenador geral) e Fl\u00e1via Amaro da Silveira Duval (Vara da Inf\u00e2ncia e Juventude) e pela Assistente Social M\u00e1rcia Bittencourt, visitou as depend\u00eancias da unidade e conheceu de perto o funcionamento de toda a [&hellip;]<\/p>\n","protected":false},"author":2,"featured_media":0,"comment_status":"open","ping_status":"open","sticky":false,"template":"","format":"standard","meta":{"_links_to":"","_links_to_target":""},"categories":[1],"tags":[],"_links":{"self":[{"href":"https:\/\/www.ilheusnoticias.net.br\/v1\/wp-json\/wp\/v2\/posts\/32261"}],"collection":[{"href":"https:\/\/www.ilheusnoticias.net.br\/v1\/wp-json\/wp\/v2\/posts"}],"about":[{"href":"https:\/\/www.ilheusnoticias.net.br\/v1\/wp-json\/wp\/v2\/types\/post"}],"author":[{"embeddable":true,"href":"https:\/\/www.ilheusnoticias.net.br\/v1\/wp-json\/wp\/v2\/users\/2"}],"replies":[{"embeddable":true,"href":"https:\/\/www.ilheusnoticias.net.br\/v1\/wp-json\/wp\/v2\/comments?post=32261"}],"version-history":[{"count":1,"href":"https:\/\/www.ilheusnoticias.net.br\/v1\/wp-json\/wp\/v2\/posts\/32261\/revisions"}],"predecessor-version":[{"id":32262,"href":"https:\/\/www.ilheusnoticias.net.br\/v1\/wp-json\/wp\/v2\/posts\/32261\/revisions\/32262"}],"wp:attachment":[{"href":"https:\/\/www.ilheusnoticias.net.br\/v1\/wp-json\/wp\/v2\/media?parent=32261"}],"wp:term":[{"taxonomy":"category","embeddable":true,"href":"https:\/\/www.ilheusnoticias.net.br\/v1\/wp-json\/wp\/v2\/categories?post=32261"},{"taxonomy":"post_tag","embeddable":true,"href":"https:\/\/www.ilheusnoticias.net.br\/v1\/wp-json\/wp\/v2\/tags?post=32261"}],"curies":[{"name":"wp","href":"https:\/\/api.w.org\/{rel}","templated":true}]}}