{"id":3226,"date":"2016-12-29T12:52:52","date_gmt":"2016-12-29T15:52:52","guid":{"rendered":"http:\/\/www.ilheusnoticias.net.br\/v1\/?p=3226"},"modified":"2016-12-29T12:52:52","modified_gmt":"2016-12-29T15:52:52","slug":"devedores-de-pensao-alimenticia-poderao-perder-carteira-de-motorista","status":"publish","type":"post","link":"https:\/\/www.ilheusnoticias.net.br\/v1\/2016\/12\/29\/devedores-de-pensao-alimenticia-poderao-perder-carteira-de-motorista\/","title":{"rendered":"Devedores de pens\u00e3o aliment\u00edcia poder\u00e3o perder carteira de motorista"},"content":{"rendered":"<div class=\"PostContent\">\n<div id=\"attachment_56551\" class=\"wp-caption alignright\"><a class=\"gallery_colorbox cboxElement\" href=\"http:\/\/www.agravo.blog.br\/wp-content\/uploads\/2016\/12\/lidice.jpg\"><img loading=\"lazy\" class=\"size-medium wp-image-56551\" src=\"http:\/\/www.agravo.blog.br\/wp-content\/uploads\/2016\/12\/lidice-300x199.jpg\" sizes=\"(max-width: 300px) 100vw, 300px\" srcset=\"http:\/\/www.agravo.blog.br\/wp-content\/uploads\/2016\/12\/lidice-300x199.jpg 300w, http:\/\/www.agravo.blog.br\/wp-content\/uploads\/2016\/12\/lidice-768x509.jpg 768w, http:\/\/www.agravo.blog.br\/wp-content\/uploads\/2016\/12\/lidice.jpg 860w\" alt=\"\" width=\"300\" height=\"199\" \/><\/a><\/p>\n<p class=\"wp-caption-text\">L\u00eddice da Mata \u00e9 autora do projeto.<\/p>\n<\/div>\n<p>Quem estiver devendo pens\u00e3o aliment\u00edcia poder\u00e1 ter a carteira de motorista suspensa e o passaporte apreendido ou proibido de ser emitido, assim como ter suspenso o direito de participar de licita\u00e7\u00f5es p\u00fablicas e ser proibido de firmar contratos com a administra\u00e7\u00e3o p\u00fablica. \u00c9 o que prop\u00f5e a senadora L\u00eddice da Mata (PSB-BA), no Projeto de Lei do Senado (PLS) <a class=\"external-link\" href=\"http:\/\/www25.senado.leg.br\/web\/atividade\/materias\/-\/materia\/127620\">427\/2016<\/a>, em an\u00e1lise na Comiss\u00e3o de Constitui\u00e7\u00e3o, Justi\u00e7a e Cidadania (CCJ).<\/p>\n<\/div>\n<p>&nbsp;<\/p>\n<p><!--more--><\/p>\n<div class=\"PostContent\">\n<p>A lei j\u00e1 pune com pena de pris\u00e3o quem deixa de pagar a pens\u00e3o aliment\u00edcia. Contudo, ressalta a senadora, a cobran\u00e7a de d\u00edvidas alimentares na Justi\u00e7a brasileira ainda \u00e9 lenta, e essa demora para impor o cumprimento do pagamento, na maioria dos casos, deixa em situa\u00e7\u00e3o cr\u00edtica menores de idade que s\u00e3o sustentados com tais recursos. Ao ampliar as penalidades previstas ao devedor, a proposta pretende dar ao juiz alternativas de press\u00e3o para compelir ao pagamento dos alimentos.<\/p>\n<p>\u201cA legisla\u00e7\u00e3o deve avan\u00e7ar mais em busca de novos instrumentos legais para que a execu\u00e7\u00e3o de alimentos se torne mais r\u00e1pida e efetiva\u201d, argumenta L\u00eddice na justifica\u00e7\u00e3o ao projeto.<\/p>\n<p>A autora analisa que as restri\u00e7\u00f5es sugeridas s\u00e3o proporcionais, considerada a natureza alimentar, portanto, urgente dessas d\u00edvidas. Em sua opini\u00e3o, a suspens\u00e3o do direito de dirigir, por um per\u00edodo de um a 12 meses, e de viajar ao exterior \u00e9 razo\u00e1vel, afinal, se o devedor n\u00e3o tem recursos para pagar a pens\u00e3o atrasada, n\u00e3o deveria usufruir \u201csuperfluamente\u201d desses direitos. No entanto, o texto garante a continuidade dos direitos a quem provar em ju\u00edzo que deles dependem para o exerc\u00edcio de suas profiss\u00f5es.<\/p>\n<p>Ela diz ainda que a proibi\u00e7\u00e3o ao direito de licitar e contratar com a administra\u00e7\u00e3o p\u00fablica se justifica sem ressalvas, j\u00e1 que h\u00e1 interesse p\u00fablico em o Estado n\u00e3o contratar com inadimplentes.<\/p>\n<p>O projeto recebe decis\u00e3o terminativa na CCJ.<\/p>\n<\/div>\n<p><!--more--><\/p>\n","protected":false},"excerpt":{"rendered":"<p>L\u00eddice da Mata \u00e9 autora do projeto. Quem estiver devendo pens\u00e3o aliment\u00edcia poder\u00e1 ter a carteira de motorista suspensa e o passaporte apreendido ou proibido de ser emitido, assim como ter suspenso o direito de participar de licita\u00e7\u00f5es p\u00fablicas e ser proibido de firmar contratos com a administra\u00e7\u00e3o p\u00fablica. \u00c9 o que prop\u00f5e a senadora [&hellip;]<\/p>\n","protected":false},"author":2,"featured_media":0,"comment_status":"open","ping_status":"open","sticky":false,"template":"","format":"standard","meta":{"_links_to":"","_links_to_target":""},"categories":[1],"tags":[309],"_links":{"self":[{"href":"https:\/\/www.ilheusnoticias.net.br\/v1\/wp-json\/wp\/v2\/posts\/3226"}],"collection":[{"href":"https:\/\/www.ilheusnoticias.net.br\/v1\/wp-json\/wp\/v2\/posts"}],"about":[{"href":"https:\/\/www.ilheusnoticias.net.br\/v1\/wp-json\/wp\/v2\/types\/post"}],"author":[{"embeddable":true,"href":"https:\/\/www.ilheusnoticias.net.br\/v1\/wp-json\/wp\/v2\/users\/2"}],"replies":[{"embeddable":true,"href":"https:\/\/www.ilheusnoticias.net.br\/v1\/wp-json\/wp\/v2\/comments?post=3226"}],"version-history":[{"count":1,"href":"https:\/\/www.ilheusnoticias.net.br\/v1\/wp-json\/wp\/v2\/posts\/3226\/revisions"}],"predecessor-version":[{"id":3227,"href":"https:\/\/www.ilheusnoticias.net.br\/v1\/wp-json\/wp\/v2\/posts\/3226\/revisions\/3227"}],"wp:attachment":[{"href":"https:\/\/www.ilheusnoticias.net.br\/v1\/wp-json\/wp\/v2\/media?parent=3226"}],"wp:term":[{"taxonomy":"category","embeddable":true,"href":"https:\/\/www.ilheusnoticias.net.br\/v1\/wp-json\/wp\/v2\/categories?post=3226"},{"taxonomy":"post_tag","embeddable":true,"href":"https:\/\/www.ilheusnoticias.net.br\/v1\/wp-json\/wp\/v2\/tags?post=3226"}],"curies":[{"name":"wp","href":"https:\/\/api.w.org\/{rel}","templated":true}]}}