{"id":32252,"date":"2023-06-19T12:40:43","date_gmt":"2023-06-19T15:40:43","guid":{"rendered":"https:\/\/www.ilheusnoticias.net.br\/v1\/?p=32252"},"modified":"2023-06-19T12:40:43","modified_gmt":"2023-06-19T15:40:43","slug":"adolescente-de-17-anos-e-eletrocutada-no-sudoeste-da-bahia-familia-diz-que-jovem-tocou-em-fio-desencapado-ao-carregar-celular","status":"publish","type":"post","link":"https:\/\/www.ilheusnoticias.net.br\/v1\/2023\/06\/19\/adolescente-de-17-anos-e-eletrocutada-no-sudoeste-da-bahia-familia-diz-que-jovem-tocou-em-fio-desencapado-ao-carregar-celular\/","title":{"rendered":"Adolescente de 17 anos \u00e9 eletrocutada no sudoeste da Bahia; fam\u00edlia diz que jovem tocou em fio desencapado ao carregar celular"},"content":{"rendered":"<div class=\"row content-head non-featured \">\n<div class=\"title\" data-block-type=\"title\" data-block-id=\"0\"><\/div>\n<\/div>\n<div class=\"mc-article-body\">\n<article>\n<div id=\"chunk-dq1q1\">\n<div class=\"row medium-uncollapsed content-media content-photo\" data-block-type=\"backstage-photo\" data-block-id=\"1\">\n<div class=\" mc-column  content-media__container\">\n<div class=\"content-media-container glb-skeleton-box\">\n<figure class=\"content-media-figure\"><img class=\"i-amphtml-fill-content i-amphtml-replaced-content\" src=\"https:\/\/s2-g1.glbimg.com\/esUybH4-t6hqr9-2Ps1TL98qYkw=\/0x0:600x313\/984x0\/smart\/filters:strip_icc()\/i.s3.glbimg.com\/v1\/AUTH_59edd422c0c84a879bd37670ae4f538a\/internal_photos\/bs\/2023\/m\/R\/LBI3SBQ0aQsbOAPMrI1Q\/00001.jpg\" sizes=\"(max-width: 1707px) 648px, 100vw\" srcset=\"https:\/\/s2-g1.glbimg.com\/rN2ThybzEgMRAHGluVunBUNFJLU=\/0x0:600x313\/1000x0\/smart\/filters:strip_icc()\/i.s3.glbimg.com\/v1\/AUTH_59edd422c0c84a879bd37670ae4f538a\/internal_photos\/bs\/2023\/m\/R\/LBI3SBQ0aQsbOAPMrI1Q\/00001.jpg 1000w, https:\/\/s2-g1.glbimg.com\/esUybH4-t6hqr9-2Ps1TL98qYkw=\/0x0:600x313\/984x0\/smart\/filters:strip_icc()\/i.s3.glbimg.com\/v1\/AUTH_59edd422c0c84a879bd37670ae4f538a\/internal_photos\/bs\/2023\/m\/R\/LBI3SBQ0aQsbOAPMrI1Q\/00001.jpg 984w, https:\/\/s2-g1.glbimg.com\/5V8tFLkKSd_jFr5NCV-tAZnwWec=\/0x0:600x313\/640x0\/smart\/filters:strip_icc()\/i.s3.glbimg.com\/v1\/AUTH_59edd422c0c84a879bd37670ae4f538a\/internal_photos\/bs\/2023\/m\/R\/LBI3SBQ0aQsbOAPMrI1Q\/00001.jpg 640w, https:\/\/s2-g1.glbimg.com\/dc_fGfEv0nEZVl9gOK0_gbG35Uk=\/0x0:600x313\/600x0\/smart\/filters:strip_icc()\/i.s3.glbimg.com\/v1\/AUTH_59edd422c0c84a879bd37670ae4f538a\/internal_photos\/bs\/2023\/m\/R\/LBI3SBQ0aQsbOAPMrI1Q\/00001.jpg 600w\" alt=\"Adolescente de 17 anos \u00e9 eletrocutada no sudoeste da Bahia \u2014 Foto: Tito Not\u00edcias\" \/><\/figure>\n<\/div>\n<p class=\"content-media__description  \">Adolescente de 17 anos \u00e9 eletrocutada no sudoeste da Bahia \u2014 Foto: Tito Not\u00edcias<\/p>\n<\/div>\n<\/div>\n<\/div>\n<div id=\"chunk-90cak\">\n<div class=\"mc-column content-text active-extra-styles \" data-block-type=\"unstyled\" data-block-weight=\"18\" data-block-id=\"3\">\n<p class=\"content-text__container \" data-track-category=\"Link no Texto\" data-track-links=\"\">Uma adolescente de 17 anos foi eletrocutada em\u00a0<a class=\"\" href=\"https:\/\/g1.globo.com\/ba\/bahia\/cidade\/planalto-ba\/\">Planalto<\/a>, no sudoeste da Bahia, na tarde de domingo (18).<\/p>\n<\/div>\n<\/div>\n<div class=\"wall protected-content\">\n<div id=\"chunk-4037h\">\n<div class=\"mc-column content-text active-extra-styles \" data-block-type=\"unstyled\" data-block-weight=\"39\" data-block-id=\"4\">\n<p class=\"content-text__container \" data-track-category=\"Link no Texto\" data-track-links=\"\">Segundo a Pol\u00edcia Civil, a fam\u00edlia de Monique Santos Ribeiro contou que ela morreu quando tocou em um fio desencapado ao tentar colocar o celular para carregar, na resid\u00eancia em que morava, que fica no povoado da Ladeira Grande.<\/p>\n<\/div>\n<\/div>\n<div id=\"chunk-ejbii\">\n<div class=\"mc-column content-text active-extra-styles \" data-block-type=\"unstyled\" data-block-weight=\"39\" data-block-id=\"5\">\n<p class=\"content-text__container \" data-track-category=\"Link no Texto\" data-track-links=\"\">Os laudos do Departamento de Pol\u00edcia T\u00e9cnica (DPT) v\u00e3o confirmar se a causa da morte da adolescente foi a descarga el\u00e9trica. O corpo de Monique Ribeiro Instituto M\u00e9dico Legal (IML) em Vit\u00f3ria da Conquista, tamb\u00e9m no sudoeste do estado.<\/p>\n<\/div>\n<\/div>\n<\/div>\n<\/article>\n<\/div>\n","protected":false},"excerpt":{"rendered":"<p>Adolescente de 17 anos \u00e9 eletrocutada no sudoeste da Bahia \u2014 Foto: Tito Not\u00edcias Uma adolescente de 17 anos foi eletrocutada em\u00a0Planalto, no sudoeste da Bahia, na tarde de domingo (18). Segundo a Pol\u00edcia Civil, a fam\u00edlia de Monique Santos Ribeiro contou que ela morreu quando tocou em um fio desencapado ao tentar colocar o [&hellip;]<\/p>\n","protected":false},"author":2,"featured_media":0,"comment_status":"open","ping_status":"open","sticky":false,"template":"","format":"standard","meta":{"_links_to":"","_links_to_target":""},"categories":[1],"tags":[],"_links":{"self":[{"href":"https:\/\/www.ilheusnoticias.net.br\/v1\/wp-json\/wp\/v2\/posts\/32252"}],"collection":[{"href":"https:\/\/www.ilheusnoticias.net.br\/v1\/wp-json\/wp\/v2\/posts"}],"about":[{"href":"https:\/\/www.ilheusnoticias.net.br\/v1\/wp-json\/wp\/v2\/types\/post"}],"author":[{"embeddable":true,"href":"https:\/\/www.ilheusnoticias.net.br\/v1\/wp-json\/wp\/v2\/users\/2"}],"replies":[{"embeddable":true,"href":"https:\/\/www.ilheusnoticias.net.br\/v1\/wp-json\/wp\/v2\/comments?post=32252"}],"version-history":[{"count":1,"href":"https:\/\/www.ilheusnoticias.net.br\/v1\/wp-json\/wp\/v2\/posts\/32252\/revisions"}],"predecessor-version":[{"id":32253,"href":"https:\/\/www.ilheusnoticias.net.br\/v1\/wp-json\/wp\/v2\/posts\/32252\/revisions\/32253"}],"wp:attachment":[{"href":"https:\/\/www.ilheusnoticias.net.br\/v1\/wp-json\/wp\/v2\/media?parent=32252"}],"wp:term":[{"taxonomy":"category","embeddable":true,"href":"https:\/\/www.ilheusnoticias.net.br\/v1\/wp-json\/wp\/v2\/categories?post=32252"},{"taxonomy":"post_tag","embeddable":true,"href":"https:\/\/www.ilheusnoticias.net.br\/v1\/wp-json\/wp\/v2\/tags?post=32252"}],"curies":[{"name":"wp","href":"https:\/\/api.w.org\/{rel}","templated":true}]}}