{"id":32250,"date":"2023-06-19T12:37:39","date_gmt":"2023-06-19T15:37:39","guid":{"rendered":"https:\/\/www.ilheusnoticias.net.br\/v1\/?p=32250"},"modified":"2023-06-19T12:37:39","modified_gmt":"2023-06-19T15:37:39","slug":"ans-suspende-comercializacao-de-31-planos-de-saude-por-mau-desempenho","status":"publish","type":"post","link":"https:\/\/www.ilheusnoticias.net.br\/v1\/2023\/06\/19\/ans-suspende-comercializacao-de-31-planos-de-saude-por-mau-desempenho\/","title":{"rendered":"ANS suspende comercializa\u00e7\u00e3o de 31 planos de sa\u00fade por mau desempenho"},"content":{"rendered":"<div class=\"col-lg-12 mb-3\">\n<div class=\"post-image\"><a href=\"https:\/\/agenciabrasil.ebc.com.br\/saude\/noticia\/2023-06\/ans-suspende-comercializacao-de-31-planos-de-saude-por-mau-desempenho#\"><img id=\"media-282185\" class=\"rounded-lg shadow-sm w-100\" title=\"Marcello Casal JrAg\u00eancia Brasil\" src=\"https:\/\/imagens.ebc.com.br\/ywZ0NdaZutfrx47XhgLXnevAyS0=\/1170x700\/smart\/https:\/\/agenciabrasil.ebc.com.br\/sites\/default\/files\/thumbnails\/image\/plano_de_saude_1703221439.jpg?itok=LdLjJIaT\" alt=\"Plano de sa\u00fade\" \/>\u00a9 Marcello Casal JrAg\u00eancia Brasil<\/a><\/div>\n<\/div>\n<div class=\"col-lg-12 mb-3\">\n<div class=\"row\">\n<div class=\"col-10 offset-1 animated fadeInDown dealy-1100 alt-font text-center\"><a href=\"https:\/\/agenciabrasil.ebc.com.br\/saude\"><span class=\"badge badge-pill badge-primary\">Sa\u00fade<\/span><\/a><\/div>\n<h3 class=\"col-10 offset-1 animated fadeInDown dealy-900 display-8 display-md-8 alt-font font-italic my-1 text-center\">Novos clientes n\u00e3o podem ser captados at\u00e9 que a avalia\u00e7\u00e3o melhore<\/h3>\n<\/div>\n<div class=\"row\">\n<h4 class=\"col-10 offset-1 animated fadeInDown dealy-1100 alt-font font-italic my-2 small text-info text-center\">Publicado em 19\/06\/2023 &#8211; 12:10 Por Vin\u00edcius Lisboa &#8211; Rep\u00f3rter da Ag\u00eancia Brasil &#8211; Rio de Janeiro<\/h4>\n<div id=\"tts-container\" class=\"col-xl-7 offset-xl-1 col-lg-8 offset-lg-0 col-md-10 offset-md-1 mb-3\">\n<h4 class=\"alt-font font-italic small text-info text-left\">O mau desempenho no atendimento aos usu\u00e1rios levou a Ag\u00eancia Nacional de Sa\u00fade Suplementar (ANS) a suspender, por um trimestre, a comercializa\u00e7\u00e3o de 31 planos de sa\u00fade, pertencentes a nove operadoras. Os benefici\u00e1rios desses planos permanecem com suas coberturas, mas novos clientes n\u00e3o podem ser captados at\u00e9 que a avalia\u00e7\u00e3o melhore.<img src=\"https:\/\/agenciabrasil.ebc.com.br\/ebc.png?id=1538893&amp;o=node\" \/><img src=\"https:\/\/agenciabrasil.ebc.com.br\/ebc.gif?id=1538893&amp;o=node\" \/><\/h4>\n<\/div>\n<\/div>\n<\/div>\n<div class=\"col-xl-7 offset-xl-1 col-lg-8 offset-lg-0 col-md-10 offset-md-1 mb-3\">\n<div class=\"post-item alt-font\">\n<div class=\"post-item-wrap\">\n<p>A lista de planos com a comercializa\u00e7\u00e3o suspensa foi divulgada nesta segunda-feira (19) e pode ser consultada no\u00a0<a href=\"https:\/\/www.gov.br\/ans\/pt-br\/assuntos\/informacoes-e-avaliacoes-de-operadoras\/monitoramento-de-garantia-de-atendimento\/planos-com-comercializacao-suspensa-1o-trim-2023\" target=\"_blank\" rel=\"noopener\">site<\/a>\u00a0da ag\u00eancia. Na p\u00e1gina, tamb\u00e9m \u00e9 poss\u00edvel consultar os planos de sa\u00fade que\u00a0<a href=\"http:\/\/www.gov.br\/ans\/pt-br\/assuntos\/informacoes-e-avaliacoes-de-operadoras\/monitoramento-de-garantia-de-atendimento\/planos-que-ja-estavam-suspensos-por-outros-motivos-e-que-tambem-foram-suspensos-pelo-monitoramento-da-garantia-de-atendimento-1o-trim-2023\" target=\"_blank\" rel=\"noopener\">j\u00e1 estavam\u00a0<\/a><a href=\"https:\/\/www.gov.br\/ans\/pt-br\/assuntos\/informacoes-e-avaliacoes-de-operadoras\/monitoramento-de-garantia-de-atendimento\/planos-que-ja-estavam-suspensos-por-outros-motivos-e-que-tambem-foram-suspensos-pelo-monitoramento-da-garantia-de-atendimento-1o-trim-2023\" target=\"_blank\" rel=\"noopener\">suspensos<\/a>\u00a0e ainda n\u00e3o foram liberados.<\/p>\n<p>A ag\u00eancia reguladora tomou como base para a suspens\u00e3o as mais de 46 mil reclama\u00e7\u00f5es registradas pelos clientes no primeiro trimestre de 2023, por meio do Monitoramento da Garantia de Atendimento. Os planos que tiveram a comercializa\u00e7\u00e3o suspensa no monitoramento mais recente somam 407 mil usu\u00e1rios.<\/p>\n<p>O bloqueio de novas vendas passa a valer em 23 de junho, pr\u00f3xima sexta-feira. Para que a suspens\u00e3o seja revista, as empresas precisam melhorar o desempenho na pr\u00f3xima avalia\u00e7\u00e3o trimestral. Ap\u00f3s o monitoramento do primeiro trimestre, 15 planos que estavam com a comercializa\u00e7\u00e3o suspensa foram liberados para realizar novos contratos.<\/p>\n<\/div>\n<\/div>\n<\/div>\n","protected":false},"excerpt":{"rendered":"<p>\u00a9 Marcello Casal JrAg\u00eancia Brasil Sa\u00fade Novos clientes n\u00e3o podem ser captados at\u00e9 que a avalia\u00e7\u00e3o melhore Publicado em 19\/06\/2023 &#8211; 12:10 Por Vin\u00edcius Lisboa &#8211; Rep\u00f3rter da Ag\u00eancia Brasil &#8211; Rio de Janeiro O mau desempenho no atendimento aos usu\u00e1rios levou a Ag\u00eancia Nacional de Sa\u00fade Suplementar (ANS) a suspender, por um trimestre, a [&hellip;]<\/p>\n","protected":false},"author":2,"featured_media":0,"comment_status":"open","ping_status":"open","sticky":false,"template":"","format":"standard","meta":{"_links_to":"","_links_to_target":""},"categories":[1],"tags":[],"_links":{"self":[{"href":"https:\/\/www.ilheusnoticias.net.br\/v1\/wp-json\/wp\/v2\/posts\/32250"}],"collection":[{"href":"https:\/\/www.ilheusnoticias.net.br\/v1\/wp-json\/wp\/v2\/posts"}],"about":[{"href":"https:\/\/www.ilheusnoticias.net.br\/v1\/wp-json\/wp\/v2\/types\/post"}],"author":[{"embeddable":true,"href":"https:\/\/www.ilheusnoticias.net.br\/v1\/wp-json\/wp\/v2\/users\/2"}],"replies":[{"embeddable":true,"href":"https:\/\/www.ilheusnoticias.net.br\/v1\/wp-json\/wp\/v2\/comments?post=32250"}],"version-history":[{"count":1,"href":"https:\/\/www.ilheusnoticias.net.br\/v1\/wp-json\/wp\/v2\/posts\/32250\/revisions"}],"predecessor-version":[{"id":32251,"href":"https:\/\/www.ilheusnoticias.net.br\/v1\/wp-json\/wp\/v2\/posts\/32250\/revisions\/32251"}],"wp:attachment":[{"href":"https:\/\/www.ilheusnoticias.net.br\/v1\/wp-json\/wp\/v2\/media?parent=32250"}],"wp:term":[{"taxonomy":"category","embeddable":true,"href":"https:\/\/www.ilheusnoticias.net.br\/v1\/wp-json\/wp\/v2\/categories?post=32250"},{"taxonomy":"post_tag","embeddable":true,"href":"https:\/\/www.ilheusnoticias.net.br\/v1\/wp-json\/wp\/v2\/tags?post=32250"}],"curies":[{"name":"wp","href":"https:\/\/api.w.org\/{rel}","templated":true}]}}