{"id":32240,"date":"2023-06-19T12:29:28","date_gmt":"2023-06-19T15:29:28","guid":{"rendered":"https:\/\/www.ilheusnoticias.net.br\/v1\/?p=32240"},"modified":"2023-06-19T12:29:28","modified_gmt":"2023-06-19T15:29:28","slug":"programa-de-pavimentacao-comunitaria-da-prefeitura-de-ilheus-contempla-moradores-do-teotonio-vilela","status":"publish","type":"post","link":"https:\/\/www.ilheusnoticias.net.br\/v1\/2023\/06\/19\/programa-de-pavimentacao-comunitaria-da-prefeitura-de-ilheus-contempla-moradores-do-teotonio-vilela\/","title":{"rendered":"Programa de pavimenta\u00e7\u00e3o comunit\u00e1ria da Prefeitura de Ilh\u00e9us contempla moradores do Teot\u00f4nio Vilela"},"content":{"rendered":"<div class=\"imagem thumbnail col-xs-12 col-sm-8 col-md-6 col-lg-6 imagem-materia\"><a class=\"fresco\" title=\"\" href=\"https:\/\/portalfacilarquivos.blob.core.windows.net\/uploads\/ILHEUS\/imgOrig\/%7BADBEA6E6-0CEC-ACA7-AA4C-D24865A5044E%7D.jpg\" data-fresco-caption=\"\"><img loading=\"lazy\" title=\"\" src=\"https:\/\/portalfacilarquivos.blob.core.windows.net\/uploads\/ILHEUS\/img\/%7BADBEA6E6-0CEC-ACA7-AA4C-D24865A5044E%7D\/%7BADBEA6E6-0CEC-ACA7-AA4C-D24865A5044E%7D_650X450.jpg\" alt=\"pavimenta\u00e7\u00e3o comunit\u00e1ria; teot\u00f4nio vilela\" width=\"650\" height=\"450\" \/><\/a><\/div>\n<p>Iniciativa que tem dado resultados positivos, o Programa de Pavimenta\u00e7\u00e3o Comunit\u00e1ria visa executar obras complementares de infraestrutura em diversos pontos do munic\u00edpio. Neste domingo (18), acompanhado de secret\u00e1rios e moradores, o prefeito M\u00e1rio Alexandre conferiu os servi\u00e7os realizados na travessa que liga a Rua Bom Jesus \u00e0 Rua Pit\u00e1goras, no bairro Teot\u00f4nio Vilela. A proposta promove ainda condi\u00e7\u00f5es dignas \u00e0 popula\u00e7\u00e3o residente em regi\u00f5es perif\u00e9ricas.<\/p>\n<p>\u201cUma parceria muito importante em prol do nosso povo. Com muita uni\u00e3o e esfor\u00e7o estamos avan\u00e7ando nesse processo de reconstru\u00e7\u00e3o de Ilh\u00e9us. Agrade\u00e7o a Deus por me dar for\u00e7as e sa\u00fade para lutar e a todos os moradores do Teot\u00f4nio Vilela pelo carinho e confian\u00e7a\u201d, disse\u00a0o gestor, afirmando que\u00a0a iniciativa atende as demandas mais pontuais.<\/p>\n<div class=\"imagem thumbnail col-xs-12 col-sm-8 col-md-6 col-lg-6 imagem-materia\"><a class=\"fresco\" title=\"\" href=\"https:\/\/portalfacilarquivos.blob.core.windows.net\/uploads\/ILHEUS\/imgOrig\/%7BCD6CADDB-DCBA-6CCE-A6DC-D4EBECCAC0ED%7D.jpg\" data-fresco-caption=\"\"><img loading=\"lazy\" title=\"\" src=\"https:\/\/portalfacilarquivos.blob.core.windows.net\/uploads\/ILHEUS\/img\/%7BCD6CADDB-DCBA-6CCE-A6DC-D4EBECCAC0ED%7D\/%7BCD6CADDB-DCBA-6CCE-A6DC-D4EBECCAC0ED%7D_650X450.jpg\" alt=\"pavimenta\u00e7\u00e3o comunit\u00e1ria; teot\u00f4nio vilela\" width=\"650\" height=\"450\" \/><\/a><\/p>\n<p class=\"bg-primary\">O programa representa uma base legal para solucionar problemas estruturais em diversas ruas e assegurar o bem-estar coletivo, envolvendo a participa\u00e7\u00e3o dos cidad\u00e3os em a\u00e7\u00f5es com iniciativa do poder Executivo municipal.<\/p>\n<\/div>\n<p>\u201cEu quero agradecer ao prefeito Mar\u00e3o por melhorar a nossa rua. A gente estava precisando de uma a\u00e7\u00e3o como essa. Podem contar sempre conosco\u201d, comentou Anselmo Santos, morador da localidade.<\/p>\n","protected":false},"excerpt":{"rendered":"<p>Iniciativa que tem dado resultados positivos, o Programa de Pavimenta\u00e7\u00e3o Comunit\u00e1ria visa executar obras complementares de infraestrutura em diversos pontos do munic\u00edpio. Neste domingo (18), acompanhado de secret\u00e1rios e moradores, o prefeito M\u00e1rio Alexandre conferiu os servi\u00e7os realizados na travessa que liga a Rua Bom Jesus \u00e0 Rua Pit\u00e1goras, no bairro Teot\u00f4nio Vilela. A proposta [&hellip;]<\/p>\n","protected":false},"author":2,"featured_media":0,"comment_status":"open","ping_status":"open","sticky":false,"template":"","format":"standard","meta":{"_links_to":"","_links_to_target":""},"categories":[1],"tags":[],"_links":{"self":[{"href":"https:\/\/www.ilheusnoticias.net.br\/v1\/wp-json\/wp\/v2\/posts\/32240"}],"collection":[{"href":"https:\/\/www.ilheusnoticias.net.br\/v1\/wp-json\/wp\/v2\/posts"}],"about":[{"href":"https:\/\/www.ilheusnoticias.net.br\/v1\/wp-json\/wp\/v2\/types\/post"}],"author":[{"embeddable":true,"href":"https:\/\/www.ilheusnoticias.net.br\/v1\/wp-json\/wp\/v2\/users\/2"}],"replies":[{"embeddable":true,"href":"https:\/\/www.ilheusnoticias.net.br\/v1\/wp-json\/wp\/v2\/comments?post=32240"}],"version-history":[{"count":1,"href":"https:\/\/www.ilheusnoticias.net.br\/v1\/wp-json\/wp\/v2\/posts\/32240\/revisions"}],"predecessor-version":[{"id":32241,"href":"https:\/\/www.ilheusnoticias.net.br\/v1\/wp-json\/wp\/v2\/posts\/32240\/revisions\/32241"}],"wp:attachment":[{"href":"https:\/\/www.ilheusnoticias.net.br\/v1\/wp-json\/wp\/v2\/media?parent=32240"}],"wp:term":[{"taxonomy":"category","embeddable":true,"href":"https:\/\/www.ilheusnoticias.net.br\/v1\/wp-json\/wp\/v2\/categories?post=32240"},{"taxonomy":"post_tag","embeddable":true,"href":"https:\/\/www.ilheusnoticias.net.br\/v1\/wp-json\/wp\/v2\/tags?post=32240"}],"curies":[{"name":"wp","href":"https:\/\/api.w.org\/{rel}","templated":true}]}}