{"id":3224,"date":"2016-12-29T12:51:10","date_gmt":"2016-12-29T15:51:10","guid":{"rendered":"http:\/\/www.ilheusnoticias.net.br\/v1\/?p=3224"},"modified":"2016-12-29T12:51:10","modified_gmt":"2016-12-29T15:51:10","slug":"prf-prende-foragido-da-justica-catarinense-em-ilheus","status":"publish","type":"post","link":"https:\/\/www.ilheusnoticias.net.br\/v1\/2016\/12\/29\/prf-prende-foragido-da-justica-catarinense-em-ilheus\/","title":{"rendered":"PRF prende foragido da Justi\u00e7a catarinense em Ilh\u00e9us"},"content":{"rendered":"<h2 class=\"PostHeaderIcon-wrapper\"><a class=\"gallery_colorbox cboxElement\" href=\"http:\/\/www.agravo.blog.br\/wp-content\/uploads\/2016\/12\/prfilheus.jpg\"><img loading=\"lazy\" class=\" wp-image-56554\" src=\"http:\/\/www.agravo.blog.br\/wp-content\/uploads\/2016\/12\/prfilheus.jpg\" sizes=\"(max-width: 429px) 100vw, 429px\" srcset=\"http:\/\/www.agravo.blog.br\/wp-content\/uploads\/2016\/12\/prfilheus.jpg 468w, http:\/\/www.agravo.blog.br\/wp-content\/uploads\/2016\/12\/prfilheus-300x224.jpg 300w\" alt=\"\" width=\"429\" height=\"321\" \/><\/a><\/h2>\n<div class=\"PostContent\">\n<div id=\"attachment_56554\" class=\"wp-caption aligncenter\">\n<p class=\"wp-caption-text\"><strong>Foto divulga\u00e7\u00e3o PRF\/Bahia.<\/strong><\/p>\n<\/div>\n<p>Um homem que estava foragido da Justi\u00e7a de Santa Catarina foi preso conduzindo um caminh\u00e3o, no km 20 da BR-415, trecho da cidade de Ilh\u00e9us.<\/p>\n<p>O foragido de 28 anos, que n\u00e3o teve o nome divulgado, tinha dois mandados de pris\u00e3o em aberto pelo crime de roubo: um expedido pelo Poder Judici\u00e1rio da cidade Balne\u00e1rio Pi\u00e7arras, em fevereiro de 2013, e outro pela Justi\u00e7a municipal de Mafra, em mar\u00e7o de 2014, ambos localizados no estado de Santa Catarina.<\/p>\n<\/div>\n<p>&nbsp;<\/p>\n<p><!--more--><\/p>\n<div class=\"PostContent\">\n<p>De acordo com informa\u00e7\u00f5es divulgadas na manh\u00e3 desta quarta-feira, 28, o homem foi identificado durante uma abordagem realizada pela pol\u00edcia no final da tarde desta ter\u00e7a-feira, 27, por volta das 17h40.<\/p>\n<p>O motorista foi detido e encaminhado para Delegacia de Pol\u00edcia Judici\u00e1ria local, onde ficar\u00e1 \u00e0 disposi\u00e7\u00e3o da Justi\u00e7a.<\/p>\n<p><em>*Informa\u00e7\u00f5es da PRF\/Bahia<\/em><\/p>\n<\/div>\n","protected":false},"excerpt":{"rendered":"<p>Foto divulga\u00e7\u00e3o PRF\/Bahia. Um homem que estava foragido da Justi\u00e7a de Santa Catarina foi preso conduzindo um caminh\u00e3o, no km 20 da BR-415, trecho da cidade de Ilh\u00e9us. O foragido de 28 anos, que n\u00e3o teve o nome divulgado, tinha dois mandados de pris\u00e3o em aberto pelo crime de roubo: um expedido pelo Poder Judici\u00e1rio [&hellip;]<\/p>\n","protected":false},"author":2,"featured_media":0,"comment_status":"open","ping_status":"open","sticky":false,"template":"","format":"standard","meta":{"_links_to":"","_links_to_target":""},"categories":[9],"tags":[308],"_links":{"self":[{"href":"https:\/\/www.ilheusnoticias.net.br\/v1\/wp-json\/wp\/v2\/posts\/3224"}],"collection":[{"href":"https:\/\/www.ilheusnoticias.net.br\/v1\/wp-json\/wp\/v2\/posts"}],"about":[{"href":"https:\/\/www.ilheusnoticias.net.br\/v1\/wp-json\/wp\/v2\/types\/post"}],"author":[{"embeddable":true,"href":"https:\/\/www.ilheusnoticias.net.br\/v1\/wp-json\/wp\/v2\/users\/2"}],"replies":[{"embeddable":true,"href":"https:\/\/www.ilheusnoticias.net.br\/v1\/wp-json\/wp\/v2\/comments?post=3224"}],"version-history":[{"count":1,"href":"https:\/\/www.ilheusnoticias.net.br\/v1\/wp-json\/wp\/v2\/posts\/3224\/revisions"}],"predecessor-version":[{"id":3225,"href":"https:\/\/www.ilheusnoticias.net.br\/v1\/wp-json\/wp\/v2\/posts\/3224\/revisions\/3225"}],"wp:attachment":[{"href":"https:\/\/www.ilheusnoticias.net.br\/v1\/wp-json\/wp\/v2\/media?parent=3224"}],"wp:term":[{"taxonomy":"category","embeddable":true,"href":"https:\/\/www.ilheusnoticias.net.br\/v1\/wp-json\/wp\/v2\/categories?post=3224"},{"taxonomy":"post_tag","embeddable":true,"href":"https:\/\/www.ilheusnoticias.net.br\/v1\/wp-json\/wp\/v2\/tags?post=3224"}],"curies":[{"name":"wp","href":"https:\/\/api.w.org\/{rel}","templated":true}]}}