{"id":32238,"date":"2023-06-16T13:22:38","date_gmt":"2023-06-16T16:22:38","guid":{"rendered":"https:\/\/www.ilheusnoticias.net.br\/v1\/?p=32238"},"modified":"2023-06-16T13:22:38","modified_gmt":"2023-06-16T16:22:38","slug":"termina-hoje-sexta-feira-prazo-de-inscricao-para-o-enem-2023","status":"publish","type":"post","link":"https:\/\/www.ilheusnoticias.net.br\/v1\/2023\/06\/16\/termina-hoje-sexta-feira-prazo-de-inscricao-para-o-enem-2023\/","title":{"rendered":"Termina hoje, sexta-feira, prazo de inscri\u00e7\u00e3o para o Enem 2023"},"content":{"rendered":"<div class=\"col-lg-12 mb-3\">\n<div class=\"post-image\"><a href=\"https:\/\/agenciabrasil.ebc.com.br\/educacao\/noticia\/2023-06\/termina-nesta-sexta-feira-prazo-de-inscricao-para-o-enem-2023#\"><img id=\"media-306661\" class=\"rounded-lg shadow-sm w-100\" title=\"Valter Campanato\/Ag\u00eancia Brasil\" src=\"https:\/\/imagens.ebc.com.br\/rDuuwEBL8UP8U6EPQL8xfYV5RNQ=\/1170x700\/smart\/https:\/\/agenciabrasil.ebc.com.br\/sites\/default\/files\/thumbnails\/image\/antcrz_abr_geraldo_alckmin_gabinete_de_transicao._2011221446_0.jpg?itok=yL7k1yQQ\" alt=\"Abertura dos port\u00f5es, segunda etapa do Exame Nacional do Ensino M\u00e9dio (Enem) 2022.\" \/>\u00a9 Valter Campanato\/Ag\u00eancia Brasil<\/a><\/div>\n<\/div>\n<div class=\"col-lg-12 mb-3\">\n<div class=\"row\">\n<div class=\"col-10 offset-1 animated fadeInDown dealy-1100 alt-font text-center\"><a href=\"https:\/\/agenciabrasil.ebc.com.br\/educacao\"><span class=\"badge badge-pill badge-primary\">Educa\u00e7\u00e3o<\/span><\/a><\/div>\n<h3 class=\"col-10 offset-1 animated fadeInDown dealy-900 display-8 display-md-8 alt-font font-italic my-1 text-center\">Provas ser\u00e3o aplicadas em 5 e 12 de novembro; taxa custa R$ 85<\/h3>\n<\/div>\n<\/div>\n<div class=\"col-xl-7 offset-xl-1 col-lg-8 offset-lg-0 col-md-10 offset-md-1 mb-3\">\n<div class=\"post-item alt-font\">\n<div class=\"post-item-wrap\">\n<p>Termina nesta sexta-feira (16), \u00e0s 23h59, o prazo de inscri\u00e7\u00e3o para o Exame Nacional do Ensino M\u00e9dio (Enem) 2023. O certame ser\u00e1 aplicado nos dias 5 e 12 de novembro. Interessados em participar podem fazer o cadastro na\u00a0<a href=\"https:\/\/enem.inep.gov.br\/participante\/#!\/\" target=\"_blank\" rel=\"noopener\">P\u00e1gina do Participante<\/a>. A taxa de inscri\u00e7\u00e3o \u00e9 R$ 85 e deve ser paga at\u00e9 21 de junho. \u00a0<img src=\"https:\/\/agenciabrasil.ebc.com.br\/ebc.png?id=1538575&amp;o=node\" \/><img src=\"https:\/\/agenciabrasil.ebc.com.br\/ebc.gif?id=1538575&amp;o=node\" \/><\/p>\n<p>O\u00a0<a href=\"https:\/\/www.in.gov.br\/en\/web\/dou\/-\/edital-n-30-de-5-de-maio-de-2023-481632388\" target=\"_blank\" rel=\"noopener\">edital com o cronograma<\/a>\u00a0e as regras para o Enem 2023 foi publicado no in\u00edcio do m\u00eas. Al\u00e9m de apresentar as datas e os hor\u00e1rios do exame, o texto detalha os documentos necess\u00e1rios e as obriga\u00e7\u00f5es do participante, incluindo situa\u00e7\u00f5es em que o candidato pode ser eliminado.<\/p>\n<p>A publica\u00e7\u00e3o do Instituto Nacional de Estudos e Pesquisas An\u00edsio Teixeira (Inep) traz tamb\u00e9m crit\u00e9rios para corre\u00e7\u00e3o das provas e procedimentos para pessoas que precisam de cuidados especiais durante o concurso.<\/p>\n<p>Os gabaritos das provas objetivas ser\u00e3o publicados no dia 24 de novembro no\u00a0<a href=\"https:\/\/www.gov.br\/inep\/pt-br\" target=\"_blank\" rel=\"noopener\">portal do Inep<\/a>. J\u00e1 os resultados individuais ser\u00e3o divulgados no dia 16 de janeiro de 2024 no mesmo site.<\/p>\n<\/div>\n<\/div>\n<\/div>\n","protected":false},"excerpt":{"rendered":"<p>\u00a9 Valter Campanato\/Ag\u00eancia Brasil Educa\u00e7\u00e3o Provas ser\u00e3o aplicadas em 5 e 12 de novembro; taxa custa R$ 85 Termina nesta sexta-feira (16), \u00e0s 23h59, o prazo de inscri\u00e7\u00e3o para o Exame Nacional do Ensino M\u00e9dio (Enem) 2023. O certame ser\u00e1 aplicado nos dias 5 e 12 de novembro. Interessados em participar podem fazer o cadastro [&hellip;]<\/p>\n","protected":false},"author":2,"featured_media":0,"comment_status":"open","ping_status":"open","sticky":false,"template":"","format":"standard","meta":{"_links_to":"","_links_to_target":""},"categories":[1],"tags":[],"_links":{"self":[{"href":"https:\/\/www.ilheusnoticias.net.br\/v1\/wp-json\/wp\/v2\/posts\/32238"}],"collection":[{"href":"https:\/\/www.ilheusnoticias.net.br\/v1\/wp-json\/wp\/v2\/posts"}],"about":[{"href":"https:\/\/www.ilheusnoticias.net.br\/v1\/wp-json\/wp\/v2\/types\/post"}],"author":[{"embeddable":true,"href":"https:\/\/www.ilheusnoticias.net.br\/v1\/wp-json\/wp\/v2\/users\/2"}],"replies":[{"embeddable":true,"href":"https:\/\/www.ilheusnoticias.net.br\/v1\/wp-json\/wp\/v2\/comments?post=32238"}],"version-history":[{"count":1,"href":"https:\/\/www.ilheusnoticias.net.br\/v1\/wp-json\/wp\/v2\/posts\/32238\/revisions"}],"predecessor-version":[{"id":32239,"href":"https:\/\/www.ilheusnoticias.net.br\/v1\/wp-json\/wp\/v2\/posts\/32238\/revisions\/32239"}],"wp:attachment":[{"href":"https:\/\/www.ilheusnoticias.net.br\/v1\/wp-json\/wp\/v2\/media?parent=32238"}],"wp:term":[{"taxonomy":"category","embeddable":true,"href":"https:\/\/www.ilheusnoticias.net.br\/v1\/wp-json\/wp\/v2\/categories?post=32238"},{"taxonomy":"post_tag","embeddable":true,"href":"https:\/\/www.ilheusnoticias.net.br\/v1\/wp-json\/wp\/v2\/tags?post=32238"}],"curies":[{"name":"wp","href":"https:\/\/api.w.org\/{rel}","templated":true}]}}