{"id":32234,"date":"2023-06-16T13:18:19","date_gmt":"2023-06-16T16:18:19","guid":{"rendered":"https:\/\/www.ilheusnoticias.net.br\/v1\/?p=32234"},"modified":"2023-06-16T13:18:19","modified_gmt":"2023-06-16T16:18:19","slug":"jeronimo-dialoga-com-povos-indigenas-durante-a-5a-edicao-do-acampamento-terra-livre-bahia","status":"publish","type":"post","link":"https:\/\/www.ilheusnoticias.net.br\/v1\/2023\/06\/16\/jeronimo-dialoga-com-povos-indigenas-durante-a-5a-edicao-do-acampamento-terra-livre-bahia\/","title":{"rendered":"Jer\u00f4nimo dialoga com povos ind\u00edgenas durante a 5\u00aa edi\u00e7\u00e3o do Acampamento Terra Livre Bahia"},"content":{"rendered":"<div class=\"Post\">\n<div class=\"Post-body\">\n<div class=\"Post-inner article\">\n<div class=\"PostFooterIcons metadata-icons\">\n<div align=\"center\"><\/div>\n<\/div>\n<\/div>\n<\/div>\n<\/div>\n<div class=\"Post\">\n<div class=\"Post-body\">\n<div class=\"Post-inner article\">\n<div class=\"PostHeaderIcons metadata-icons\"><\/div>\n<div class=\"PostContent\">\n<p><img loading=\"lazy\" class=\"aligncenter  wp-image-151529\" src=\"https:\/\/www.blogdothame.blog.br\/v1\/wp-content\/uploads\/2023\/06\/Jeronimo-2.jpeg\" sizes=\"(max-width: 434px) 100vw, 434px\" srcset=\"https:\/\/www.blogdothame.blog.br\/v1\/wp-content\/uploads\/2023\/06\/Jeronimo-2.jpeg 600w, https:\/\/www.blogdothame.blog.br\/v1\/wp-content\/uploads\/2023\/06\/Jeronimo-2-300x200.jpeg 300w\" alt=\"\" width=\"434\" height=\"289\" \/><\/p>\n<p>O governador Jer\u00f4nimo Rodrigues participa da 5\u00aa edi\u00e7\u00e3o do Acampamento Terra Livre Bahia, nesta sexta-feira (16), \u00e0s 17h, na \u00e1rea externa da Assembleia Legislativa da Bahia (Alba). Iniciada no dia 12 de junho, a iniciativa \u00e9 uma oportunidade para os povos origin\u00e1rios dialogarem com o governador sobre os desafios, conquistas j\u00e1 alcan\u00e7adas nesse in\u00edcio de gest\u00e3o e sobre as perspectivas de debates e avan\u00e7os at\u00e9 2026.<\/p>\n<p>Para esta edi\u00e7\u00e3o, \u00e9 esperado um p\u00fablico de cerca de 1.200 participantes ind\u00edgenas, n\u00famero que, somado ao p\u00fablico externo e apoiadores da causa, traz a perspectiva de uma presen\u00e7a de at\u00e9 duas mil pessoas a cada dia de mobiliza\u00e7\u00e3o.<\/p>\n<\/div>\n<\/div>\n<\/div>\n<\/div>\n","protected":false},"excerpt":{"rendered":"<p>O governador Jer\u00f4nimo Rodrigues participa da 5\u00aa edi\u00e7\u00e3o do Acampamento Terra Livre Bahia, nesta sexta-feira (16), \u00e0s 17h, na \u00e1rea externa da Assembleia Legislativa da Bahia (Alba). Iniciada no dia 12 de junho, a iniciativa \u00e9 uma oportunidade para os povos origin\u00e1rios dialogarem com o governador sobre os desafios, conquistas j\u00e1 alcan\u00e7adas nesse in\u00edcio de [&hellip;]<\/p>\n","protected":false},"author":2,"featured_media":0,"comment_status":"open","ping_status":"open","sticky":false,"template":"","format":"standard","meta":{"_links_to":"","_links_to_target":""},"categories":[1],"tags":[],"_links":{"self":[{"href":"https:\/\/www.ilheusnoticias.net.br\/v1\/wp-json\/wp\/v2\/posts\/32234"}],"collection":[{"href":"https:\/\/www.ilheusnoticias.net.br\/v1\/wp-json\/wp\/v2\/posts"}],"about":[{"href":"https:\/\/www.ilheusnoticias.net.br\/v1\/wp-json\/wp\/v2\/types\/post"}],"author":[{"embeddable":true,"href":"https:\/\/www.ilheusnoticias.net.br\/v1\/wp-json\/wp\/v2\/users\/2"}],"replies":[{"embeddable":true,"href":"https:\/\/www.ilheusnoticias.net.br\/v1\/wp-json\/wp\/v2\/comments?post=32234"}],"version-history":[{"count":1,"href":"https:\/\/www.ilheusnoticias.net.br\/v1\/wp-json\/wp\/v2\/posts\/32234\/revisions"}],"predecessor-version":[{"id":32235,"href":"https:\/\/www.ilheusnoticias.net.br\/v1\/wp-json\/wp\/v2\/posts\/32234\/revisions\/32235"}],"wp:attachment":[{"href":"https:\/\/www.ilheusnoticias.net.br\/v1\/wp-json\/wp\/v2\/media?parent=32234"}],"wp:term":[{"taxonomy":"category","embeddable":true,"href":"https:\/\/www.ilheusnoticias.net.br\/v1\/wp-json\/wp\/v2\/categories?post=32234"},{"taxonomy":"post_tag","embeddable":true,"href":"https:\/\/www.ilheusnoticias.net.br\/v1\/wp-json\/wp\/v2\/tags?post=32234"}],"curies":[{"name":"wp","href":"https:\/\/api.w.org\/{rel}","templated":true}]}}