{"id":32230,"date":"2023-06-16T13:15:52","date_gmt":"2023-06-16T16:15:52","guid":{"rendered":"https:\/\/www.ilheusnoticias.net.br\/v1\/?p=32230"},"modified":"2023-06-16T13:15:52","modified_gmt":"2023-06-16T16:15:52","slug":"secretarios-de-comunicacao-criam-conselho-para-fortalecimento-da-comunicacao-publica-e-elegem-andre-curvello-presidente","status":"publish","type":"post","link":"https:\/\/www.ilheusnoticias.net.br\/v1\/2023\/06\/16\/secretarios-de-comunicacao-criam-conselho-para-fortalecimento-da-comunicacao-publica-e-elegem-andre-curvello-presidente\/","title":{"rendered":"Secret\u00e1rios de Comunica\u00e7\u00e3o criam conselho para fortalecimento da comunica\u00e7\u00e3o p\u00fablica e elegem Andr\u00e9 Curvello presidente"},"content":{"rendered":"<div class=\"PostHeaderIcons metadata-icons\"><\/div>\n<div class=\"PostContent\">\n<p><img loading=\"lazy\" class=\"aligncenter  wp-image-151566\" src=\"https:\/\/www.blogdothame.blog.br\/v1\/wp-content\/uploads\/2023\/06\/Forum-secretarios-de-comunicacao-Foto-Joa-Souza-1.jpeg\" sizes=\"(max-width: 467px) 100vw, 467px\" srcset=\"https:\/\/www.blogdothame.blog.br\/v1\/wp-content\/uploads\/2023\/06\/Forum-secretarios-de-comunicacao-Foto-Joa-Souza-1.jpeg 600w, https:\/\/www.blogdothame.blog.br\/v1\/wp-content\/uploads\/2023\/06\/Forum-secretarios-de-comunicacao-Foto-Joa-Souza-1-300x200.jpeg 300w\" alt=\"\" width=\"467\" height=\"311\" \/><\/p>\n<p>&nbsp;<\/p>\n<p>Debates sobre a comunica\u00e7\u00e3o p\u00fablica nas diferentes regi\u00f5es do pa\u00eds, o combate \u00e0 desinforma\u00e7\u00e3o e \u00e0s fake news e a import\u00e2ncia do di\u00e1logo com os \u00f3rg\u00e3os de controle, para aprimoramento da gest\u00e3o p\u00fablica. Esses foram temas que orientaram o 1\u00ba F\u00f3rum Nacional dos Secret\u00e1rios Estaduais de Comunica\u00e7\u00e3o Social, realizado nesta quinta-feira (15), no Fera Palace Hotel, Centro Hist\u00f3rico de Salvador. No evento, que reuniu gestores e representantes de 22 estados brasileiros, foi criado o Conselho Nacional de Secretarias de Comunica\u00e7\u00e3o.<\/p>\n<p><strong>\u00a0\u00a0<\/strong><\/p>\n<p><img loading=\"lazy\" class=\"alignleft size-medium wp-image-151552\" src=\"https:\/\/www.blogdothame.blog.br\/v1\/wp-content\/uploads\/2023\/06\/JER-FOR-SECS-2-300x206.jpeg\" sizes=\"(max-width: 300px) 100vw, 300px\" srcset=\"https:\/\/www.blogdothame.blog.br\/v1\/wp-content\/uploads\/2023\/06\/JER-FOR-SECS-2-300x206.jpeg 300w, https:\/\/www.blogdothame.blog.br\/v1\/wp-content\/uploads\/2023\/06\/JER-FOR-SECS-2.jpeg 600w\" alt=\"\" width=\"300\" height=\"206\" \/>O secret\u00e1rio de comunica\u00e7\u00e3o da Bahia, Andr\u00e9 Curvello, foi eleito presidente; a secret\u00e1ria do Esp\u00edrito Santo, Fl\u00e1via Mignoni, atuar\u00e1 como vice-presidente, e a secret\u00e1ria do Amap\u00e1, Ilziane Laun\u00e9, vai secretariar. Andr\u00e9 afirmou que dar\u00e1 o ponta p\u00e9 inicial na atua\u00e7\u00e3o do Conselho. \u201cA pedido dos colegas secret\u00e1rios, vou dar uma colabora\u00e7\u00e3o, no sentido de fortalecer o Conselho, que \u00e9 totalmente democr\u00e1tico. O prop\u00f3sito \u00e9 fortalecer a comunica\u00e7\u00e3o p\u00fablica no Brasil\u201d, afirmou Curvello.<\/p>\n<p><strong>\u00a0<\/strong><\/p>\n<p>Para o secret\u00e1rio de comunica\u00e7\u00e3o de Sergipe, o Conselho ser\u00e1 uma forma de atuar com base em normativas, al\u00e9m de ter refer\u00eancia do trabalho realizado em outros estados. \u201cA expectativa \u00e9 de que traga uma normativa, busque uma forma de encontrar resolutividade de forma conjunta, defina um eixo para que, em uma s\u00f3 voz, possamos deliberar sobre quest\u00f5es relativas \u00e0 comunica\u00e7\u00e3o frente \u00e0 sociedade\u2019\u2019.<\/p>\n<\/div>\n","protected":false},"excerpt":{"rendered":"<p>&nbsp; Debates sobre a comunica\u00e7\u00e3o p\u00fablica nas diferentes regi\u00f5es do pa\u00eds, o combate \u00e0 desinforma\u00e7\u00e3o e \u00e0s fake news e a import\u00e2ncia do di\u00e1logo com os \u00f3rg\u00e3os de controle, para aprimoramento da gest\u00e3o p\u00fablica. Esses foram temas que orientaram o 1\u00ba F\u00f3rum Nacional dos Secret\u00e1rios Estaduais de Comunica\u00e7\u00e3o Social, realizado nesta quinta-feira (15), no Fera [&hellip;]<\/p>\n","protected":false},"author":2,"featured_media":0,"comment_status":"open","ping_status":"open","sticky":false,"template":"","format":"standard","meta":{"_links_to":"","_links_to_target":""},"categories":[1],"tags":[],"_links":{"self":[{"href":"https:\/\/www.ilheusnoticias.net.br\/v1\/wp-json\/wp\/v2\/posts\/32230"}],"collection":[{"href":"https:\/\/www.ilheusnoticias.net.br\/v1\/wp-json\/wp\/v2\/posts"}],"about":[{"href":"https:\/\/www.ilheusnoticias.net.br\/v1\/wp-json\/wp\/v2\/types\/post"}],"author":[{"embeddable":true,"href":"https:\/\/www.ilheusnoticias.net.br\/v1\/wp-json\/wp\/v2\/users\/2"}],"replies":[{"embeddable":true,"href":"https:\/\/www.ilheusnoticias.net.br\/v1\/wp-json\/wp\/v2\/comments?post=32230"}],"version-history":[{"count":1,"href":"https:\/\/www.ilheusnoticias.net.br\/v1\/wp-json\/wp\/v2\/posts\/32230\/revisions"}],"predecessor-version":[{"id":32231,"href":"https:\/\/www.ilheusnoticias.net.br\/v1\/wp-json\/wp\/v2\/posts\/32230\/revisions\/32231"}],"wp:attachment":[{"href":"https:\/\/www.ilheusnoticias.net.br\/v1\/wp-json\/wp\/v2\/media?parent=32230"}],"wp:term":[{"taxonomy":"category","embeddable":true,"href":"https:\/\/www.ilheusnoticias.net.br\/v1\/wp-json\/wp\/v2\/categories?post=32230"},{"taxonomy":"post_tag","embeddable":true,"href":"https:\/\/www.ilheusnoticias.net.br\/v1\/wp-json\/wp\/v2\/tags?post=32230"}],"curies":[{"name":"wp","href":"https:\/\/api.w.org\/{rel}","templated":true}]}}