{"id":32226,"date":"2023-06-16T13:12:17","date_gmt":"2023-06-16T16:12:17","guid":{"rendered":"https:\/\/www.ilheusnoticias.net.br\/v1\/?p=32226"},"modified":"2023-06-16T13:12:17","modified_gmt":"2023-06-16T16:12:17","slug":"caravana-unimed-leva-oficina-de-judo-para-700-criancas-e-adolescentes-da-rede-publica-de-ilheus","status":"publish","type":"post","link":"https:\/\/www.ilheusnoticias.net.br\/v1\/2023\/06\/16\/caravana-unimed-leva-oficina-de-judo-para-700-criancas-e-adolescentes-da-rede-publica-de-ilheus\/","title":{"rendered":"Caravana Unimed leva oficina de jud\u00f4 para 700 crian\u00e7as e adolescentes da rede p\u00fablica de Ilh\u00e9us"},"content":{"rendered":"<div class=\"imagem thumbnail col-xs-12 col-sm-8 col-md-6 col-lg-6 imagem-materia\"><a class=\"fresco\" title=\"\" href=\"https:\/\/portalfacilarquivos.blob.core.windows.net\/uploads\/ILHEUS\/imgOrig\/%7BB3EABEE0-C426-CB1A-013B-ACABB032ADBB%7D.jpg\" data-fresco-caption=\"\"><img loading=\"lazy\" title=\"\" src=\"https:\/\/portalfacilarquivos.blob.core.windows.net\/uploads\/ILHEUS\/img\/%7BB3EABEE0-C426-CB1A-013B-ACABB032ADBB%7D\/%7BB3EABEE0-C426-CB1A-013B-ACABB032ADBB%7D_650X450.jpg\" alt=\"Caravana do Jud\u00f4 Unimed\" width=\"650\" height=\"450\" \/><\/a><\/div>\n<p>Por meio de oficinas gratuitas, a Caravana do Jud\u00f4 Unimed oportunizou ao p\u00fablico infantojuvenil aulas de artes marciais, a fim de ampliar a percep\u00e7\u00e3o sensorial e melhorar o repert\u00f3rio motor dos participantes. O projeto conta com apoio da Prefeitura de Ilh\u00e9us, atrav\u00e9s da Secretaria de Educa\u00e7\u00e3o (Seduc), e antecede a etapa Ilh\u00e9us do Campeonato Baiano de Jud\u00f4.<\/p>\n<p>O prefeito M\u00e1rio Alexandre conferiu o \u00faltimo dia das atividades e ratificou o compromisso da gest\u00e3o municipal para promover o esporte nas mais diversas modalidades.\u00a0A iniciativa foi realizada dos dias 13 a 15 de junho, no Gin\u00e1sio de Esportes Herval Soledade, e envolveu 708\u00a0crian\u00e7as e adolescentes matriculados na rede municipal de ensino.<\/p>\n<div class=\"imagem thumbnail col-xs-12 col-sm-8 col-md-6 col-lg-6 imagem-materia\"><a class=\"fresco\" title=\"\" href=\"https:\/\/portalfacilarquivos.blob.core.windows.net\/uploads\/ILHEUS\/imgOrig\/%7BAED8CAB2-5AE0-A8AD-533D-AA7A7C11A88A%7D.jpg\" data-fresco-caption=\"\"><img loading=\"lazy\" title=\"\" src=\"https:\/\/portalfacilarquivos.blob.core.windows.net\/uploads\/ILHEUS\/img\/%7BAED8CAB2-5AE0-A8AD-533D-AA7A7C11A88A%7D\/%7BAED8CAB2-5AE0-A8AD-533D-AA7A7C11A88A%7D_650X450.jpg\" alt=\"Caravana do Jud\u00f4 Unimed\" width=\"650\" height=\"450\" \/><\/a><\/div>\n<p>\u201cO jud\u00f4 \u00e9 um esporte muito importante na minha vida. Eu j\u00e1 pratico e aprendo bastante com os professores&#8221;, disse Iasmyn Gabrielle Melo, faixa azul e estudante do 8\u00ba ano do Instituto Municipal de Ensino (IME) Eus\u00ednio Lavigne.\u00a0A atividade objetiva fomentar a pr\u00e1tica da modalidade, al\u00e9m de incentivar a implanta\u00e7\u00e3o de novos n\u00facleos de inicia\u00e7\u00e3o esportiva a partir da doa\u00e7\u00e3o de tatames e quimonos.<\/p>\n<p>O Instituto Unimed \u00e9 patrocinador\u00a0oficial da Federa\u00e7\u00e3o Baiana de Jud\u00f4 (Febaju), que desenvolve a modalidade para crian\u00e7as, jovens e adultos. O apoio \u00e9 realizado por meio da Lei de Incentivo ao Esporte (n.\u00ba 11.438\/06), vinculada ao Minist\u00e9rio da Cidadania.<\/p>\n<div class=\"imagem thumbnail col-xs-12 col-sm-8 col-md-6 col-lg-6 imagem-materia\"><a class=\"fresco\" title=\"\" href=\"https:\/\/portalfacilarquivos.blob.core.windows.net\/uploads\/ILHEUS\/imgOrig\/%7B8AB66D11-ED7E-AE3A-CD2E-105A42E12C75%7D.jpg\" data-fresco-caption=\"\"><img loading=\"lazy\" title=\"\" src=\"https:\/\/portalfacilarquivos.blob.core.windows.net\/uploads\/ILHEUS\/img\/%7B8AB66D11-ED7E-AE3A-CD2E-105A42E12C75%7D\/%7B8AB66D11-ED7E-AE3A-CD2E-105A42E12C75%7D_650X450.jpg\" alt=\"Caravana do Jud\u00f4 Unimed\" width=\"650\" height=\"450\" \/><\/a><\/p>\n<p class=\"bg-primary\">\u201cA caravana representa um momento importante para que os alunos possam vivenciar a pr\u00e1tica, proporcionando ganhos f\u00edsicos e mentais para os praticantes\u201d, explicou o professor \u00cdndio. O sensei falou ainda sobre o Festival Kids que acontece no pr\u00f3ximo s\u00e1bado (17), com a participa\u00e7\u00e3o de crian\u00e7as de at\u00e9 10 anos.<\/p>\n<\/div>\n<p><strong>Etapa Ilh\u00e9us de Jud\u00f4 &#8211;<\/strong>\u00a0O evento\u00a0promovido pela Febaju come\u00e7a nesta sexta-feira (16),\u00a0no Gin\u00e1sio de Esportes Herval Soledade, e contar\u00e1 com atletas das classes Sub-13, Sub-15, Sub-18, Sub-21, S\u00eanior, Iniciantes e Veteranos.<\/p>\n<p>Conforme a entidade, a atividade comp\u00f5e o calend\u00e1rio oficial de competi\u00e7\u00f5es estaduais e faz parte do Tour do Jud\u00f4. O objetivo \u00e9 fomentar a pr\u00e1tica da modalidade nos quatro cantos da Bahia, com previs\u00e3o de participa\u00e7\u00e3o de 500 atletas. Al\u00e9m da Prefeitura de Ilh\u00e9us, o Circuito Baiano de Jud\u00f4 conta com apoio do Governo do Estado, por meio da Superintend\u00eancia dos Desportos da Bahia (Sudesb).<\/p>\n<p><strong>Programa\u00e7\u00e3o<\/strong><\/p>\n<p>Gin\u00e1sio de Esportes Herval Soledade<\/p>\n<p>&#8211; Workshop T\u00e9cnico &#8211; 16 de junho, das 18h \u00e0s 20h;<\/p>\n<p>&#8211; Circuito Baiano de Jud\u00f4 &#8211; 17 de junho, das 18h \u00e0s 22h<\/p>\n","protected":false},"excerpt":{"rendered":"<p>Por meio de oficinas gratuitas, a Caravana do Jud\u00f4 Unimed oportunizou ao p\u00fablico infantojuvenil aulas de artes marciais, a fim de ampliar a percep\u00e7\u00e3o sensorial e melhorar o repert\u00f3rio motor dos participantes. O projeto conta com apoio da Prefeitura de Ilh\u00e9us, atrav\u00e9s da Secretaria de Educa\u00e7\u00e3o (Seduc), e antecede a etapa Ilh\u00e9us do Campeonato Baiano [&hellip;]<\/p>\n","protected":false},"author":2,"featured_media":0,"comment_status":"open","ping_status":"open","sticky":false,"template":"","format":"standard","meta":{"_links_to":"","_links_to_target":""},"categories":[1],"tags":[],"_links":{"self":[{"href":"https:\/\/www.ilheusnoticias.net.br\/v1\/wp-json\/wp\/v2\/posts\/32226"}],"collection":[{"href":"https:\/\/www.ilheusnoticias.net.br\/v1\/wp-json\/wp\/v2\/posts"}],"about":[{"href":"https:\/\/www.ilheusnoticias.net.br\/v1\/wp-json\/wp\/v2\/types\/post"}],"author":[{"embeddable":true,"href":"https:\/\/www.ilheusnoticias.net.br\/v1\/wp-json\/wp\/v2\/users\/2"}],"replies":[{"embeddable":true,"href":"https:\/\/www.ilheusnoticias.net.br\/v1\/wp-json\/wp\/v2\/comments?post=32226"}],"version-history":[{"count":1,"href":"https:\/\/www.ilheusnoticias.net.br\/v1\/wp-json\/wp\/v2\/posts\/32226\/revisions"}],"predecessor-version":[{"id":32227,"href":"https:\/\/www.ilheusnoticias.net.br\/v1\/wp-json\/wp\/v2\/posts\/32226\/revisions\/32227"}],"wp:attachment":[{"href":"https:\/\/www.ilheusnoticias.net.br\/v1\/wp-json\/wp\/v2\/media?parent=32226"}],"wp:term":[{"taxonomy":"category","embeddable":true,"href":"https:\/\/www.ilheusnoticias.net.br\/v1\/wp-json\/wp\/v2\/categories?post=32226"},{"taxonomy":"post_tag","embeddable":true,"href":"https:\/\/www.ilheusnoticias.net.br\/v1\/wp-json\/wp\/v2\/tags?post=32226"}],"curies":[{"name":"wp","href":"https:\/\/api.w.org\/{rel}","templated":true}]}}