{"id":32219,"date":"2023-06-15T07:18:14","date_gmt":"2023-06-15T10:18:14","guid":{"rendered":"https:\/\/www.ilheusnoticias.net.br\/v1\/?p=32219"},"modified":"2023-06-15T07:18:14","modified_gmt":"2023-06-15T10:18:14","slug":"apos-tornar-ilheus-referencia-na-rede-hospitalar-prefeito-marao-avanca-na-atencao-basica","status":"publish","type":"post","link":"https:\/\/www.ilheusnoticias.net.br\/v1\/2023\/06\/15\/apos-tornar-ilheus-referencia-na-rede-hospitalar-prefeito-marao-avanca-na-atencao-basica\/","title":{"rendered":"AP\u00d3S TORNAR ILH\u00c9US REFER\u00caNCIA NA REDE HOSPITALAR PREFEITO MAR\u00c3O AVAN\u00c7A NA ATEN\u00c7\u00c3O B\u00c1SICA"},"content":{"rendered":"<p><img loading=\"lazy\" class=\"alignnone size-full wp-image-32220\" src=\"https:\/\/www.ilheusnoticias.net.br\/v1\/wp-content\/uploads\/2023\/06\/WhatsApp-Image-2023-06-14-at-21.58.25.jpeg\" alt=\"\" width=\"600\" height=\"399\" srcset=\"https:\/\/www.ilheusnoticias.net.br\/v1\/wp-content\/uploads\/2023\/06\/WhatsApp-Image-2023-06-14-at-21.58.25.jpeg 600w, https:\/\/www.ilheusnoticias.net.br\/v1\/wp-content\/uploads\/2023\/06\/WhatsApp-Image-2023-06-14-at-21.58.25-300x200.jpeg 300w\" sizes=\"(max-width: 600px) 100vw, 600px\" \/><\/p>\n<p>Foi not\u00f3rio o avan\u00e7o que o prefeito Mar\u00e3o fez na rede de urg\u00eancia de Ilh\u00e9us, articulando junto ao governo do Estado a chegada dos hospitais Costa do Cacau e Materno Infantil, al\u00e9m da UPA da Avenida Esperan\u00e7a que recentemente completou um ano de funcionamento com cerca de 100 mil pessoas atendidas.<\/p>\n<p>Com esses instrumentos, Ilh\u00e9us se tornou refer\u00eancia hospitalar para toda uma regi\u00e3o, adquirindo servi\u00e7os que s\u00f3 t\u00ednhamos em grandes centros, como cirurgias card\u00edacas, cateterismos, cirurgias vasculares, cirurgias ortop\u00e9dicas especializada, parto de alto risco, UTI pedi\u00e1trica e Uti Neonatal.<\/p>\n<p><img loading=\"lazy\" class=\"alignnone size-full wp-image-32221\" src=\"https:\/\/www.ilheusnoticias.net.br\/v1\/wp-content\/uploads\/2023\/06\/WhatsApp-Image-2023-06-14-at-21.58.26.jpeg\" alt=\"\" width=\"600\" height=\"379\" srcset=\"https:\/\/www.ilheusnoticias.net.br\/v1\/wp-content\/uploads\/2023\/06\/WhatsApp-Image-2023-06-14-at-21.58.26.jpeg 600w, https:\/\/www.ilheusnoticias.net.br\/v1\/wp-content\/uploads\/2023\/06\/WhatsApp-Image-2023-06-14-at-21.58.26-300x190.jpeg 300w\" sizes=\"(max-width: 600px) 100vw, 600px\" \/><\/p>\n<p>Diante desse cen\u00e1rio, o prefeito vem dando seguimento na amplia\u00e7\u00e3o e reestrutura\u00e7\u00e3o da aten\u00e7\u00e3o b\u00e1sica. No seu governo j\u00e1 foram constru\u00eddas diversas unidades de sa\u00fade, a exemplo da UBS Oliven\u00e7a, UBS Avenida Esperan\u00e7a, UBS Princesa Izabel, ESF Iguape e ESF Nelson Costa. Al\u00e9m da reforma das unidades do Vilela (Estrat\u00e9gias Sa\u00fade da Fam\u00edlia I, II, III e IV), Barra, Nossa Senhora da Vit\u00f3ria, UBS Iguape, Ribeira das Pedras, Castelo Novo e Nelson Costa.<\/p>\n<p>Segundo o secret\u00e1rio municipal de sa\u00fade, Andr\u00e9 Cez\u00e1rio, a orienta\u00e7\u00e3o do prefeito \u00e9 para requalificar todas as unidades do munic\u00edpio, al\u00e9m de ampliar servi\u00e7os. Sabemos que ainda temos fragilidades, por\u00e9m \u00e9 n\u00edtida a evolu\u00e7\u00e3o progressiva dos servi\u00e7os, colocando m\u00e9dicos em todas as unidades cadastradas, aumentando o n\u00famero de exames e refor\u00e7ando a distribui\u00e7\u00e3o de medicamentos, refor\u00e7ou o secret\u00e1rio.<\/p>\n<p>No bairro da Conquista, a popula\u00e7\u00e3o tinha que buscar dentista na Princesa Izabel, al\u00e9m de outros servi\u00e7os, e hoje, a comunidade j\u00e1 conta com um posto totalmente reestruturado com duas equipes.<\/p>\n<p>Do mesmo modo, foi a UBS do Iguape que recebeu uma sala de vacina, farm\u00e1cia e dentista, servi\u00e7os que n\u00e3o eram ofertados, atendendo assim, al\u00e9m da popula\u00e7\u00e3o do bairro do Iguape, como tamb\u00e9m, toda zona rural ao redor daquela unidade.<\/p>\n<p>Na semana passada, a Sa\u00fade de Ilh\u00e9us obteve mais uma vit\u00f3ria. O Minist\u00e9rio da Sa\u00fade homologou ONZE equipes de sa\u00fade da municipalidade (Veja aqui). Essas equipes tinham sido cadastradas h\u00e1 mais de tr\u00eas anos, por\u00e9m, o minist\u00e9rio da sa\u00fade daquela \u00e9poca n\u00e3o priorizou o avan\u00e7o da aten\u00e7\u00e3o b\u00e1sica dos munic\u00edpios, e inclusive, reduziu recursos em todo o Brasil, mas o prefeito Mar\u00e3o n\u00e3o deixou os servi\u00e7os pararem e manteve com financiamento pr\u00f3prio essas unidades.<\/p>\n<p>Agora com essas novas equipes, os atendimentos passam a ser contabilizados e melhoram os \u00edndices de sa\u00fade do munic\u00edpio nos pr\u00f3ximos quadrimestres.<\/p>\n<p><img loading=\"lazy\" class=\"alignnone size-full wp-image-32222\" src=\"https:\/\/www.ilheusnoticias.net.br\/v1\/wp-content\/uploads\/2023\/06\/WhatsApp-Image-2023-06-14-at-21.58.26-1.jpeg\" alt=\"\" width=\"600\" height=\"391\" srcset=\"https:\/\/www.ilheusnoticias.net.br\/v1\/wp-content\/uploads\/2023\/06\/WhatsApp-Image-2023-06-14-at-21.58.26-1.jpeg 600w, https:\/\/www.ilheusnoticias.net.br\/v1\/wp-content\/uploads\/2023\/06\/WhatsApp-Image-2023-06-14-at-21.58.26-1-300x196.jpeg 300w\" sizes=\"(max-width: 600px) 100vw, 600px\" \/><\/p>\n<p>Ilh\u00e9us tamb\u00e9m est\u00e1 prestes a receber a Unidade B\u00e1sica de Sa\u00fade que fica na entrada do Hospital Costa do Cacau, que atender\u00e1 a demanda de toda aquela regi\u00e3o. E j\u00e1 est\u00e1 em fase de licita\u00e7\u00e3o as novas unidades do CSU, Vilela e Nossa Senhora da Vit\u00f3ria. Al\u00e9m da aprova\u00e7\u00e3o da Constru\u00e7\u00e3o de DUAS unidades no bairro do Salobrinho.<\/p>\n<p>Assim, a entrega do estabelecimento de sa\u00fade \u00e0 comunidade fortalece o compromisso da atual gest\u00e3o em priorizar o fortalecimento da Aten\u00e7\u00e3o B\u00e1sica no munic\u00edpio, por meio de reformas e realiza\u00e7\u00f5es que asseguram o atendimento de qualidade<\/p>\n","protected":false},"excerpt":{"rendered":"<p>Foi not\u00f3rio o avan\u00e7o que o prefeito Mar\u00e3o fez na rede de urg\u00eancia de Ilh\u00e9us, articulando junto ao governo do Estado a chegada dos hospitais Costa do Cacau e Materno Infantil, al\u00e9m da UPA da Avenida Esperan\u00e7a que recentemente completou um ano de funcionamento com cerca de 100 mil pessoas atendidas. Com esses instrumentos, Ilh\u00e9us [&hellip;]<\/p>\n","protected":false},"author":2,"featured_media":0,"comment_status":"open","ping_status":"open","sticky":false,"template":"","format":"standard","meta":{"_links_to":"","_links_to_target":""},"categories":[1],"tags":[],"_links":{"self":[{"href":"https:\/\/www.ilheusnoticias.net.br\/v1\/wp-json\/wp\/v2\/posts\/32219"}],"collection":[{"href":"https:\/\/www.ilheusnoticias.net.br\/v1\/wp-json\/wp\/v2\/posts"}],"about":[{"href":"https:\/\/www.ilheusnoticias.net.br\/v1\/wp-json\/wp\/v2\/types\/post"}],"author":[{"embeddable":true,"href":"https:\/\/www.ilheusnoticias.net.br\/v1\/wp-json\/wp\/v2\/users\/2"}],"replies":[{"embeddable":true,"href":"https:\/\/www.ilheusnoticias.net.br\/v1\/wp-json\/wp\/v2\/comments?post=32219"}],"version-history":[{"count":1,"href":"https:\/\/www.ilheusnoticias.net.br\/v1\/wp-json\/wp\/v2\/posts\/32219\/revisions"}],"predecessor-version":[{"id":32223,"href":"https:\/\/www.ilheusnoticias.net.br\/v1\/wp-json\/wp\/v2\/posts\/32219\/revisions\/32223"}],"wp:attachment":[{"href":"https:\/\/www.ilheusnoticias.net.br\/v1\/wp-json\/wp\/v2\/media?parent=32219"}],"wp:term":[{"taxonomy":"category","embeddable":true,"href":"https:\/\/www.ilheusnoticias.net.br\/v1\/wp-json\/wp\/v2\/categories?post=32219"},{"taxonomy":"post_tag","embeddable":true,"href":"https:\/\/www.ilheusnoticias.net.br\/v1\/wp-json\/wp\/v2\/tags?post=32219"}],"curies":[{"name":"wp","href":"https:\/\/api.w.org\/{rel}","templated":true}]}}