{"id":32204,"date":"2023-06-15T06:57:26","date_gmt":"2023-06-15T09:57:26","guid":{"rendered":"https:\/\/www.ilheusnoticias.net.br\/v1\/?p=32204"},"modified":"2023-06-15T06:57:26","modified_gmt":"2023-06-15T09:57:26","slug":"forro-do-comercio-vai-aquecer-vendas-no-centro-de-ilheus-com-foco-no-periodo-junino","status":"publish","type":"post","link":"https:\/\/www.ilheusnoticias.net.br\/v1\/2023\/06\/15\/forro-do-comercio-vai-aquecer-vendas-no-centro-de-ilheus-com-foco-no-periodo-junino\/","title":{"rendered":"&#8220;Forr\u00f3 do Com\u00e9rcio&#8221; vai aquecer vendas no Centro de Ilh\u00e9us com foco no per\u00edodo junino"},"content":{"rendered":"<p class=\"ds_chamada\">O projeto ser\u00e1 realizado nos dias 15 e 16 de junho, na Pra\u00e7a J J Seabra, a partir das 17h<\/p>\n<div class=\"imagem thumbnail col-xs-12 col-sm-8 col-md-6 col-lg-6 imagem-materia\"><a class=\"fresco\" title=\"\" href=\"https:\/\/portalfacilarquivos.blob.core.windows.net\/uploads\/ILHEUS\/imgOrig\/%7B67731B5D-ADC5-EB23-E68D-E17BAB5BC0CC%7D.jpg\" data-fresco-caption=\"\"><img loading=\"lazy\" src=\"https:\/\/portalfacilarquivos.blob.core.windows.net\/uploads\/ILHEUS\/img\/%7B67731B5D-ADC5-EB23-E68D-E17BAB5BC0CC%7D\/%7B67731B5D-ADC5-EB23-E68D-E17BAB5BC0CC%7D_450X650.jpg\" alt=\"forr\u00f3 do com\u00e9rcio; cdl\" width=\"450\" height=\"650\" \/><\/a>Iniciativa da C\u00e2mara dos Dirigentes Lojistas de Ilh\u00e9us (CDL), com apoio da Prefeitura, o Forr\u00f3 do Com\u00e9rcio promete movimentar o centro da cidade e aquecer as vendas com foco nas festas de S\u00e3o Jo\u00e3o e S\u00e3o Pedro. O projeto ser\u00e1 realizado nos dias 15 e 16 de junho, na Pra\u00e7a J J Seabra, a partir das 17h.<\/p>\n<\/div>\n<p>A programa\u00e7\u00e3o inclui shows musicais e comercializa\u00e7\u00e3o de comidas t\u00edpicas. Conforme a CDL, a ideia \u00e9 estimular a participa\u00e7\u00e3o de lojas do com\u00e9rcio local, atrav\u00e9s da decora\u00e7\u00e3o dos estabelecimentos na tem\u00e1tica junina. A proposta visa atrair clientes e aumentar o faturamento durante o per\u00edodo.<\/p>\n<p>Al\u00e9m disso, as tradicionais festas juninas oportunizam a cria\u00e7\u00e3o de empregos tempor\u00e1rios, com destaque para o setor de com\u00e9rcio e servi\u00e7os, respons\u00e1vel por movimentar a maior parte da economia do munic\u00edpio.<\/p>\n<p><strong>O qu\u00ea?\u00a0<\/strong>Forr\u00f3 do Com\u00e9rcio<\/p>\n<p><strong>Onde?\u00a0<\/strong>Pra\u00e7a J J Seabra, Centro<\/p>\n<p><strong>Quando?\u00a0<\/strong>15 e 16 de junho, a partir das 17h<\/p>\n","protected":false},"excerpt":{"rendered":"<p>O projeto ser\u00e1 realizado nos dias 15 e 16 de junho, na Pra\u00e7a J J Seabra, a partir das 17h Iniciativa da C\u00e2mara dos Dirigentes Lojistas de Ilh\u00e9us (CDL), com apoio da Prefeitura, o Forr\u00f3 do Com\u00e9rcio promete movimentar o centro da cidade e aquecer as vendas com foco nas festas de S\u00e3o Jo\u00e3o e [&hellip;]<\/p>\n","protected":false},"author":2,"featured_media":0,"comment_status":"open","ping_status":"open","sticky":false,"template":"","format":"standard","meta":{"_links_to":"","_links_to_target":""},"categories":[1],"tags":[],"_links":{"self":[{"href":"https:\/\/www.ilheusnoticias.net.br\/v1\/wp-json\/wp\/v2\/posts\/32204"}],"collection":[{"href":"https:\/\/www.ilheusnoticias.net.br\/v1\/wp-json\/wp\/v2\/posts"}],"about":[{"href":"https:\/\/www.ilheusnoticias.net.br\/v1\/wp-json\/wp\/v2\/types\/post"}],"author":[{"embeddable":true,"href":"https:\/\/www.ilheusnoticias.net.br\/v1\/wp-json\/wp\/v2\/users\/2"}],"replies":[{"embeddable":true,"href":"https:\/\/www.ilheusnoticias.net.br\/v1\/wp-json\/wp\/v2\/comments?post=32204"}],"version-history":[{"count":1,"href":"https:\/\/www.ilheusnoticias.net.br\/v1\/wp-json\/wp\/v2\/posts\/32204\/revisions"}],"predecessor-version":[{"id":32205,"href":"https:\/\/www.ilheusnoticias.net.br\/v1\/wp-json\/wp\/v2\/posts\/32204\/revisions\/32205"}],"wp:attachment":[{"href":"https:\/\/www.ilheusnoticias.net.br\/v1\/wp-json\/wp\/v2\/media?parent=32204"}],"wp:term":[{"taxonomy":"category","embeddable":true,"href":"https:\/\/www.ilheusnoticias.net.br\/v1\/wp-json\/wp\/v2\/categories?post=32204"},{"taxonomy":"post_tag","embeddable":true,"href":"https:\/\/www.ilheusnoticias.net.br\/v1\/wp-json\/wp\/v2\/tags?post=32204"}],"curies":[{"name":"wp","href":"https:\/\/api.w.org\/{rel}","templated":true}]}}