{"id":32198,"date":"2023-06-12T13:06:29","date_gmt":"2023-06-12T16:06:29","guid":{"rendered":"https:\/\/www.ilheusnoticias.net.br\/v1\/?p=32198"},"modified":"2023-06-12T13:06:29","modified_gmt":"2023-06-12T16:06:29","slug":"no-enem-2023-veja-5-erros-que-voce-nao-pode-cometer-na-hora-da-inscricao","status":"publish","type":"post","link":"https:\/\/www.ilheusnoticias.net.br\/v1\/2023\/06\/12\/no-enem-2023-veja-5-erros-que-voce-nao-pode-cometer-na-hora-da-inscricao\/","title":{"rendered":"No Enem 2023, veja 5 erros que voc\u00ea n\u00e3o pode cometer na hora da inscri\u00e7\u00e3o"},"content":{"rendered":"<div class=\"row content-head non-featured \">\n<div class=\"title\" data-block-type=\"title\" data-block-id=\"0\"><\/div>\n<div class=\"medium-centered subtitle\">\n<h2 class=\"content-head__subtitle\"><span style=\"font-size: 16px;\">Por g1<\/span><\/h2>\n<\/div>\n<\/div>\n<div class=\"mc-article-body\">\n<article>\n<div id=\"chunk-t228\">\n<div class=\"mc-column content-text active-extra-styles active-capital-letter\" data-block-type=\"unstyled\" data-block-weight=\"58\" data-block-id=\"2\">\n<p class=\"content-text__container theme-color-primary-first-letter\" data-track-category=\"Link no Texto\" data-track-links=\"\">N\u00e3o \u00e9 s\u00f3 na hora da prova que voc\u00ea precisa ficar atento. Ao se inscrever para o\u00a0<a class=\"\" href=\"https:\/\/g1.globo.com\/tudo-sobre\/enem\/\">Exame Nacional do Ensino M\u00e9dio<\/a> (Enem) 2023, at\u00e9 16 de junho, \u00e9 preciso ler as instru\u00e7\u00f5es com cuidado (ningu\u00e9m quer escolher a cidade errada e ter de viajar no dia do teste, certo?). Veja abaixo erros que devem ser evitados:<\/p>\n<\/div>\n<\/div>\n<div class=\"wall protected-content\">\n<div class=\"mc-column content-text active-extra-styles\" data-block-type=\"raw\" data-block-weight=\"12\" data-block-id=\"3\">\n<div class=\"content-intertitle\">\n<h2><strong>1- Deixar de fazer a inscri\u00e7\u00e3o porque j\u00e1 est\u00e1 isento da taxa<\/strong><\/h2>\n<\/div>\n<\/div>\n<div id=\"chunk-bir8j\">\n<div class=\"mc-column content-text active-extra-styles \" data-block-type=\"unstyled\" data-block-weight=\"69\" data-block-id=\"4\">\n<p class=\"content-text__container \" data-track-category=\"Link no Texto\" data-track-links=\"\">Todo ano, estudantes da rede p\u00fablica ou pessoas em vulnerabilidade socioecon\u00f4mica (entre outros grupos) podem pedir a isen\u00e7\u00e3o da taxa de inscri\u00e7\u00e3o do Enem. Para a edi\u00e7\u00e3o de 2023,<a class=\"\" href=\"https:\/\/g1.globo.com\/educacao\/noticia\/2023\/05\/08\/resultado-dos-pedidos-de-isencao-da-taxa-do-enem-2023.ghtml\">\u00a0o Inep divulgou os resultados dessas solicita\u00e7\u00f5es em 8 de maio.\u00a0<\/a>Se voc\u00ea conseguiu o benef\u00edcio, n\u00e3o precisar\u00e1 pagar os R$ 85 para participar do Enem, mas<strong>\u00a0ter\u00e1 de se inscrever da mesma forma.\u00a0<\/strong>A isen\u00e7\u00e3o n\u00e3o garante sua participa\u00e7\u00e3o!<\/p>\n<\/div>\n<\/div>\n<div class=\"mc-column content-text active-extra-styles\" data-block-type=\"raw\" data-block-weight=\"6\" data-block-id=\"5\">\n<div class=\"content-intertitle\">\n<h2>2- Informar e-mail e celular errados<\/h2>\n<\/div>\n<p>&nbsp;<\/p>\n<\/div>\n<div id=\"chunk-4qp3q\">\n<div class=\"row medium-uncollapsed content-media content-photo\" data-block-type=\"backstage-photo\" data-block-id=\"6\">\n<div class=\" mc-column  content-media__container\">\n<div class=\"content-media-container glb-skeleton-box\">\n<figure class=\"content-media-figure\"><img class=\"i-amphtml-fill-content i-amphtml-replaced-content\" src=\"https:\/\/s2-g1.glbimg.com\/QWlf7yTnMg8ua9JSarCiBLv9WK0=\/0x0:1291x556\/984x0\/smart\/filters:strip_icc()\/i.s3.glbimg.com\/v1\/AUTH_59edd422c0c84a879bd37670ae4f538a\/internal_photos\/bs\/2023\/O\/8\/jqB3ReSxOaYaT2z0V3UA\/enem.jpg\" sizes=\"(max-width: 1707px) 648px, 100vw\" srcset=\"https:\/\/s2-g1.glbimg.com\/E3ZOIbs9mOOtk3wQB8WV8HabwXk=\/0x0:1291x556\/1000x0\/smart\/filters:strip_icc()\/i.s3.glbimg.com\/v1\/AUTH_59edd422c0c84a879bd37670ae4f538a\/internal_photos\/bs\/2023\/O\/8\/jqB3ReSxOaYaT2z0V3UA\/enem.jpg 1000w, https:\/\/s2-g1.glbimg.com\/QWlf7yTnMg8ua9JSarCiBLv9WK0=\/0x0:1291x556\/984x0\/smart\/filters:strip_icc()\/i.s3.glbimg.com\/v1\/AUTH_59edd422c0c84a879bd37670ae4f538a\/internal_photos\/bs\/2023\/O\/8\/jqB3ReSxOaYaT2z0V3UA\/enem.jpg 984w, https:\/\/s2-g1.glbimg.com\/z5ZjF7iDx66LrDp_9x_vGXQguBA=\/0x0:1291x556\/640x0\/smart\/filters:strip_icc()\/i.s3.glbimg.com\/v1\/AUTH_59edd422c0c84a879bd37670ae4f538a\/internal_photos\/bs\/2023\/O\/8\/jqB3ReSxOaYaT2z0V3UA\/enem.jpg 640w, https:\/\/s2-g1.glbimg.com\/7pmvs7LNMroAZc37Z3NOzesbSig=\/0x0:1291x556\/600x0\/smart\/filters:strip_icc()\/i.s3.glbimg.com\/v1\/AUTH_59edd422c0c84a879bd37670ae4f538a\/internal_photos\/bs\/2023\/O\/8\/jqB3ReSxOaYaT2z0V3UA\/enem.jpg 600w\" alt=\"Comunicados s\u00e3o enviados para e-mail e celular cadastrados pelo candidato \u2014 Foto: Reprodu\u00e7\u00e3o\" \/><\/figure>\n<\/div>\n<p class=\"content-media__description  \">Comunicados s\u00e3o enviados para e-mail e celular cadastrados pelo candidato \u2014 Foto: Reprodu\u00e7\u00e3o<\/p>\n<\/div>\n<\/div>\n<\/div>\n<div id=\"chunk-amd88\">\n<div class=\"mc-column content-text active-extra-styles \" data-block-type=\"unstyled\" data-block-weight=\"47\" data-block-id=\"8\">\n<p class=\"content-text__container \" data-track-category=\"Link no Texto\" data-track-links=\"\">\u00c9 importante preencher os campos de telefone e e-mail corretamente, para receber todos os avisos do Inep referentes ao exame. No edital, o \u00f3rg\u00e3o diz que n\u00e3o se responsabiliza pelo envio de informa\u00e7\u00f5es a terceiros (quando, sem querer, voc\u00ea d\u00e1 o contato que pertence a outra pessoa).<\/p>\n<\/div>\n<\/div>\n<div class=\"mc-column content-text active-extra-styles\" data-block-type=\"raw\" data-block-weight=\"16\" data-block-id=\"9\">\n<div class=\"content-intertitle\">\n<h2>3- Informar o munic\u00edpio de nascen\u00e7a, em vez de dizer o lugar onde far\u00e1 a prova<\/h2>\n<\/div>\n<p>Em certa etapa da inscri\u00e7\u00e3o, o Inep pergunta <strong>em que munic\u00edpio voc\u00ea deseja prestar o Enem<\/strong>. Fique atento para n\u00e3o confundir com sua cidade natal. J\u00e1 pensou se algu\u00e9m nascido em Porto Alegre, mas residente em Fortaleza, faz essa confus\u00e3o? Vai acabar tendo de viajar no dia da prova&#8230;<\/p>\n<\/div>\n<div id=\"chunk-58a97\">\n<div class=\"mc-column content-text active-extra-styles \" data-block-type=\"unstyled\" data-block-weight=\"22\" data-block-id=\"11\">\n<p class=\"content-text__container \" data-track-category=\"Link no Texto\" data-track-links=\"\">Se voc\u00ea cometeu esse erro, ainda d\u00e1 para editar a informa\u00e7\u00e3o na P\u00e1gina do Participante at\u00e9 16 de junho, \u00e0s 23h59.<\/p>\n<\/div>\n<\/div>\n<div id=\"chunk-5ag1h\">\n<div class=\"row medium-uncollapsed content-media content-photo\" data-block-type=\"backstage-photo\" data-block-id=\"12\">\n<div class=\" mc-column  content-media__container\">\n<div class=\"content-media-container glb-skeleton-box\">\n<figure class=\"content-media-figure\"><img class=\"i-amphtml-fill-content i-amphtml-replaced-content\" src=\"https:\/\/s2-g1.glbimg.com\/Qj081K49Euu6-AEhaX6ZLZfyeP4=\/0x0:810x401\/984x0\/smart\/filters:strip_icc()\/i.s3.glbimg.com\/v1\/AUTH_59edd422c0c84a879bd37670ae4f538a\/internal_photos\/bs\/2023\/r\/M\/LPz36iTqiCHE6xZMf6rw\/cidade-onde-fazer-a-prova.jpg\" sizes=\"(max-width: 1707px) 648px, 100vw\" srcset=\"https:\/\/s2-g1.glbimg.com\/VtZFGZBBCIephjXEU1NVPqXGvmc=\/0x0:810x401\/1000x0\/smart\/filters:strip_icc()\/i.s3.glbimg.com\/v1\/AUTH_59edd422c0c84a879bd37670ae4f538a\/internal_photos\/bs\/2023\/r\/M\/LPz36iTqiCHE6xZMf6rw\/cidade-onde-fazer-a-prova.jpg 1000w, https:\/\/s2-g1.glbimg.com\/Qj081K49Euu6-AEhaX6ZLZfyeP4=\/0x0:810x401\/984x0\/smart\/filters:strip_icc()\/i.s3.glbimg.com\/v1\/AUTH_59edd422c0c84a879bd37670ae4f538a\/internal_photos\/bs\/2023\/r\/M\/LPz36iTqiCHE6xZMf6rw\/cidade-onde-fazer-a-prova.jpg 984w, https:\/\/s2-g1.glbimg.com\/xkOIHuKwUAZJynbPYrSPW9bn4_E=\/0x0:810x401\/640x0\/smart\/filters:strip_icc()\/i.s3.glbimg.com\/v1\/AUTH_59edd422c0c84a879bd37670ae4f538a\/internal_photos\/bs\/2023\/r\/M\/LPz36iTqiCHE6xZMf6rw\/cidade-onde-fazer-a-prova.jpg 640w, https:\/\/s2-g1.glbimg.com\/aY-x7B4ELJlBpW7lbHFit5GjpjM=\/0x0:810x401\/600x0\/smart\/filters:strip_icc()\/i.s3.glbimg.com\/v1\/AUTH_59edd422c0c84a879bd37670ae4f538a\/internal_photos\/bs\/2023\/r\/M\/LPz36iTqiCHE6xZMf6rw\/cidade-onde-fazer-a-prova.jpg 600w\" alt=\"Formul\u00e1rio do Enem pergunta em que munic\u00edpio o candidato deseja fazer a prova \u2014 Foto: Reprodu\u00e7\u00e3o\" \/><\/figure>\n<\/div>\n<p class=\"content-media__description  \">Formul\u00e1rio do Enem pergunta em que munic\u00edpio o candidato deseja fazer a prova \u2014 Foto: Reprodu\u00e7\u00e3o<\/p>\n<\/div>\n<\/div>\n<\/div>\n<div class=\"mc-column content-text active-extra-styles\" data-block-type=\"raw\" data-block-weight=\"8\" data-block-id=\"15\">\n<div class=\"content-intertitle\">\n<h2>4- Perder o prazo de pagamento da taxa<\/h2>\n<\/div>\n<\/div>\n<div id=\"chunk-71ljp\">\n<div class=\"mc-column content-text active-extra-styles \" data-block-type=\"unstyled\" data-block-weight=\"45\" data-block-id=\"16\">\n<p class=\"content-text__container \" data-track-category=\"Link no Texto\" data-track-links=\"\"><a class=\"\" href=\"https:\/\/g1.globo.com\/educacao\/enem\/2023\/noticia\/2023\/06\/06\/enem-2023-saiba-quais-as-formas-de-pagamento-da-taxa-de-inscricao-e-tire-suas-duvidas.ghtml\">Seja qual for a forma de pagamento escolhida por voc\u00ea (PIX, boleto ou cart\u00e3o de cr\u00e9dito),<\/a> o prazo final \u00e9 21 de junho. Segundo o edital, mesmo que seja feriado em algum munic\u00edpio e as institui\u00e7\u00f5es banc\u00e1rias estejam fechadas, n\u00e3o haver\u00e1 prorroga\u00e7\u00e3o da data.<\/p>\n<\/div>\n<\/div>\n<div class=\"mc-column content-text active-extra-styles\" data-block-type=\"raw\" data-block-weight=\"6\" data-block-id=\"17\">\n<div class=\"content-intertitle\">\n<h2>5- Errar a l\u00edngua estrangeira escolhida<\/h2>\n<\/div>\n<\/div>\n<div id=\"chunk-7rt1p\">\n<div class=\"mc-column content-text active-extra-styles \" data-block-type=\"unstyled\" data-block-weight=\"37\" data-block-id=\"18\">\n<p class=\"content-text__container \" data-track-category=\"Link no Texto\" data-track-links=\"\">Na prova de Linguagens, das 45 quest\u00f5es, 5 s\u00e3o na l\u00edngua estrangeira escolhida pelo candidato na inscri\u00e7\u00e3o (ingl\u00eas ou espanhol). Por isso, fique atento ao preencher essa etapa do formul\u00e1rio \u2014 n\u00e3o d\u00e1 para alter\u00e1-la depois.<\/p>\n<\/div>\n<\/div>\n<div id=\"chunk-4v8eh\">\n<div class=\"row medium-uncollapsed content-media content-photo\" data-block-type=\"backstage-photo\" data-block-id=\"19\">\n<div class=\" mc-column  content-media__container\">\n<div class=\"content-media-container glb-skeleton-box\">\n<figure class=\"content-media-figure\"><img class=\"i-amphtml-fill-content i-amphtml-replaced-content\" src=\"https:\/\/s2-g1.glbimg.com\/dWid-UO-qYTdAcv3qrWNXQ3uRwc=\/0x0:845x357\/984x0\/smart\/filters:strip_icc()\/i.s3.glbimg.com\/v1\/AUTH_59edd422c0c84a879bd37670ae4f538a\/internal_photos\/bs\/2023\/F\/V\/SlydkLQGAbGtQcBaFWeA\/enem-idioma.jpg\" sizes=\"(max-width: 1707px) 648px, 100vw\" srcset=\"https:\/\/s2-g1.glbimg.com\/8CaKVDbyzNkD_Eaq2OUXGjVRqE0=\/0x0:845x357\/1000x0\/smart\/filters:strip_icc()\/i.s3.glbimg.com\/v1\/AUTH_59edd422c0c84a879bd37670ae4f538a\/internal_photos\/bs\/2023\/F\/V\/SlydkLQGAbGtQcBaFWeA\/enem-idioma.jpg 1000w, https:\/\/s2-g1.glbimg.com\/dWid-UO-qYTdAcv3qrWNXQ3uRwc=\/0x0:845x357\/984x0\/smart\/filters:strip_icc()\/i.s3.glbimg.com\/v1\/AUTH_59edd422c0c84a879bd37670ae4f538a\/internal_photos\/bs\/2023\/F\/V\/SlydkLQGAbGtQcBaFWeA\/enem-idioma.jpg 984w, https:\/\/s2-g1.glbimg.com\/pk2goJ_XjkZqXAfpI0RqX5fRb8M=\/0x0:845x357\/640x0\/smart\/filters:strip_icc()\/i.s3.glbimg.com\/v1\/AUTH_59edd422c0c84a879bd37670ae4f538a\/internal_photos\/bs\/2023\/F\/V\/SlydkLQGAbGtQcBaFWeA\/enem-idioma.jpg 640w, https:\/\/s2-g1.glbimg.com\/qfpRYd5yEz7lL4CM6jMLSAU0fQM=\/0x0:845x357\/600x0\/smart\/filters:strip_icc()\/i.s3.glbimg.com\/v1\/AUTH_59edd422c0c84a879bd37670ae4f538a\/internal_photos\/bs\/2023\/F\/V\/SlydkLQGAbGtQcBaFWeA\/enem-idioma.jpg 600w\" alt=\"Aten\u00e7\u00e3o ao escolher a l\u00edngua estrangeira no momento da inscri\u00e7\u00e3o \u2014 Foto: Reprodu\u00e7\u00e3o\" \/><\/figure>\n<figure class=\"content-media-figure\">Aten\u00e7\u00e3o ao escolher a l\u00edngua estrangeira no momento da inscri\u00e7\u00e3o \u2014 Foto: Reprodu\u00e7\u00e3o<\/figure>\n<\/div>\n<\/div>\n<\/div>\n<\/div>\n<div class=\"mc-column content-text active-extra-styles\" data-block-type=\"raw\" data-block-weight=\"3\" data-block-id=\"21\">\n<div class=\"content-intertitle\">\n<h2>Tira-d\u00favidas do Enem<\/h2>\n<\/div>\n<\/div>\n<div id=\"chunk-dhpsq\">\n<div class=\"mc-column content-text active-extra-styles \" data-block-type=\"unstyled\" data-block-weight=\"21\" data-block-id=\"22\">\n<p class=\"content-text__container \" data-track-category=\"Link no Texto\" data-track-links=\"\"><strong>&#x1f4bb; Em que site fazer a inscri\u00e7\u00e3o?\u00a0<\/strong>\u00c9 s\u00f3 entrar na P\u00e1gina do Participante, em\u00a0<a class=\"\" href=\"https:\/\/enem.inep.gov.br\/participante\/\" target=\"_blank\" rel=\"noopener\">enem.inep.gov.br\/participante<\/a>, at\u00e9 16 de junho.<\/p>\n<\/div>\n<\/div>\n<div id=\"chunk-4vu28\">\n<div class=\"mc-column content-text active-extra-styles \" data-block-type=\"unstyled\" data-block-weight=\"34\" data-block-id=\"23\">\n<p class=\"content-text__container \" data-track-category=\"Link no Texto\" data-track-links=\"\"><strong>&#x1f4b0;Qual \u00e9 o valor da taxa de inscri\u00e7\u00e3o?\u00a0<\/strong>Ela custa R$ 85 e dever\u00e1 ser quitada at\u00e9 21 de junho. Somente ap\u00f3s o pagamento, a inscri\u00e7\u00e3o estar\u00e1 confirmada (veja passo a passo mais abaixo).<\/p>\n<\/div>\n<\/div>\n<div id=\"chunk-bv7rs\">\n<div class=\"mc-column content-text active-extra-styles \" data-block-type=\"unstyled\" data-block-weight=\"19\" data-block-id=\"24\">\n<p class=\"content-text__container \" data-track-category=\"Link no Texto\" data-track-links=\"\"><strong>&#x1f4b2;Quais as formas de pagamento?\u00a0<\/strong>A taxa deve ser paga por boleto, PIX ou cart\u00e3o de cr\u00e9dito.<\/p>\n<\/div>\n<\/div>\n<div id=\"chunk-8atn8\">\n<div class=\"mc-column content-text active-extra-styles \" data-block-type=\"unstyled\" data-block-weight=\"32\" data-block-id=\"25\">\n<p class=\"content-text__container \" data-track-category=\"Link no Texto\" data-track-links=\"\"><strong>&#x2757;Quem est\u00e1 isento da taxa precisa se inscrever no Enem?\u00a0<\/strong>SIM! Mesmo quem conseguiu a isen\u00e7\u00e3o (como os alunos da rede p\u00fablica) precisa se inscrever. Caso contr\u00e1rio, n\u00e3o poder\u00e1 fazer a prova.<\/p>\n<\/div>\n<\/div>\n<div id=\"chunk-bdr5m\">\n<div class=\"mc-column content-text active-extra-styles \" data-block-type=\"unstyled\" data-block-weight=\"58\" data-block-id=\"26\">\n<p class=\"content-text__container \" data-track-category=\"Link no Texto\" data-track-links=\"\"><strong>&#x1f58a;&#xfe0f; Para que serve o Enem?\u00a0<\/strong>Ele \u00e9 uma das principais portas de entrada para a educa\u00e7\u00e3o superior no Brasil, utilizado por institui\u00e7\u00f5es p\u00fablicas e privadas como crit\u00e9rio de sele\u00e7\u00e3o, al\u00e9m de ser um requisito para programas governamentais de aux\u00edlio estudantil. N\u00e3o h\u00e1 como se inscrever no\u00a0<a class=\"\" href=\"https:\/\/g1.globo.com\/tudo-sobre\/sisu\/\">Sisu<\/a>, no Prouni e no\u00a0<a class=\"\" href=\"https:\/\/g1.globo.com\/tudo-sobre\/fies\/\">Fies<\/a>\u00a0sem ter feito o Enem.<\/p>\n<\/div>\n<\/div>\n<div id=\"chunk-aicei\">\n<div class=\"mc-column content-text active-extra-styles \" data-block-type=\"unstyled\" data-block-weight=\"13\" data-block-id=\"27\">\n<p class=\"content-text__container \" data-track-category=\"Link no Texto\" data-track-links=\"\"><strong>&#x1f5d3;&#xfe0f; Quando as provas ser\u00e3o aplicadas?\u00a0<\/strong>Em 5 e 12 de novembro.<\/p>\n<\/div>\n<\/div>\n<div class=\"mc-column content-text active-extra-styles\" data-block-type=\"raw\" data-block-weight=\"4\" data-block-id=\"28\">\n<div class=\"content-intertitle\">\n<h2>Cronograma do Enem 2023<\/h2>\n<\/div>\n<\/div>\n<div class=\"mc-column content-text active-extra-styles\" data-block-type=\"raw\" data-block-weight=\"56\" data-block-id=\"29\">\n<ul class=\"content-unordered-list\">\n<li><strong>Inscri\u00e7\u00f5es<\/strong>: 5\/6 a 16\/06\/2023<\/li>\n<li><strong>Pagamento da taxa de inscri\u00e7\u00e3o<\/strong>: 5\/6 a 21\/6\/2023<\/li>\n<li><strong>Atendimento Especializado e Tratamento pelo Nome Social<\/strong>: Solicita\u00e7\u00e3o- 5\/6 a 16\/6\/2023; Resultado &#8211; 26\/06\/2023; Recurso &#8211; 26\/6 a 30\/6\/2023; Resultado do recurso &#8211; 05\/07\/2023<\/li>\n<li><strong>Aplica\u00e7\u00e3o Enem 2023<\/strong>: 05 e 12\/11\/2023<\/li>\n<li><strong>Aplica\u00e7\u00e3o Enem PPL 2023\/Reaplica\u00e7\u00e3o<\/strong>: 12 e 13\/12\/2023<\/li>\n<li><strong>Divulga\u00e7\u00e3o do Gabarito<\/strong>: 24\/11\/2023<\/li>\n<li><strong>Resultados<\/strong>: 16\/01\/2024<\/li>\n<\/ul>\n<\/div>\n<div class=\"mc-column content-text active-extra-styles\" data-block-type=\"raw\" data-block-weight=\"6\" data-block-id=\"31\">\n<div class=\"content-intertitle\">\n<h2>Dados necess\u00e1rios e etapas da inscri\u00e7\u00e3o<\/h2>\n<\/div>\n<\/div>\n<div id=\"chunk-7hgk3\">\n<div class=\"row medium-uncollapsed content-media content-photo\" data-block-type=\"backstage-photo\" data-block-id=\"32\">\n<div class=\" mc-column  content-media__container\">\n<div class=\"content-media-container glb-skeleton-box\">\n<figure class=\"content-media-figure\"><img class=\"i-amphtml-fill-content i-amphtml-replaced-content\" src=\"https:\/\/s2-g1.glbimg.com\/Uv6VeZdclSnOfWoq4BOW6lS9O9s=\/0x0:778x369\/984x0\/smart\/filters:strip_icc()\/i.s3.glbimg.com\/v1\/AUTH_59edd422c0c84a879bd37670ae4f538a\/internal_photos\/bs\/2023\/U\/Q\/Le5noPTaGSrBCsD1KJJg\/inep.png\" sizes=\"(max-width: 1707px) 648px, 100vw\" srcset=\"https:\/\/s2-g1.glbimg.com\/qwpgHLpqca9i4tFFvTWqXm6S7eI=\/0x0:778x369\/1000x0\/smart\/filters:strip_icc()\/i.s3.glbimg.com\/v1\/AUTH_59edd422c0c84a879bd37670ae4f538a\/internal_photos\/bs\/2023\/U\/Q\/Le5noPTaGSrBCsD1KJJg\/inep.png 1000w, https:\/\/s2-g1.glbimg.com\/Uv6VeZdclSnOfWoq4BOW6lS9O9s=\/0x0:778x369\/984x0\/smart\/filters:strip_icc()\/i.s3.glbimg.com\/v1\/AUTH_59edd422c0c84a879bd37670ae4f538a\/internal_photos\/bs\/2023\/U\/Q\/Le5noPTaGSrBCsD1KJJg\/inep.png 984w, https:\/\/s2-g1.glbimg.com\/OU5hftARIkZOM0K4RTlMKzsHKac=\/0x0:778x369\/640x0\/smart\/filters:strip_icc()\/i.s3.glbimg.com\/v1\/AUTH_59edd422c0c84a879bd37670ae4f538a\/internal_photos\/bs\/2023\/U\/Q\/Le5noPTaGSrBCsD1KJJg\/inep.png 640w, https:\/\/s2-g1.glbimg.com\/bJXDXNyOpPqBTWFeaH1oabE1evU=\/0x0:778x369\/600x0\/smart\/filters:strip_icc()\/i.s3.glbimg.com\/v1\/AUTH_59edd422c0c84a879bd37670ae4f538a\/internal_photos\/bs\/2023\/U\/Q\/Le5noPTaGSrBCsD1KJJg\/inep.png 600w\" alt=\"P\u00e1gina do Participante do Enem 2023 \u2014 Foto: Inep\/Reprodu\u00e7\u00e3o\" \/><\/figure>\n<\/div>\n<p class=\"content-media__description  \">P\u00e1gina do Participante do Enem 2023 \u2014 Foto: Inep\/Reprodu\u00e7\u00e3o<\/p>\n<\/div>\n<\/div>\n<\/div>\n<div id=\"chunk-8dhcf\">\n<div class=\"mc-column content-text active-extra-styles \" data-block-type=\"unstyled\" data-block-weight=\"10\" data-block-id=\"33\">\n<p class=\"content-text__container \" data-track-category=\"Link no Texto\" data-track-links=\"\">Os principais passos para realizar a inscri\u00e7\u00e3o no Enem s\u00e3o:<\/p>\n<\/div>\n<\/div>\n<div class=\"mc-column content-text active-extra-styles\" data-block-type=\"raw\" data-block-weight=\"209\" data-block-id=\"34\">\n<ul class=\"content-unordered-list\">\n<li><strong>Informe seus dados pessoais<\/strong>: Durante a inscri\u00e7\u00e3o, voc\u00ea dever\u00e1 informar o n\u00famero do CPF e a data de nascimento.<\/li>\n<li><strong>Preencha seus dados de contato<\/strong>: Forne\u00e7a um endere\u00e7o de e-mail \u00fanico e v\u00e1lido, assim como um n\u00famero de telefone fixo e\/ou celular v\u00e1lido. O Inep poder\u00e1 utilizar o e-mail cadastrado para enviar informa\u00e7\u00f5es sobre o exame.<\/li>\n<li><strong>Escolha onde quer fazer a prova<\/strong>: Indique o estado e munic\u00edpio onde deseja realizar o exame.<\/li>\n<li><strong>L\u00edngua estrangeira<\/strong>: Selecione a l\u00edngua estrangeira (ingl\u00eas ou espanhol) na qual realizar\u00e1 a prova.<\/li>\n<li><strong>Crie seu cadastro e senha<\/strong>: Utilize o endere\u00e7o\u00a0<a class=\"\" href=\"https:\/\/sso.acesso.gov.br\/\" target=\"_blank\" rel=\"noopener\">https:\/\/sso.acesso.gov.br\/<\/a>\u00a0para criar um cadastro e senha de acesso que ir\u00e1 utilizar na P\u00e1gina do Participante.<\/li>\n<li><strong>Anote a senha em um local seguro<\/strong>, pois voc\u00ea precisar\u00e1 dela para: gerar o boleto com a taxa, que o Inep chama de Guia de Recolhimento da Uni\u00e3o (GRU Cobran\u00e7a); realizar altera\u00e7\u00f5es nos dados cadastrais; acompanhar a inscri\u00e7\u00e3o e obter resultados e outras funcionalidades.<\/li>\n<li><strong>Verifique seus dados e anexe sua foto<\/strong>: Certifique-se de preencher corretamente todas as informa\u00e7\u00f5es solicitadas, incluindo o Question\u00e1rio Socioecon\u00f4mico. Voc\u00ea tamb\u00e9m ter\u00e1 a op\u00e7\u00e3o de anexar uma foto atual, n\u00edtida e individual, seguindo as orienta\u00e7\u00f5es fornecidas.<\/li>\n<li><strong>Confirme os dados e acompanhe a situa\u00e7\u00e3o da inscri\u00e7\u00e3o<\/strong>: Ap\u00f3s concluir a inscri\u00e7\u00e3o, verifique se todos os dados est\u00e3o corretos.<\/li>\n<\/ul>\n<p>&nbsp;<\/p>\n<\/div>\n<div id=\"chunk-9skfv\">\n<div class=\"content-ads content-ads--reveal\" data-block-type=\"ads\" data-block-id=\"35\">\n<div id=\"banner_materia__a5f69ab8-20e2-417f-b318-e6730d52a447\" class=\"tag-manager-publicidade-container mc-has-reveal mc-has-ad-lazyload tag-manager-publicidade-banner_materia__a5f69ab8-20e2-417f-b318-e6730d52a447 tag-manager-publicidade-container--carregado tag-manager-publicidade-container--visivel\" data-id=\"banner_materia__a5f69ab8-20e2-417f-b318-e6730d52a447\" data-google-query-id=\"CP_1iOqNvv8CFZ1DuAQdrFUDsg\">\n<div id=\"google_ads_iframe_\/95377733\/tvg_G1\/Educacao\/Enem_7__container__\"><iframe loading=\"lazy\" id=\"google_ads_iframe_\/95377733\/tvg_G1\/Educacao\/Enem_7\" tabindex=\"0\" title=\"3rd party ad content\" role=\"region\" src=\"https:\/\/68d9abc931c512ad2bfdee0203288945.safeframe.googlesyndication.com\/safeframe\/1-0-40\/html\/container.html\" name=\"\" width=\"970\" height=\"150\" frameborder=\"0\" marginwidth=\"0\" marginheight=\"0\" scrolling=\"no\" sandbox=\"allow-forms allow-popups allow-popups-to-escape-sandbox allow-same-origin allow-scripts allow-top-navigation-by-user-activation\" data-is-safeframe=\"true\" aria-label=\"Advertisement\" data-google-container-id=\"9\" data-load-complete=\"true\" data-mce-fragment=\"1\"><\/iframe><\/div>\n<\/div>\n<\/div>\n<\/div>\n<div class=\"mc-column content-text active-extra-styles\" data-block-type=\"raw\" data-block-weight=\"3\" data-block-id=\"36\">\n<p class=\"content-text__container\">\n<div class=\"content-intertitle\">\n<h2>Disciplinas e hor\u00e1rios<\/h2>\n<\/div>\n<p>&nbsp;<\/p>\n<\/div>\n<div id=\"chunk-90fbt\">\n<div class=\"mc-column content-text active-extra-styles \" data-block-type=\"unstyled\" data-block-weight=\"11\" data-block-id=\"37\">\n<p class=\"content-text__container \" data-track-category=\"Link no Texto\" data-track-links=\"\">Como nos \u00faltimos anos, o Enem ser\u00e1 aplicado em dois domingos.<\/p>\n<\/div>\n<\/div>\n<div id=\"chunk-7ekqg\">\n<div class=\"mc-column content-text active-extra-styles \" data-block-type=\"unstyled\" data-block-weight=\"3\" data-block-id=\"38\">\n<p class=\"content-text__container \" data-track-category=\"Link no Texto\" data-track-links=\"\"><strong>5 de novembro<\/strong><\/p>\n<\/div>\n<\/div>\n<div id=\"chunk-14mtg\">\n<div class=\"mc-column content-text active-extra-styles \" data-block-type=\"unstyled\" data-block-weight=\"4\" data-block-id=\"39\">\n<p class=\"content-text__container \" data-track-category=\"Link no Texto\" data-track-links=\"\">O candidato dever\u00e1 fazer:<\/p>\n<\/div>\n<\/div>\n<div class=\"mc-column content-text active-extra-styles\" data-block-type=\"raw\" data-block-weight=\"20\" data-block-id=\"40\">\n<p class=\"content-text__container\">\n<ul class=\"content-unordered-list\">\n<li>45 quest\u00f5es de linguagens (40 de l\u00edngua portuguesa e 5 de ingl\u00eas ou espanhol);<\/li>\n<li>45 quest\u00f5es de ci\u00eancias humanas;<\/li>\n<li>reda\u00e7\u00e3o.<\/li>\n<\/ul>\n<p>&nbsp;<\/p>\n<\/div>\n<div id=\"chunk-5rlo5\">\n<div class=\"mc-column content-text active-extra-styles \" data-block-type=\"unstyled\" data-block-weight=\"3\" data-block-id=\"41\">\n<p class=\"content-text__container \" data-track-category=\"Link no Texto\" data-track-links=\"\"><strong>20 de novembro<\/strong><\/p>\n<\/div>\n<\/div>\n<div id=\"chunk-6bhtv\">\n<div class=\"mc-column content-text active-extra-styles \" data-block-type=\"unstyled\" data-block-weight=\"3\" data-block-id=\"42\">\n<p class=\"content-text__container \" data-track-category=\"Link no Texto\" data-track-links=\"\">A prova trar\u00e1:<\/p>\n<\/div>\n<\/div>\n<div class=\"mc-column content-text active-extra-styles\" data-block-type=\"raw\" data-block-weight=\"10\" data-block-id=\"43\">\n<p class=\"content-text__container\">\n<ul class=\"content-unordered-list\">\n<li>45 quest\u00f5es de matem\u00e1tica;<\/li>\n<li>45 quest\u00f5es de ci\u00eancias da natureza.<\/li>\n<\/ul>\n<p>&nbsp;<\/p>\n<\/div>\n<div id=\"chunk-b9qqs\">\n<div class=\"mc-column content-text active-extra-styles \" data-block-type=\"unstyled\" data-block-weight=\"9\" data-block-id=\"44\">\n<p class=\"content-text__container \" data-track-category=\"Link no Texto\" data-track-links=\"\"><strong>Veja os hor\u00e1rios de aplica\u00e7\u00e3o (no fuso de Bras\u00edlia):<\/strong><\/p>\n<\/div>\n<\/div>\n<div class=\"mc-column content-text active-extra-styles\" data-block-type=\"raw\" data-block-weight=\"26\" data-block-id=\"45\">\n<p class=\"content-text__container\">\n<ul class=\"content-unordered-list\">\n<li><strong>Abertura dos port\u00f5es:<\/strong>\u00a012h<\/li>\n<li><strong>Fechamento dos port\u00f5es:\u00a0<\/strong>13h<\/li>\n<li><strong>In\u00edcio das provas:\u00a0<\/strong>13h30<\/li>\n<li><strong>T\u00e9rmino das provas no 1\u00ba dia:\u00a0<\/strong>19h<\/li>\n<li><strong>T\u00e9rmino das provas no 2\u00ba dia:\u00a0<\/strong>18h30<\/li>\n<\/ul>\n<\/div>\n<\/div>\n<\/article>\n<\/div>\n","protected":false},"excerpt":{"rendered":"<p>Por g1 N\u00e3o \u00e9 s\u00f3 na hora da prova que voc\u00ea precisa ficar atento. Ao se inscrever para o\u00a0Exame Nacional do Ensino M\u00e9dio (Enem) 2023, at\u00e9 16 de junho, \u00e9 preciso ler as instru\u00e7\u00f5es com cuidado (ningu\u00e9m quer escolher a cidade errada e ter de viajar no dia do teste, certo?). Veja abaixo erros que [&hellip;]<\/p>\n","protected":false},"author":2,"featured_media":0,"comment_status":"open","ping_status":"open","sticky":false,"template":"","format":"standard","meta":{"_links_to":"","_links_to_target":""},"categories":[1],"tags":[],"_links":{"self":[{"href":"https:\/\/www.ilheusnoticias.net.br\/v1\/wp-json\/wp\/v2\/posts\/32198"}],"collection":[{"href":"https:\/\/www.ilheusnoticias.net.br\/v1\/wp-json\/wp\/v2\/posts"}],"about":[{"href":"https:\/\/www.ilheusnoticias.net.br\/v1\/wp-json\/wp\/v2\/types\/post"}],"author":[{"embeddable":true,"href":"https:\/\/www.ilheusnoticias.net.br\/v1\/wp-json\/wp\/v2\/users\/2"}],"replies":[{"embeddable":true,"href":"https:\/\/www.ilheusnoticias.net.br\/v1\/wp-json\/wp\/v2\/comments?post=32198"}],"version-history":[{"count":1,"href":"https:\/\/www.ilheusnoticias.net.br\/v1\/wp-json\/wp\/v2\/posts\/32198\/revisions"}],"predecessor-version":[{"id":32199,"href":"https:\/\/www.ilheusnoticias.net.br\/v1\/wp-json\/wp\/v2\/posts\/32198\/revisions\/32199"}],"wp:attachment":[{"href":"https:\/\/www.ilheusnoticias.net.br\/v1\/wp-json\/wp\/v2\/media?parent=32198"}],"wp:term":[{"taxonomy":"category","embeddable":true,"href":"https:\/\/www.ilheusnoticias.net.br\/v1\/wp-json\/wp\/v2\/categories?post=32198"},{"taxonomy":"post_tag","embeddable":true,"href":"https:\/\/www.ilheusnoticias.net.br\/v1\/wp-json\/wp\/v2\/tags?post=32198"}],"curies":[{"name":"wp","href":"https:\/\/api.w.org\/{rel}","templated":true}]}}